{"id":881,"date":"2023-04-25T05:06:08","date_gmt":"2023-04-25T05:06:08","guid":{"rendered":"https:\/\/ecosdelsur.com\/?p=881"},"modified":"2023-04-25T05:06:08","modified_gmt":"2023-04-25T05:06:08","slug":"educacion-se-realizo-una-reunion-con-amet-en-el-marco-de-la-subcomision-salarial","status":"publish","type":"post","link":"https:\/\/ecosdelsur.com\/?p=881","title":{"rendered":"Educaci\u00f3n: Se realiz\u00f3 una reuni\u00f3n con AMET en el marco de la Subcomisi\u00f3n Salarial"},"content":{"rendered":"<div class=\"itemIntroText\">En la tarde de hoy se llev\u00f3 adelante en Sala de Situaci\u00f3n del Consejo Provincial de Educaci\u00f3n una reuni\u00f3n de la Subcomisi\u00f3n Salarial de la Paritaria Docente con el gremio AMET.<\/div>\n<div class=\"itemFullText\">\n<p>Participaron de la misma, el secretario de Coordinaci\u00f3n Administrativa, Pablo Ru\u00edz; el subsecretario de Educaci\u00f3n T\u00e9cnico Profesional; Rodrigo Gojan y el director General de Nivel Superior, Ariel Vel\u00e1zquez. Por su parte, en representaci\u00f3n de AMET (Asociaci\u00f3n del Magisterio de Ense\u00f1anza T\u00e9cnica), estuvo presente el secretario de Finanzas, H\u00e9ctor Reyes.<\/p>\n<p>Los participantes destacaron la continuidad del di\u00e1logo y el llegar a puntos de encuentro que beneficien a todo el sector docente de la Educaci\u00f3n T\u00e9cnico Profesional.<\/p>\n<p>Durante la reuni\u00f3n, y despu\u00e9s de analizar la viabilidad de los requerimientos planteados, se propuso aumentar el \u00edtem t\u00edtulo en un 30%. Esto representa un aumento real en el salario del 8,11% para todo el sector docente.<\/p>\n<p>En este sentido, todos los docentes de la modalidad de Educaci\u00f3n T\u00e9cnico Profesional percibir\u00e1n un aumento total del 15,11%, con los haberes correspondientes al mes de abril; ya que a este aumento al \u00edtem t\u00edtulo se suma el 7%, de la cl\u00e1usula gatillo (porcentaje de inflaci\u00f3n para regi\u00f3n patag\u00f3nica).<\/p>\n<p>De esta manera, en lo que va del a\u00f1o 2023, el salario docente alcanza un aumento acumulado del 34,13 %; mientras que la inflaci\u00f3n acumulada en el mismo per\u00edodo es de 19,89 %.<\/p>\n<p>Con este incremento, los haberes del mes de abril superar\u00e1n en un 14,25 a la inflaci\u00f3n y representa un recupero salarial del 20,79%.<\/p>\n<p>En referencia a la demanda de AMET vinculada al \u00edtem Seguridad e Higiene para el cargo de Maestro de Taller, se decidi\u00f3 realizar un relevamiento para incluirlos en la pr\u00f3xima liquidaci\u00f3n de haberes.<\/p>\n<p>Con respecto a la creaci\u00f3n y puesta en funcionamiento del Cargo \u201cEncargado de Dep\u00f3sito y Materiales\u201d, se le record\u00f3 al representante de AMET que en la \u00faltima reuni\u00f3n de la Subcomisi\u00f3n Laboral se les entreg\u00f3 una propuesta en relaci\u00f3n a ese cargo y a\u00fan se est\u00e1 a la espera de la respuesta correspondiente por parte de AMET.<\/p>\n<p>Finalmente, se propuso convocar a reuni\u00f3n paritaria para la primera quincena de junio, de acuerdo a lo establecido en el Acuerdo Salarial que actualmente est\u00e1 en vigencia; para evaluar el alcance de la cl\u00e1usula gatillo, los porcentajes otorgados por fuera de ella con respecto a la inflaci\u00f3n y, analizar su continuidad en el segundo semestre.<\/p>\n<p><img decoding=\"async\" class=\"size-medium wp-image-882 aligncenter lazyload\" data-src=\"https:\/\/ecosdelsur.com\/wp-content\/uploads\/2023\/04\/e0db4f286f591b4b8054cf1e0094a51b_XL-300x175.jpg\" alt=\"\" width=\"300\" height=\"175\" data-srcset=\"https:\/\/ecosdelsur.com\/wp-content\/uploads\/2023\/04\/e0db4f286f591b4b8054cf1e0094a51b_XL-300x175.jpg 300w, https:\/\/ecosdelsur.com\/wp-content\/uploads\/2023\/04\/e0db4f286f591b4b8054cf1e0094a51b_XL.jpg 720w\" data-sizes=\"(max-width: 300px) 100vw, 300px\" src=\"data:image\/svg+xml;base64,PHN2ZyB3aWR0aD0iMSIgaGVpZ2h0PSIxIiB4bWxucz0iaHR0cDovL3d3dy53My5vcmcvMjAwMC9zdmciPjwvc3ZnPg==\" style=\"--smush-placeholder-width: 300px; --smush-placeholder-aspect-ratio: 300\/175;\" \/><\/p>\n<\/div>\n","protected":false},"excerpt":{"rendered":"<p>En la tarde de hoy se llev\u00f3 adelante en Sala de Situaci\u00f3n del Consejo Provincial de Educaci\u00f3n una reuni\u00f3n de<\/p>\n","protected":false},"author":8,"featured_media":882,"comment_status":"open","ping_status":"closed","sticky":false,"template":"","format":"standard","meta":{"footnotes":""},"categories":[35],"tags":[],"class_list":["post-881","post","type-post","status-publish","format-standard","has-post-thumbnail","hentry","category-sociedad"],"_links":{"self":[{"href":"https:\/\/ecosdelsur.com\/index.php?rest_route=\/wp\/v2\/posts\/881","targetHints":{"allow":["GET"]}}],"collection":[{"href":"https:\/\/ecosdelsur.com\/index.php?rest_route=\/wp\/v2\/posts"}],"about":[{"href":"https:\/\/ecosdelsur.com\/index.php?rest_route=\/wp\/v2\/types\/post"}],"author":[{"embeddable":true,"href":"https:\/\/ecosdelsur.com\/index.php?rest_route=\/wp\/v2\/users\/8"}],"replies":[{"embeddable":true,"href":"https:\/\/ecosdelsur.com\/index.php?rest_route=%2Fwp%2Fv2%2Fcomments&post=881"}],"version-history":[{"count":0,"href":"https:\/\/ecosdelsur.com\/index.php?rest_route=\/wp\/v2\/posts\/881\/revisions"}],"wp:featuredmedia":[{"embeddable":true,"href":"https:\/\/ecosdelsur.com\/index.php?rest_route=\/wp\/v2\/media\/882"}],"wp:attachment":[{"href":"https:\/\/ecosdelsur.com\/index.php?rest_route=%2Fwp%2Fv2%2Fmedia&parent=881"}],"wp:term":[{"taxonomy":"category","embeddable":true,"href":"https:\/\/ecosdelsur.com\/index.php?rest_route=%2Fwp%2Fv2%2Fcategories&post=881"},{"taxonomy":"post_tag","embeddable":true,"href":"https:\/\/ecosdelsur.com\/index.php?rest_route=%2Fwp%2Fv2%2Ftags&post=881"}],"curies":[{"name":"wp","href":"https:\/\/api.w.org\/{rel}","templated":true}]}}