{"id":877,"date":"2023-04-25T04:58:46","date_gmt":"2023-04-25T04:58:46","guid":{"rendered":"https:\/\/ecosdelsur.com\/?p=877"},"modified":"2023-04-25T04:58:54","modified_gmt":"2023-04-25T04:58:54","slug":"alicia-recibio-a-alumnos-industriales-que-representaron-a-santa-cruz-en-la-feria-it-joven-de-tecnopolis","status":"publish","type":"post","link":"https:\/\/ecosdelsur.com\/?p=877","title":{"rendered":"Alicia recibi\u00f3 a alumnos industriales que representaron a Santa Cruz en la Feria IT Joven de Tecn\u00f3polis"},"content":{"rendered":"<div class=\"itemIntroText\">La Gobernadora Alicia Kirchner, recibi\u00f3 alumnos de la Escuela Industrial N\u00b0 2 \u201cJorge Papatanasi\u201d de Pico Truncado, quienes presentaron un importante proyecto en la mega muestra de tecnolog\u00eda e innovaci\u00f3n en el predio ferial de Tecn\u00f3polis IT Joven. Dicha visita protocolar se llev\u00f3 a cabo, en la tarde de hoy, en el sal\u00f3n Gregores de Casa de Gobierno.<\/div>\n<div class=\"itemFullText\">\n<p>Posterior a dicha reuni\u00f3n, la ministra de Desarrollo Social, Bel\u00e9n Garc\u00eda, destac\u00f3 \u201cla alegr\u00eda y el orgullo de nuestra gobernadora, al recibirlos y poder escuchar la experiencia que vivieron en la mega feria IT Joven de Tecn\u00f3polis\u201d ya que \u201ccada santacruce\u00f1o o santacruce\u00f1a que nos representa en instancias nacionales siempre es nuestro mayor orgullo\u201d.<\/p>\n<p>Por esto mismo, explic\u00f3 que \u201cesta feria surgi\u00f3 de una convocatoria que le hicieron a nuestra gobernadora para participar con \u00e1reas tecnol\u00f3gicas, de juventudes, de emprendedores, de 15 a 25 a\u00f1os\u201d y que \u201cel balance que hacemos con esta visita es super positivo\u201d porque \u201cSanta Cruz fue la \u00fanica que en esta instancia present\u00f3 alumnos, entre otras provincias que s\u00f3lo llev\u00f3 funcionarios, y emprendedores tecnol\u00f3gicos\u201d.<\/p>\n<p>\u201cPara llevar adelante esta actividad, nuestra provincia, desde el Ministerio de Desarrollo y su \u00e1rea de Juventud, articul\u00f3 con la Secretar\u00eda de Modernizaci\u00f3n, el Consejo Provincial de Educaci\u00f3n, y el Instituto de Ciencia y T\u00e9cnica\u201d, enfatiz\u00f3 la funcionaria, apuntando asimismo que \u201cestos son los hechos para crecer que permanentemente se\u00f1ala nuestra gobernadora\u201d y que \u201cnos permiten desarrollarnos y apostar a las generaciones futuras como los alumnos que hoy nos visitan\u201d por lo que \u201cAlicia (Kirchner) les hizo particular \u00e9nfasis en la Beca 60 a\u00f1os, orientadas a carreras espec\u00edficas como las que emprender\u00e1n estos chicos en un pr\u00f3ximo nivel\u201d.<\/p>\n<p>&nbsp;<\/p>\n<p><strong>La experiencia en la feria IT Joven de Tecn\u00f3polis<\/strong><\/p>\n<p>Por su parte, el profesor Carlos Ceballos de la Escuela Industrial N\u00b02, destac\u00f3 que \u201clos tres alumnos con los que viaj\u00e9 a esta instancia, fueron Joaqu\u00edn Real, Agust\u00edn Leguizam\u00f3n, y Sim\u00f3n V\u00e1zquez, quienes pertenecen al sexto a\u00f1o de nuestra instituci\u00f3n\u201d y que \u201cel proyecto que presentaron fue un generador a base de imanes de neodimio\u201d. \u201cNos vamos muy felices de Casa de Gobierno porque la gobernadora y todas las autoridades aqu\u00ed presentes, nos recibieron muy orgullosos de este enorme logro\u201d, concluy\u00f3, el docente.<\/p>\n<p>A su vez, el alumno Joaqu\u00edn Real, precis\u00f3 que \u201cpudimos contarle a la Gobernadora acerca de nuestro proyecto consistente en un generador de electricidad a base de imanes de neodimio,\u201d subrayando que \u201cla innovaci\u00f3n que hicimos fue sustituir los imanes que habitualmente se utilizan por imanes de neodimio que son el doble de potentes, son resistentes a la corrosi\u00f3n, y duran unos 100 a\u00f1os\u201d.<\/p>\n<p>\u201cLa Gobernadora de la Provincia nos felicit\u00f3 y se mostr\u00f3 muy contenta por la innovaci\u00f3n que hicimos con este proyecto energ\u00e9tico\u201d, concluy\u00f3 el alumno de la Escuela Industrial N\u00b0 2 de Pico Truncado.<\/p>\n<p>Cabe destacar que, de este encuentro, tambi\u00e9n participaron la Titular del CPE, Mar\u00eda Cecilia Vel\u00e1zquez; el director provincial de Educaci\u00f3n T\u00e9cnica Profesional del CPE, Rodrigo Gojan; e integrantes del staff del \u00e1rea de la Juventud del de Desarrollo Social de la provincia.<\/p>\n<p>&nbsp;<\/p>\n<\/div>\n","protected":false},"excerpt":{"rendered":"<p>La Gobernadora Alicia Kirchner, recibi\u00f3 alumnos de la Escuela Industrial N\u00b0 2 \u201cJorge Papatanasi\u201d de Pico Truncado, quienes presentaron un<\/p>\n","protected":false},"author":8,"featured_media":878,"comment_status":"open","ping_status":"closed","sticky":false,"template":"","format":"standard","meta":{"footnotes":""},"categories":[33],"tags":[],"class_list":["post-877","post","type-post","status-publish","format-standard","has-post-thumbnail","hentry","category-politica"],"_links":{"self":[{"href":"https:\/\/ecosdelsur.com\/index.php?rest_route=\/wp\/v2\/posts\/877","targetHints":{"allow":["GET"]}}],"collection":[{"href":"https:\/\/ecosdelsur.com\/index.php?rest_route=\/wp\/v2\/posts"}],"about":[{"href":"https:\/\/ecosdelsur.com\/index.php?rest_route=\/wp\/v2\/types\/post"}],"author":[{"embeddable":true,"href":"https:\/\/ecosdelsur.com\/index.php?rest_route=\/wp\/v2\/users\/8"}],"replies":[{"embeddable":true,"href":"https:\/\/ecosdelsur.com\/index.php?rest_route=%2Fwp%2Fv2%2Fcomments&post=877"}],"version-history":[{"count":0,"href":"https:\/\/ecosdelsur.com\/index.php?rest_route=\/wp\/v2\/posts\/877\/revisions"}],"wp:featuredmedia":[{"embeddable":true,"href":"https:\/\/ecosdelsur.com\/index.php?rest_route=\/wp\/v2\/media\/878"}],"wp:attachment":[{"href":"https:\/\/ecosdelsur.com\/index.php?rest_route=%2Fwp%2Fv2%2Fmedia&parent=877"}],"wp:term":[{"taxonomy":"category","embeddable":true,"href":"https:\/\/ecosdelsur.com\/index.php?rest_route=%2Fwp%2Fv2%2Fcategories&post=877"},{"taxonomy":"post_tag","embeddable":true,"href":"https:\/\/ecosdelsur.com\/index.php?rest_route=%2Fwp%2Fv2%2Ftags&post=877"}],"curies":[{"name":"wp","href":"https:\/\/api.w.org\/{rel}","templated":true}]}}