{"id":815,"date":"2023-04-23T16:25:54","date_gmt":"2023-04-23T16:25:54","guid":{"rendered":"https:\/\/ecosdelsur.com\/?p=815"},"modified":"2023-04-24T20:45:35","modified_gmt":"2023-04-24T20:45:35","slug":"petroleros-jerarquicos-junto-a-penta-realizo-una-charla-sobre-salud-prevencion-y-bienestar-de-la-mujer","status":"publish","type":"post","link":"https:\/\/ecosdelsur.com\/?p=815","title":{"rendered":"Petroleros Jer\u00e1rquicos, junto a Penta, realiz\u00f3 una charla sobre \u2018Salud, Prevenci\u00f3n y Bienestar de la Mujer\u2019"},"content":{"rendered":"<p class=\"yiv3062453735MsoNormal\"><b>El Sindicato de la Patagonia Austral que conduce Jos\u00e9 Dante Llugdar, en el marco de su programa \u2018Bienestar\u2019, tom\u00f3 parte de esta actividad conjunta en la jornada del martes 18 de abril.<\/b><b><\/b><\/p>\n<p class=\"yiv3062453735MsoNormal\">La misma tuvo como objetivo dar a conocer y optimizar h\u00e1bitos para prevenir enfermedades cr\u00f3nicas no transmisibles y mejorar la calidad de vida. El encuentro tuvo lugar en la Sede del Centro Recreativo y de Salud de la Instituci\u00f3n, sito en Bouchardo N\u00b01.350 de Comodoro Rivadavia, Chubut.<\/p>\n<p class=\"yiv3062453735MsoNormal\"><span lang=\"ES\">Desde la Secretar\u00eda de Acci\u00f3n Social del Sindicato, su titular B\u00e1rbara Gonz\u00e1lez remarc\u00f3 la importancia de participar en estas charlas: \u201cse viene trabajando desde hace a\u00f1os visitando a las compa\u00f1eras y escuchando las diferentes problem\u00e1ticas que vive la Familia Jer\u00e1rquica y tambi\u00e9n en nuestro propio entorno familiar y de amistad\u201d.<\/span><\/p>\n<p class=\"yiv3062453735MsoNormal\"><span lang=\"ES\">Acompa\u00f1ada en la actividad por la Secretaria Administrativa, Gloria Barrionuevo y el Protesorero, Cristian Nieva, la dirigente expres\u00f3 al t\u00e9rmino de la misma que \u201cnecesitamos que las personas tomen conciencia de la importancia de poder realizarse los chequeos, de aprender a cuidarse y de entender que ni bien se detecten s\u00edntomas, deben acudir tambi\u00e9n a los profesionales m\u00e9dicos, ya que el tiempo de antelaci\u00f3n ayuda mucho a prevenir diagn\u00f3sticos severos\u201d.<\/span><\/p>\n<p class=\"yiv3062453735MsoNormal\"><span lang=\"ES\">Gonz\u00e1lez agradeci\u00f3 el acompa\u00f1amiento de Jos\u00e9 Llugdar en esta clase de iniciativas, como tambi\u00e9n al Cuerpo de Delegados por la difusi\u00f3n realizada del evento, mencionando asimismo a las colaboradoras Ivana Hern\u00e1ndez, Vanesa Naimann y J\u00e9sica Toledo por la ayuda brindada en el aspecto organizativo, dejando un p\u00e1rrafo aparte de gratitud para las Afiliadas que participaron luego de bajar de Yacimiento, como tambi\u00e9n Jubiladas y Delegadas de Chubut y de Santa Cruz.<\/span><\/p>\n<p class=\"yiv3062453735MsoNormal\"><b>Contenidos brindados<\/b><\/p>\n<p class=\"yiv3062453735MsoNormal\">Durante la charla la Dra. Gabriela Cimato mencion\u00f3 que \u201cel c\u00e1ncer de mama, con 22 mil casos\u00a0<span lang=\"ES\">casos nuevos por a\u00f1o, es el m\u00e1s frecuente y la principal causa de muerte por enfermedades oncol\u00f3gicas entre las mujeres\u201d. Adem\u00e1s, coment\u00f3 la importancia de que un diagn\u00f3stico precoz salva vidas.<\/span><\/p>\n<p class=\"yiv3062453735MsoNormal\"><span lang=\"ES\">\u201cTres de cada cuatro pacientes de c\u00e1ncer tienen la posibilidad de curarse si se lo detecta en etapas tempranas con los chequeos m\u00e9dicos habituales\u201d, dijo la especialista, diferenciando entre factores de riesgo modificables y aquellos que no lo son.\u00a0\u201cLos principales factores de riesgo no modificables, es decir, aquellos que no podemos evitar, son ser mujer y la edad, ya que la posibilidad de desarrollar\u00a0c\u00e1ncer de<b>\u00a0<\/b>mama\u00a0aumenta con los a\u00f1os\u201d, determin\u00f3.<\/span><\/p>\n<p class=\"yiv3062453735MsoNormal\">En ese sentido, analiz\u00f3 que\u00a0<span lang=\"ES\">\u201ctener antecedentes familiares de\u00a0c\u00e1ncer de mama<b>\u00a0<\/b>tambi\u00e9n aumenta el riesgo y aclara que el hecho de tener un factor de riesgo no quiere decir que se vaya a desarrollar un\u00a0c\u00e1ncer de mama,<b>\u00a0<\/b>sino que hay mayor riesgo de que eso ocurra.<\/span><\/p>\n<p class=\"yiv3062453735MsoNormal\"><span lang=\"ES\">Por otra parte, el Dr. Sebasti\u00e1n \u00c1balo Araujo habl\u00f3 de c\u00f3mo vivir sanamente por m\u00e1s a\u00f1os. Algunos de los ejemplos que consign\u00f3, fueron la gesti\u00f3n del tiempo y la energ\u00eda, h\u00e1bitos saludables, entrenamiento cerebral y neuropotenciaci\u00f3n. Tambi\u00e9n se explay\u00f3 acerca de qu\u00e9 le pasa a nuestro cuerpo cuando alteramos nuestra cronobiolog\u00eda.<\/span><\/p>\n<p><span lang=\"ES\">Para finalizar, la Lic, Vanesa Mar\u00edn realiz\u00f3 una meditaci\u00f3n con todas las mujeres que participaron de la charla e invit\u00f3 a las meditaciones virtuales que realiza Penta los s\u00e1bados desde las 8 de la ma\u00f1ana a trav\u00e9s de la plataforma Teams. Para participar de la misma, se puede ingresar en la Bio de su Perfil de la red social Instragram (@cempenta), donde se encuentra el link para conectarse. O para m\u00e1s informaci\u00f3n, se puede enviar un correo electr\u00f3nico a\u00a0<\/span><a href=\"mailto:inscripcion@cempenta.com.ar\" target=\"_blank\" rel=\"nofollow noopener noreferrer\"><span lang=\"ES\">inscripcion@cempenta.com.ar<\/span><\/a><\/p>\n<figure id=\"attachment_816\" aria-describedby=\"caption-attachment-816\" style=\"width: 652px\" class=\"wp-caption aligncenter\"><img decoding=\"async\" class=\"wp-image-816 lazyload\" data-src=\"https:\/\/ecosdelsur.com\/wp-content\/uploads\/2023\/04\/Charla-Mujer-1-300x150.jpg\" alt=\"Encuentro\" width=\"652\" height=\"326\" data-srcset=\"https:\/\/ecosdelsur.com\/wp-content\/uploads\/2023\/04\/Charla-Mujer-1-300x150.jpg 300w, https:\/\/ecosdelsur.com\/wp-content\/uploads\/2023\/04\/Charla-Mujer-1-scaled.jpg 1024w, https:\/\/ecosdelsur.com\/wp-content\/uploads\/2023\/04\/Charla-Mujer-1-768x385.jpg 768w, https:\/\/ecosdelsur.com\/wp-content\/uploads\/2023\/04\/Charla-Mujer-1-1536x770.jpg 1536w, https:\/\/ecosdelsur.com\/wp-content\/uploads\/2023\/04\/Charla-Mujer-1-2048x1027.jpg 2048w\" data-sizes=\"(max-width: 652px) 100vw, 652px\" src=\"data:image\/svg+xml;base64,PHN2ZyB3aWR0aD0iMSIgaGVpZ2h0PSIxIiB4bWxucz0iaHR0cDovL3d3dy53My5vcmcvMjAwMC9zdmciPjwvc3ZnPg==\" style=\"--smush-placeholder-width: 652px; --smush-placeholder-aspect-ratio: 652\/326;\" \/><figcaption id=\"caption-attachment-816\" class=\"wp-caption-text\">Mujeres Jer\u00e1rquicas<\/figcaption><\/figure>\n","protected":false},"excerpt":{"rendered":"<p>El Sindicato de la Patagonia Austral que conduce Jos\u00e9 Dante Llugdar, en el marco de su programa \u2018Bienestar\u2019, tom\u00f3 parte<\/p>\n","protected":false},"author":8,"featured_media":816,"comment_status":"open","ping_status":"closed","sticky":false,"template":"","format":"standard","meta":{"footnotes":""},"categories":[35],"tags":[],"class_list":["post-815","post","type-post","status-publish","format-standard","has-post-thumbnail","hentry","category-sociedad"],"_links":{"self":[{"href":"https:\/\/ecosdelsur.com\/index.php?rest_route=\/wp\/v2\/posts\/815","targetHints":{"allow":["GET"]}}],"collection":[{"href":"https:\/\/ecosdelsur.com\/index.php?rest_route=\/wp\/v2\/posts"}],"about":[{"href":"https:\/\/ecosdelsur.com\/index.php?rest_route=\/wp\/v2\/types\/post"}],"author":[{"embeddable":true,"href":"https:\/\/ecosdelsur.com\/index.php?rest_route=\/wp\/v2\/users\/8"}],"replies":[{"embeddable":true,"href":"https:\/\/ecosdelsur.com\/index.php?rest_route=%2Fwp%2Fv2%2Fcomments&post=815"}],"version-history":[{"count":0,"href":"https:\/\/ecosdelsur.com\/index.php?rest_route=\/wp\/v2\/posts\/815\/revisions"}],"wp:featuredmedia":[{"embeddable":true,"href":"https:\/\/ecosdelsur.com\/index.php?rest_route=\/wp\/v2\/media\/816"}],"wp:attachment":[{"href":"https:\/\/ecosdelsur.com\/index.php?rest_route=%2Fwp%2Fv2%2Fmedia&parent=815"}],"wp:term":[{"taxonomy":"category","embeddable":true,"href":"https:\/\/ecosdelsur.com\/index.php?rest_route=%2Fwp%2Fv2%2Fcategories&post=815"},{"taxonomy":"post_tag","embeddable":true,"href":"https:\/\/ecosdelsur.com\/index.php?rest_route=%2Fwp%2Fv2%2Ftags&post=815"}],"curies":[{"name":"wp","href":"https:\/\/api.w.org\/{rel}","templated":true}]}}