{"id":7880,"date":"2023-08-31T04:34:02","date_gmt":"2023-08-31T04:34:02","guid":{"rendered":"https:\/\/ecosdelsur.com\/?p=7880"},"modified":"2023-08-31T04:39:34","modified_gmt":"2023-08-31T04:39:34","slug":"katopodis-una-argentina-grande-se-hace-con-obras-publicas-en-todo-el-territorio-nacional","status":"publish","type":"post","link":"https:\/\/ecosdelsur.com\/?p=7880","title":{"rendered":"Katopodis: \u201cUna Argentina grande se hace con obras p\u00fablicas en todo el territorio nacional\u201d"},"content":{"rendered":"<h5 class=\"itemTitle\"><span style=\"font-size: 16px;\">As\u00ed lo manifest\u00f3, el ministro de Obras P\u00fablicas de la Naci\u00f3n, Gabriel Katopodis, este martes tras el conversatorio denominado \u201cHacia un pacto federal del agua\u201d para luego concretar la firma del documento en el Congreso Nacional del Agua (CONAGUA), organizado por el Instituto Nacional del Agua (INA). <img decoding=\"async\" class=\"alignnone size-full wp-image-7882 lazyload\" data-src=\"https:\/\/ecosdelsur.com\/wp-content\/uploads\/2023\/08\/cato.jpg\" alt=\"\" width=\"796\" height=\"480\" data-srcset=\"https:\/\/ecosdelsur.com\/wp-content\/uploads\/2023\/08\/cato.jpg 796w, https:\/\/ecosdelsur.com\/wp-content\/uploads\/2023\/08\/cato-300x181.jpg 300w, https:\/\/ecosdelsur.com\/wp-content\/uploads\/2023\/08\/cato-768x463.jpg 768w\" data-sizes=\"(max-width: 796px) 100vw, 796px\" src=\"data:image\/svg+xml;base64,PHN2ZyB3aWR0aD0iMSIgaGVpZ2h0PSIxIiB4bWxucz0iaHR0cDovL3d3dy53My5vcmcvMjAwMC9zdmciPjwvc3ZnPg==\" style=\"--smush-placeholder-width: 796px; --smush-placeholder-aspect-ratio: 796\/480;\" \/>La misma tuvo lugar en Centro Cultural Kirchner (CCK) de la Ciudad Aut\u00f3noma de Buenos Aires y cont\u00f3 con la presencia de la Gobernadora Alicia Kirchner.<img decoding=\"async\" class=\"alignnone size-full wp-image-7881 lazyload\" data-src=\"https:\/\/ecosdelsur.com\/wp-content\/uploads\/2023\/08\/20230829_AK_CONGRESO_CONAGUA_2023_18.jpeg\" alt=\"\" width=\"800\" height=\"483\" data-srcset=\"https:\/\/ecosdelsur.com\/wp-content\/uploads\/2023\/08\/20230829_AK_CONGRESO_CONAGUA_2023_18.jpeg 800w, https:\/\/ecosdelsur.com\/wp-content\/uploads\/2023\/08\/20230829_AK_CONGRESO_CONAGUA_2023_18-300x181.jpeg 300w, https:\/\/ecosdelsur.com\/wp-content\/uploads\/2023\/08\/20230829_AK_CONGRESO_CONAGUA_2023_18-768x464.jpeg 768w\" data-sizes=\"(max-width: 800px) 100vw, 800px\" src=\"data:image\/svg+xml;base64,PHN2ZyB3aWR0aD0iMSIgaGVpZ2h0PSIxIiB4bWxucz0iaHR0cDovL3d3dy53My5vcmcvMjAwMC9zdmciPjwvc3ZnPg==\" style=\"--smush-placeholder-width: 800px; --smush-placeholder-aspect-ratio: 800\/483;\" \/><\/span><\/h5>\n<div class=\"itemFullText\">\n<p>En este sentido, el titular de la Cartera de Obras P\u00fablicas de la Naci\u00f3n, indic\u00f3 que \u201ces sobre la gobernanza del agua, como la Argentina piensa en clave de desarrollo a partir de este recurso estrat\u00e9gico y construimos los nuevos consensos que necesita nuestra sociedad en funci\u00f3n de este recurso tan estrat\u00e9gico\u201d.<\/p>\n<p>\u201cCuando planteamos en cada cosa, cada discusi\u00f3n como se desarrolla obra p\u00fablica e infraestructura para que el recurso sea tambi\u00e9n administrado de manera sostenible como lo plantea la Organizaci\u00f3n de las Naciones Unidas (ONU) pero fundamentalmente logramos dentro de nuestro pa\u00eds, lo cual tenemos todas las riquezas, podamos profundizar, seguir encaminando un sendero de territorios m\u00e1s integrados en recurso h\u00eddrico\u201d, manifest\u00f3.<\/p>\n<p>Asimismo, el funcionario nacional se\u00f1al\u00f3: \u201cNosotros entendemos que es fundamental escuchar a los gobernadores en este tema en cuesti\u00f3n. No solamente porque as\u00ed lo decide la Constituci\u00f3n Nacional y pone en cabeza de ellos sus jurisdicciones; la competencia, administraci\u00f3n y propiedad de este recurso estrat\u00e9gico sino porque, adem\u00e1s, son los que todos los d\u00edas se encuentran creando una agenda en el cuidado del agua y construyendo pol\u00edticas en torno a este tema\u201d.<\/p>\n<p>Por otro lado, Katopodis record\u00f3 que \u201clos d\u00edas 6 y 7 de julio la Gobernadora de Santa Cruz, Alicia Kirchner nos acompa\u00f1o en este mismo lugar junto con el Gobernador de Catamarca, Ra\u00fal Jalil, en un seminario donde se plante\u00f3 que se quer\u00eda hacer con la Argentina. En este seminario, se plantearon distintos ejes desde el Ministerio de Obras P\u00fablicas de la Naci\u00f3n y se construy\u00f3 una Agenda de desarrollo integral. Uno de los puntos que se planteo fue el Pacto Federal del Agua\u201d.<\/p>\n<p>Por \u00faltimo, Katopodis expres\u00f3: \u201cEstamos convencidos que la Argentina necesitas m\u00e1s obras p\u00fablicas, no menos. Una Argentina grande se hace con obras publicas en todo el territorio nacional. Como ministro, lo que me permiti\u00f3 llevar adelante m\u00e1s de 6000 obras en todo el pa\u00eds y 3800 terminadas fue gracias a todo el equipo de trabajo del ministerio\u201d.<\/p>\n<p>En dicho encuentro estuvieron presentes la Gobernadora de la provincia de Santa Cruz, Alicia Kirchner; el Gobernador de Santiago del Estero, Gerardo Zamora y el viceGobernador de la provincia de Catamarca, Rub\u00e9n Dusso.<\/p>\n<\/div>\n","protected":false},"excerpt":{"rendered":"<p>As\u00ed lo manifest\u00f3, el ministro de Obras P\u00fablicas de la Naci\u00f3n, Gabriel Katopodis, este martes tras el conversatorio denominado \u201cHacia<\/p>\n","protected":false},"author":8,"featured_media":7883,"comment_status":"open","ping_status":"closed","sticky":false,"template":"","format":"standard","meta":{"footnotes":""},"categories":[38],"tags":[],"class_list":["post-7880","post","type-post","status-publish","format-standard","has-post-thumbnail","hentry","category-espectaculos"],"_links":{"self":[{"href":"https:\/\/ecosdelsur.com\/index.php?rest_route=\/wp\/v2\/posts\/7880","targetHints":{"allow":["GET"]}}],"collection":[{"href":"https:\/\/ecosdelsur.com\/index.php?rest_route=\/wp\/v2\/posts"}],"about":[{"href":"https:\/\/ecosdelsur.com\/index.php?rest_route=\/wp\/v2\/types\/post"}],"author":[{"embeddable":true,"href":"https:\/\/ecosdelsur.com\/index.php?rest_route=\/wp\/v2\/users\/8"}],"replies":[{"embeddable":true,"href":"https:\/\/ecosdelsur.com\/index.php?rest_route=%2Fwp%2Fv2%2Fcomments&post=7880"}],"version-history":[{"count":0,"href":"https:\/\/ecosdelsur.com\/index.php?rest_route=\/wp\/v2\/posts\/7880\/revisions"}],"wp:featuredmedia":[{"embeddable":true,"href":"https:\/\/ecosdelsur.com\/index.php?rest_route=\/wp\/v2\/media\/7883"}],"wp:attachment":[{"href":"https:\/\/ecosdelsur.com\/index.php?rest_route=%2Fwp%2Fv2%2Fmedia&parent=7880"}],"wp:term":[{"taxonomy":"category","embeddable":true,"href":"https:\/\/ecosdelsur.com\/index.php?rest_route=%2Fwp%2Fv2%2Fcategories&post=7880"},{"taxonomy":"post_tag","embeddable":true,"href":"https:\/\/ecosdelsur.com\/index.php?rest_route=%2Fwp%2Fv2%2Ftags&post=7880"}],"curies":[{"name":"wp","href":"https:\/\/api.w.org\/{rel}","templated":true}]}}