{"id":7875,"date":"2023-08-31T04:26:01","date_gmt":"2023-08-31T04:26:01","guid":{"rendered":"https:\/\/ecosdelsur.com\/?p=7875"},"modified":"2023-08-31T04:28:32","modified_gmt":"2023-08-31T04:28:32","slug":"reunion-de-alicia-kirchner-en-enohsa-se-finalizan-varias-obras-de-agua-y-cloacas-en-santa-cruz","status":"publish","type":"post","link":"https:\/\/ecosdelsur.com\/?p=7875","title":{"rendered":"Reuni\u00f3n de Alicia Kirchner en ENOHSA : Se finalizan varias obras de agua y cloacas en Santa Cruz"},"content":{"rendered":"<h5 class=\"itemTitle\"><span style=\"font-size: 16px;\">30\/08\/2023- Durante su visita a Ciudad Aut\u00f3noma de Buenos Aires, la gobernadora de la Provincia, Alicia Kirchner, particip\u00f3 este jueves en una reuni\u00f3n en el Ente Nacional De Obras H\u00eddricas De Saneamiento junto con el subadministrador de ENOHSA, N\u00e9stor Fabi\u00e1n \u00c1lvarez, y el director de Servicios P\u00fablicos Sociedad del Estado, Nicol\u00e1s Michudis.<\/span><\/h5>\n<div class=\"itemFullText\">\n<p>Tras este encuentro, el director del SPSE\u00a0declar\u00f3 que \u201cse han finalizado varias obras, incluyendo una red de agua en Comandante Luis Piedra Buena, dos redes de agua en R\u00edo Gallegos (en los barrios Ayres Argentinos y barrio Patagonia), una red de agua con cierre de mallas en la localidad del Calafate, una obra de redes de cloaca en el barrio Cementerio de Puerto San Juli\u00e1n y tambi\u00e9n en los 300 lotes de zona comercial de San Juli\u00e1n\u201d.<\/p>\n<p>\u201cTambi\u00e9n una red de agua en Jaramillo y una red de agua tanto en Puerto Santa Cruz como en Los Antiguos. Cabe destacar que la provincia est\u00e1 esperando anticipos financieros para dar inicio a otras obras que est\u00e1n previstas dentro de este plan federal\u201d, indic\u00f3.<\/p>\n<p>Finalmente, Michudis se\u00f1al\u00f3 que &#8220;el subadministrador de ENOHSA se comprometi\u00f3 a concretar esos anticipos y a su vez, los certificados pendientes de dichas obras que se encuentran en ejecuci\u00f3n\u201d.<\/p>\n<\/div>\n","protected":false},"excerpt":{"rendered":"<p>30\/08\/2023- Durante su visita a Ciudad Aut\u00f3noma de Buenos Aires, la gobernadora de la Provincia, Alicia Kirchner, particip\u00f3 este jueves<\/p>\n","protected":false},"author":8,"featured_media":7876,"comment_status":"open","ping_status":"closed","sticky":false,"template":"","format":"standard","meta":{"footnotes":""},"categories":[87,35],"tags":[],"class_list":["post-7875","post","type-post","status-publish","format-standard","has-post-thumbnail","hentry","category-provinciales","category-sociedad"],"_links":{"self":[{"href":"https:\/\/ecosdelsur.com\/index.php?rest_route=\/wp\/v2\/posts\/7875","targetHints":{"allow":["GET"]}}],"collection":[{"href":"https:\/\/ecosdelsur.com\/index.php?rest_route=\/wp\/v2\/posts"}],"about":[{"href":"https:\/\/ecosdelsur.com\/index.php?rest_route=\/wp\/v2\/types\/post"}],"author":[{"embeddable":true,"href":"https:\/\/ecosdelsur.com\/index.php?rest_route=\/wp\/v2\/users\/8"}],"replies":[{"embeddable":true,"href":"https:\/\/ecosdelsur.com\/index.php?rest_route=%2Fwp%2Fv2%2Fcomments&post=7875"}],"version-history":[{"count":0,"href":"https:\/\/ecosdelsur.com\/index.php?rest_route=\/wp\/v2\/posts\/7875\/revisions"}],"wp:featuredmedia":[{"embeddable":true,"href":"https:\/\/ecosdelsur.com\/index.php?rest_route=\/wp\/v2\/media\/7876"}],"wp:attachment":[{"href":"https:\/\/ecosdelsur.com\/index.php?rest_route=%2Fwp%2Fv2%2Fmedia&parent=7875"}],"wp:term":[{"taxonomy":"category","embeddable":true,"href":"https:\/\/ecosdelsur.com\/index.php?rest_route=%2Fwp%2Fv2%2Fcategories&post=7875"},{"taxonomy":"post_tag","embeddable":true,"href":"https:\/\/ecosdelsur.com\/index.php?rest_route=%2Fwp%2Fv2%2Ftags&post=7875"}],"curies":[{"name":"wp","href":"https:\/\/api.w.org\/{rel}","templated":true}]}}