{"id":7865,"date":"2023-08-31T04:04:24","date_gmt":"2023-08-31T04:04:24","guid":{"rendered":"https:\/\/ecosdelsur.com\/?p=7865"},"modified":"2023-08-31T04:15:24","modified_gmt":"2023-08-31T04:15:24","slug":"celebracion-de-50-anos-sembrando-arte-de-la-escuela-lino-eneas-spilimbergo-del-cemepa","status":"publish","type":"post","link":"https:\/\/ecosdelsur.com\/?p=7865","title":{"rendered":"Celebraci\u00f3n de 50 a\u00f1os sembrando arte de la Escuela \u201cLino Eneas Spilimbergo\u201d del CEMEPA"},"content":{"rendered":"<p>30\/08\/2023-En un emotivo evento, la Escuela de Bellas Artes \u201cLino Eneas Spilimbergo\u201d del Centro Municipal de Educaci\u00f3n por el Arte (CeMEPA) celebr\u00f3 su 50 Aniversario con una muestra art\u00edstica que recopila d\u00e9cadas de trabajo, creatividad y compromiso con el arte y la educaci\u00f3n en la ciudad de Caleta Olivia, en la provincia de Santa Cruz.<img decoding=\"async\" class=\"alignnone size-full wp-image-7866 lazyload\" data-src=\"https:\/\/ecosdelsur.com\/wp-content\/uploads\/2023\/08\/ceme.jpg\" alt=\"\" width=\"800\" height=\"496\" data-srcset=\"https:\/\/ecosdelsur.com\/wp-content\/uploads\/2023\/08\/ceme.jpg 800w, https:\/\/ecosdelsur.com\/wp-content\/uploads\/2023\/08\/ceme-300x186.jpg 300w, https:\/\/ecosdelsur.com\/wp-content\/uploads\/2023\/08\/ceme-768x476.jpg 768w\" data-sizes=\"(max-width: 800px) 100vw, 800px\" src=\"data:image\/svg+xml;base64,PHN2ZyB3aWR0aD0iMSIgaGVpZ2h0PSIxIiB4bWxucz0iaHR0cDovL3d3dy53My5vcmcvMjAwMC9zdmciPjwvc3ZnPg==\" style=\"--smush-placeholder-width: 800px; --smush-placeholder-aspect-ratio: 800\/496;\" \/><br \/>\nLa Escuela de Cer\u00e1mica del CeMEPA ha demostrado ser un espacio esencial para el desarrollo art\u00edstico y educativo en Caleta Olivia y sus alrededores. A lo largo de sus 50 a\u00f1os, ha brindado a estudiantes de todas las edades la oportunidad de explorar y expresar su creatividad a trav\u00e9s de la cer\u00e1mica y otras disciplinas art\u00edsticas.<img decoding=\"async\" class=\"alignnone size-full wp-image-7870 lazyload\" data-src=\"https:\/\/ecosdelsur.com\/wp-content\/uploads\/2023\/08\/ceme4.jpg\" alt=\"\" width=\"800\" height=\"553\" data-srcset=\"https:\/\/ecosdelsur.com\/wp-content\/uploads\/2023\/08\/ceme4.jpg 800w, https:\/\/ecosdelsur.com\/wp-content\/uploads\/2023\/08\/ceme4-300x207.jpg 300w, https:\/\/ecosdelsur.com\/wp-content\/uploads\/2023\/08\/ceme4-768x531.jpg 768w, https:\/\/ecosdelsur.com\/wp-content\/uploads\/2023\/08\/ceme4-392x272.jpg 392w, https:\/\/ecosdelsur.com\/wp-content\/uploads\/2023\/08\/ceme4-130x90.jpg 130w\" data-sizes=\"(max-width: 800px) 100vw, 800px\" src=\"data:image\/svg+xml;base64,PHN2ZyB3aWR0aD0iMSIgaGVpZ2h0PSIxIiB4bWxucz0iaHR0cDovL3d3dy53My5vcmcvMjAwMC9zdmciPjwvc3ZnPg==\" style=\"--smush-placeholder-width: 800px; --smush-placeholder-aspect-ratio: 800\/553;\" \/><br \/>\nLa secretaria de Cultura, Educaci\u00f3n, Deportes y Juventud y Turismo de la Municipalidad de Caleta Olivia, Sandra D\u00edaz, se uni\u00f3 a docentes, estudiantes y miembros de la comunidad para conmemorar este hito significativo.<br \/>\nLa celebraci\u00f3n reuni\u00f3 a integrantes de todas las edades que han pasado por las distintas escuelas de la ciudad, evidenciando el impacto a lo largo de los a\u00f1os en diferentes generaciones.<img decoding=\"async\" class=\"alignnone size-full wp-image-7868 lazyload\" data-src=\"https:\/\/ecosdelsur.com\/wp-content\/uploads\/2023\/08\/ceme2.jpg\" alt=\"\" width=\"800\" height=\"429\" data-srcset=\"https:\/\/ecosdelsur.com\/wp-content\/uploads\/2023\/08\/ceme2.jpg 800w, https:\/\/ecosdelsur.com\/wp-content\/uploads\/2023\/08\/ceme2-300x161.jpg 300w, https:\/\/ecosdelsur.com\/wp-content\/uploads\/2023\/08\/ceme2-768x412.jpg 768w\" data-sizes=\"(max-width: 800px) 100vw, 800px\" src=\"data:image\/svg+xml;base64,PHN2ZyB3aWR0aD0iMSIgaGVpZ2h0PSIxIiB4bWxucz0iaHR0cDovL3d3dy53My5vcmcvMjAwMC9zdmciPjwvc3ZnPg==\" style=\"--smush-placeholder-width: 800px; --smush-placeholder-aspect-ratio: 800\/429;\" \/><br \/>\n&#8220;Apoyamos y acompa\u00f1amos desde el municipio a esta Escuela de Cer\u00e1mica que ha puesto como consigna &#8217;50 a\u00f1os Sembrando Arte&#8217;. No solo se trata de los que vienen aqu\u00ed a desarrollar su vocaci\u00f3n art\u00edstica, sino tambi\u00e9n de la contribuci\u00f3n a la comunidad en instituciones educativas&#8221; , expres\u00f3 Sandra D\u00edaz durante la celebraci\u00f3n.<br \/>\nLa muestra exhibe una amplia variedad de t\u00e9cnicas y estilos desarrollados a trav\u00e9s de la cer\u00e1mica y la pintura, que han sido transmitidos a estudiantes de todas las edades. Desde ni\u00f1os peque\u00f1os hasta adultos mayores, la escuela ha sido un espacio donde la creatividad, la t\u00e9cnica y la pasi\u00f3n por el arte convergen.<br \/>\nLa subsecretaria de Cultura, Silvia San Pedro, comparti\u00f3 su emoci\u00f3n por el aniversario y destac\u00f3 la importancia de la Escuela de Cer\u00e1mica en la comunidad. &#8220;Es un semillero claramente de artistas\u201d, declar\u00f3.<br \/>\nUno de los momentos m\u00e1s emotivos de la celebraci\u00f3n fue la presencia de Ramona Fern\u00e1ndez, una de las protagonistas de la noche. Fern\u00e1ndez comparti\u00f3 sus recuerdos de cuando ingres\u00f3 a la escuela en 1971 y resalt\u00f3 la importancia de la ense\u00f1anza art\u00edstica en la formaci\u00f3n de identidad y cultura en la provincia de Santa Cruz. &#8220;Hemos tenido diferentes experiencias y despu\u00e9s la vida me llev\u00f3 a la docencia, fui profesora de artes visuales y ahora tambi\u00e9n escritora. Me he dedicado toda mi vida a lo que es el trabajo de la identidad de nuestro pueblo&#8221;, expres\u00f3 Fern\u00e1ndez.<br \/>\nLa muestra conmemorativa estar\u00e1 abierta al p\u00fablico durante varios d\u00edas, ofreciendo una oportunidad \u00fanica para apreciar el trabajo art\u00edstico desarrollado a lo largo de medio siglo. A trav\u00e9s de la cer\u00e1mica, la pintura y otras t\u00e9cnicas, la Escuela del CeMEPA ha dejado una marca perdurable en la comunidad art\u00edstica de Caleta Olivia y m\u00e1s all\u00e1.<\/p>\n","protected":false},"excerpt":{"rendered":"<p>30\/08\/2023-En un emotivo evento, la Escuela de Bellas Artes \u201cLino Eneas Spilimbergo\u201d del Centro Municipal de Educaci\u00f3n por el Arte<\/p>\n","protected":false},"author":8,"featured_media":7869,"comment_status":"open","ping_status":"closed","sticky":false,"template":"","format":"standard","meta":{"footnotes":""},"categories":[38],"tags":[],"class_list":["post-7865","post","type-post","status-publish","format-standard","has-post-thumbnail","hentry","category-espectaculos"],"_links":{"self":[{"href":"https:\/\/ecosdelsur.com\/index.php?rest_route=\/wp\/v2\/posts\/7865","targetHints":{"allow":["GET"]}}],"collection":[{"href":"https:\/\/ecosdelsur.com\/index.php?rest_route=\/wp\/v2\/posts"}],"about":[{"href":"https:\/\/ecosdelsur.com\/index.php?rest_route=\/wp\/v2\/types\/post"}],"author":[{"embeddable":true,"href":"https:\/\/ecosdelsur.com\/index.php?rest_route=\/wp\/v2\/users\/8"}],"replies":[{"embeddable":true,"href":"https:\/\/ecosdelsur.com\/index.php?rest_route=%2Fwp%2Fv2%2Fcomments&post=7865"}],"version-history":[{"count":0,"href":"https:\/\/ecosdelsur.com\/index.php?rest_route=\/wp\/v2\/posts\/7865\/revisions"}],"wp:featuredmedia":[{"embeddable":true,"href":"https:\/\/ecosdelsur.com\/index.php?rest_route=\/wp\/v2\/media\/7869"}],"wp:attachment":[{"href":"https:\/\/ecosdelsur.com\/index.php?rest_route=%2Fwp%2Fv2%2Fmedia&parent=7865"}],"wp:term":[{"taxonomy":"category","embeddable":true,"href":"https:\/\/ecosdelsur.com\/index.php?rest_route=%2Fwp%2Fv2%2Fcategories&post=7865"},{"taxonomy":"post_tag","embeddable":true,"href":"https:\/\/ecosdelsur.com\/index.php?rest_route=%2Fwp%2Fv2%2Ftags&post=7865"}],"curies":[{"name":"wp","href":"https:\/\/api.w.org\/{rel}","templated":true}]}}