{"id":7857,"date":"2023-08-30T23:04:27","date_gmt":"2023-08-30T23:04:27","guid":{"rendered":"https:\/\/ecosdelsur.com\/?p=7857"},"modified":"2023-09-01T00:14:09","modified_gmt":"2023-09-01T00:14:09","slug":"gremio-perolero-realizo-otro-operativo-de-saneamiento","status":"publish","type":"post","link":"https:\/\/ecosdelsur.com\/?p=7857","title":{"rendered":"Gremio Petrolero realiz\u00f3 otro operativo de saneamiento"},"content":{"rendered":"<p>30\/08\/2023- El Sindicato Petrolero, Gas Privado y Energ\u00edas Renovables que lidera el gobernador electo Claudio Vidal, contin\u00faa llevando adelante campa\u00f1as de saneamiento ambiental en Caleta Olivia.<\/p>\n<p>A trav\u00e9s de un informe de prensa, la entidad sindical se\u00f1ala que estas acciones responden a las alertas emitidas por vecinos y afiliados sobre el problema de la acumulaci\u00f3n de residuos urbanos y restos de chatarras en diferentes \u00e1reas de la ciudad.<\/p>\n<p>Al respecto, el referente del \u00e1rea Medio Ambiente del gremio, Luis Melo, agradeci\u00f3 el apoyo de los dirigentes de comisi\u00f3n directiva, Rafael G\u00fcenchen\u00e9n y Pablo Carrizo que aportaron la log\u00edstica para esta nueva campa\u00f1a.<\/p>\n<p>Asimismo, precis\u00f3 durante el fin de semana las tareas se centraron en el humedal sur, ubicado en proximidades del puerto Caleta Paula y la Ruta Nacional N\u00b0 3<\/p>\n<p>\u201cEs dable se\u00f1alar que se sector tiene un gran potencial como observatorio natural de fauna y flora y adem\u00e1s es necesario generar un sentido de pertenencia por nuestras actividades productivas como la pesca que se concentra en el puerto\u201d indic\u00f3 el dirigente.<\/p>\n<p>\u201cAll\u00ed hab\u00eda una gran a acumulaci\u00f3n de residuos, principalmente bolsas de nylon, lo que causa alteraciones y pone en riego la flora y la fauna de la zona\u201d, puntualiz\u00f3.<img decoding=\"async\" class=\"alignnone size-large wp-image-7858 lazyload\" data-src=\"https:\/\/ecosdelsur.com\/wp-content\/uploads\/2023\/08\/basura1-1024x774.jpg\" alt=\"\" width=\"800\" height=\"605\" data-srcset=\"https:\/\/ecosdelsur.com\/wp-content\/uploads\/2023\/08\/basura1-scaled.jpg 1024w, https:\/\/ecosdelsur.com\/wp-content\/uploads\/2023\/08\/basura1-300x227.jpg 300w, https:\/\/ecosdelsur.com\/wp-content\/uploads\/2023\/08\/basura1-768x580.jpg 768w\" data-sizes=\"(max-width: 800px) 100vw, 800px\" src=\"data:image\/svg+xml;base64,PHN2ZyB3aWR0aD0iMSIgaGVpZ2h0PSIxIiB4bWxucz0iaHR0cDovL3d3dy53My5vcmcvMjAwMC9zdmciPjwvc3ZnPg==\" style=\"--smush-placeholder-width: 800px; --smush-placeholder-aspect-ratio: 800\/605;\" \/><\/p>\n<p>Al mismo tiempo evalu\u00f3 que \u201cun factor contribuyentes esta problem\u00e1tica es la falta de infraestructura en el repositorio municipal y la nula gesti\u00f3n de los residuos domiciliarios por parte de la municipalidad\u201d.<img decoding=\"async\" class=\"alignnone size-large wp-image-7859 lazyload\" data-src=\"https:\/\/ecosdelsur.com\/wp-content\/uploads\/2023\/08\/basura2-1024x606.jpg\" alt=\"\" width=\"800\" height=\"473\" data-srcset=\"https:\/\/ecosdelsur.com\/wp-content\/uploads\/2023\/08\/basura2-scaled.jpg 1024w, https:\/\/ecosdelsur.com\/wp-content\/uploads\/2023\/08\/basura2-300x178.jpg 300w, https:\/\/ecosdelsur.com\/wp-content\/uploads\/2023\/08\/basura2-768x455.jpg 768w\" data-sizes=\"(max-width: 800px) 100vw, 800px\" src=\"data:image\/svg+xml;base64,PHN2ZyB3aWR0aD0iMSIgaGVpZ2h0PSIxIiB4bWxucz0iaHR0cDovL3d3dy53My5vcmcvMjAwMC9zdmciPjwvc3ZnPg==\" style=\"--smush-placeholder-width: 800px; --smush-placeholder-aspect-ratio: 800\/473;\" \/><\/p>\n<p>\u201cHay que tener en cuenta que los vientos predominantes del sector oeste provocan a dispersi\u00f3n de bolsas de nylon otros residuos livianos desde ese repositorio, llev\u00e1ndolos hacia el humedal sur, lo cual agrava acumulaci\u00f3n de desechos y amenaza el equilibrio del ecosistema local\u201d, advirti\u00f3.<\/p>\n<p>Respecto a la log\u00edstica para estas campa\u00f1as de saneamiento, indic\u00f3 que la misma involucra la movilizaci\u00f3n de equipos m\u00f3viles y recursos humanos para la recolecci\u00f3n y la deposici\u00f3n adecuada de los residuos.<\/p>\n<p>Finalmente sostuvo que \u201ccomo integrantes de a comunidad, no podemos estar ajenos a la problem\u00e1ticas de todos los vecinos y nos comprometemos a seguir trabajando para una Caleta Olivia que merezca ser vivida\u201d<\/p>\n","protected":false},"excerpt":{"rendered":"<p>30\/08\/2023- El Sindicato Petrolero, Gas Privado y Energ\u00edas Renovables que lidera el gobernador electo Claudio Vidal, contin\u00faa llevando adelante campa\u00f1as<\/p>\n","protected":false},"author":8,"featured_media":7860,"comment_status":"open","ping_status":"closed","sticky":false,"template":"","format":"standard","meta":{"footnotes":""},"categories":[87,35],"tags":[],"class_list":["post-7857","post","type-post","status-publish","format-standard","has-post-thumbnail","hentry","category-provinciales","category-sociedad"],"_links":{"self":[{"href":"https:\/\/ecosdelsur.com\/index.php?rest_route=\/wp\/v2\/posts\/7857","targetHints":{"allow":["GET"]}}],"collection":[{"href":"https:\/\/ecosdelsur.com\/index.php?rest_route=\/wp\/v2\/posts"}],"about":[{"href":"https:\/\/ecosdelsur.com\/index.php?rest_route=\/wp\/v2\/types\/post"}],"author":[{"embeddable":true,"href":"https:\/\/ecosdelsur.com\/index.php?rest_route=\/wp\/v2\/users\/8"}],"replies":[{"embeddable":true,"href":"https:\/\/ecosdelsur.com\/index.php?rest_route=%2Fwp%2Fv2%2Fcomments&post=7857"}],"version-history":[{"count":0,"href":"https:\/\/ecosdelsur.com\/index.php?rest_route=\/wp\/v2\/posts\/7857\/revisions"}],"wp:featuredmedia":[{"embeddable":true,"href":"https:\/\/ecosdelsur.com\/index.php?rest_route=\/wp\/v2\/media\/7860"}],"wp:attachment":[{"href":"https:\/\/ecosdelsur.com\/index.php?rest_route=%2Fwp%2Fv2%2Fmedia&parent=7857"}],"wp:term":[{"taxonomy":"category","embeddable":true,"href":"https:\/\/ecosdelsur.com\/index.php?rest_route=%2Fwp%2Fv2%2Fcategories&post=7857"},{"taxonomy":"post_tag","embeddable":true,"href":"https:\/\/ecosdelsur.com\/index.php?rest_route=%2Fwp%2Fv2%2Ftags&post=7857"}],"curies":[{"name":"wp","href":"https:\/\/api.w.org\/{rel}","templated":true}]}}