{"id":7762,"date":"2023-08-29T20:16:11","date_gmt":"2023-08-29T20:16:11","guid":{"rendered":"https:\/\/ecosdelsur.com\/?p=7762"},"modified":"2023-08-29T20:18:30","modified_gmt":"2023-08-29T20:18:30","slug":"conagua-2023-alicia-firmara-el-documento-hacia-un-pacto-federal-del-agua-este-martes","status":"publish","type":"post","link":"https:\/\/ecosdelsur.com\/?p=7762","title":{"rendered":"CONAGUA 2023: Alicia firmar\u00e1 el documento \u201cHacia un Pacto Federal del Agua\u201d este martes"},"content":{"rendered":"<h5 class=\"itemTitle\"><span style=\"font-size: 16px;\">29\/08\/2023- La gobernadora Alicia Kirchner se har\u00e1 presente ma\u00f1ana en el Congreso Nacional del Agua (CONAGUA), organizado por el Instituto Nacional del Agua (INA) del Ministerio de Obras P\u00fablicas de la Naci\u00f3n (MOP), en el Centro Cultural Kirchner (CCK) en Buenos Aires. Adem\u00e1s de exponer en el conversatorio que ser\u00e1 moderado por el ministro de Obras P\u00fablicas de la Naci\u00f3n, Gabriel Katopodis, firmar\u00e1 junto a sus pares de las dem\u00e1s provincias participantes, un importante documento relacionado con los recursos h\u00eddricos y las acciones conjuntas a desarrollar.<\/span><\/h5>\n<div class=\"itemFullText\">\n<p>Con la presencia del presidente, Alberto Fern\u00e1ndez y el ministro de Obras P\u00fablicas de la Naci\u00f3n, Gabriel Katopodis, se concret\u00f3 hoy la apertura de la XXVII\u00aa Edici\u00f3n del Congreso Nacional del Agua (CONAGUA) en el Centro Cultural Kirchner (CCK) en la Ciudad Aut\u00f3noma de Buenos Aires. Este encuentro que tiene como lema \u201cHacia una gesti\u00f3n sostenible e inclusiva\u201d, congregar\u00e1 hasta el mi\u00e9rcoles 30 de agosto a gobernadores y gobernadoras, autoridades provinciales y municipales, junto a profesionales del pa\u00eds y de Am\u00e9rica Latina.<\/p>\n<p>En esta ocasi\u00f3n, la provincia de Santa Cruz se har\u00e1 presente a trav\u00e9s de la gobernadora Alicia Kirchner, quien participar\u00e1 del conversatorio denominado \u201cHacia un pacto federal del agua\u201d. El mismo ser\u00e1 encabezado por el Titular de la Cartera de Obras P\u00fablicas de la Naci\u00f3n, y tendr\u00e1 lugar este martes a las 17:45 en la c\u00fapula del CCK.<\/p>\n<p>Es importante resaltar que esta propuesta que reunir\u00e1 tambi\u00e9n a mandatarios de otras provincias, tiene como finalidad abordar la importancia de las obras hidr\u00e1ulicas con un enfoque federal, las brechas cubiertas durante los cuatro a\u00f1os de gesti\u00f3n y los desaf\u00edos que se plantean en la articulaci\u00f3n intergubernamental para gestionar los recursos h\u00eddricos de un modo eficiente y solidario. En ese marco, se firmar\u00e1 el documento \u201cHacia un Pacto Federal del Agua\u201d.<\/p>\n<p><strong>Del Congreso<\/strong><\/p>\n<p>El CONAGUA 2023, promovido en forma sistem\u00e1tica desde 1963 por el Comit\u00e9 Permanente de los Congresos Nacionales del Agua (CPCNA), es el encuentro t\u00e9cnico-cient\u00edfico y de gesti\u00f3n del agua de mayor tradici\u00f3n en Argentina. Posee un car\u00e1cter nacional y federal, cubriendo pr\u00e1cticamente todas las tem\u00e1ticas dentro de los recursos h\u00eddricos.<\/p>\n<p>El CONAGUA 2023 propone reunir a las y los actores de organismos de gobierno, academia, ciencia, tecnolog\u00eda y sociedad a debatir los temas estrat\u00e9gicos para el pa\u00eds y la regi\u00f3n en materia de investigaci\u00f3n, innovaci\u00f3n y gesti\u00f3n del agua.<\/p>\n<p>Con el lema \u201cHacia una gesti\u00f3n h\u00eddrica sostenible e inclusiva\u201d, la XXVII\u00aa Edici\u00f3n del CONAGUA se plantea como un espacio de di\u00e1logo y de colaboraci\u00f3n a fin de compartir experiencias, movilizar la cooperaci\u00f3n y aportar soluciones concretas a diversas escalas para avanzar hacia la sustentabilidad hidroambiental, al tiempo de promover una iniciativa de valoraci\u00f3n del agua.<\/p>\n<\/div>\n","protected":false},"excerpt":{"rendered":"<p>29\/08\/2023- La gobernadora Alicia Kirchner se har\u00e1 presente ma\u00f1ana en el Congreso Nacional del Agua (CONAGUA), organizado por el Instituto<\/p>\n","protected":false},"author":8,"featured_media":7763,"comment_status":"open","ping_status":"closed","sticky":false,"template":"","format":"standard","meta":{"footnotes":""},"categories":[33],"tags":[],"class_list":["post-7762","post","type-post","status-publish","format-standard","has-post-thumbnail","hentry","category-politica"],"_links":{"self":[{"href":"https:\/\/ecosdelsur.com\/index.php?rest_route=\/wp\/v2\/posts\/7762","targetHints":{"allow":["GET"]}}],"collection":[{"href":"https:\/\/ecosdelsur.com\/index.php?rest_route=\/wp\/v2\/posts"}],"about":[{"href":"https:\/\/ecosdelsur.com\/index.php?rest_route=\/wp\/v2\/types\/post"}],"author":[{"embeddable":true,"href":"https:\/\/ecosdelsur.com\/index.php?rest_route=\/wp\/v2\/users\/8"}],"replies":[{"embeddable":true,"href":"https:\/\/ecosdelsur.com\/index.php?rest_route=%2Fwp%2Fv2%2Fcomments&post=7762"}],"version-history":[{"count":0,"href":"https:\/\/ecosdelsur.com\/index.php?rest_route=\/wp\/v2\/posts\/7762\/revisions"}],"wp:featuredmedia":[{"embeddable":true,"href":"https:\/\/ecosdelsur.com\/index.php?rest_route=\/wp\/v2\/media\/7763"}],"wp:attachment":[{"href":"https:\/\/ecosdelsur.com\/index.php?rest_route=%2Fwp%2Fv2%2Fmedia&parent=7762"}],"wp:term":[{"taxonomy":"category","embeddable":true,"href":"https:\/\/ecosdelsur.com\/index.php?rest_route=%2Fwp%2Fv2%2Fcategories&post=7762"},{"taxonomy":"post_tag","embeddable":true,"href":"https:\/\/ecosdelsur.com\/index.php?rest_route=%2Fwp%2Fv2%2Ftags&post=7762"}],"curies":[{"name":"wp","href":"https:\/\/api.w.org\/{rel}","templated":true}]}}