{"id":7754,"date":"2023-08-29T18:18:56","date_gmt":"2023-08-29T18:18:56","guid":{"rendered":"https:\/\/ecosdelsur.com\/?p=7754"},"modified":"2023-08-29T18:19:14","modified_gmt":"2023-08-29T18:19:14","slug":"el-municipio-presento-la-puesta-en-valor-del-monumento-al-obrero-petrolero-el-gorosito","status":"publish","type":"post","link":"https:\/\/ecosdelsur.com\/?p=7754","title":{"rendered":"El Municipio present\u00f3 la puesta en valor del Monumento al Obrero Petrolero &#8220;El Gorosito&#8221;"},"content":{"rendered":"<p>29\/08\/2023-<\/p>\n<p>Culmin\u00f3 la restauraci\u00f3n de este emblem\u00e1tico s\u00edmbolo para Caleta Olivia. Durante la tarde de este lunes 28 de agosto, qued\u00f3 oficialmente presentada una parte de la obra de remodelaci\u00f3n y embellecimiento de la plazoleta donde se encuentra el monumento al Obrero Petrolero, un \u00edcono de la ciudad.<img decoding=\"async\" class=\"alignnone size-full wp-image-7757 lazyload\" data-src=\"https:\/\/ecosdelsur.com\/wp-content\/uploads\/2023\/08\/cifu-6.jpg\" alt=\"\" width=\"1024\" height=\"640\" data-srcset=\"https:\/\/ecosdelsur.com\/wp-content\/uploads\/2023\/08\/cifu-6.jpg 1024w, https:\/\/ecosdelsur.com\/wp-content\/uploads\/2023\/08\/cifu-6-300x188.jpg 300w, https:\/\/ecosdelsur.com\/wp-content\/uploads\/2023\/08\/cifu-6-768x480.jpg 768w\" data-sizes=\"(max-width: 1024px) 100vw, 1024px\" src=\"data:image\/svg+xml;base64,PHN2ZyB3aWR0aD0iMSIgaGVpZ2h0PSIxIiB4bWxucz0iaHR0cDovL3d3dy53My5vcmcvMjAwMC9zdmciPjwvc3ZnPg==\" style=\"--smush-placeholder-width: 1024px; --smush-placeholder-aspect-ratio: 1024\/640;\" \/><br \/>\nSe trata de una obra que comenz\u00f3 a ejecutarse en el mes de marzo y avanz\u00f3 con buen ritmo de ejecuci\u00f3n, el objetivo de esta iniciativa, es generar un impacto social, en el uso de un espacio tan hist\u00f3rico y querido por todos los vecinos y vecinas. Adem\u00e1s, busca poner en valor al monumento como s\u00edmbolo nacional del petr\u00f3leo, al igual que a los principales protagonistas que estuvieron a cargo del proyecto inicial.<img decoding=\"async\" class=\"alignnone size-full wp-image-7756 lazyload\" data-src=\"https:\/\/ecosdelsur.com\/wp-content\/uploads\/2023\/08\/cifu-5.jpg\" alt=\"\" width=\"1024\" height=\"602\" data-srcset=\"https:\/\/ecosdelsur.com\/wp-content\/uploads\/2023\/08\/cifu-5.jpg 1024w, https:\/\/ecosdelsur.com\/wp-content\/uploads\/2023\/08\/cifu-5-300x176.jpg 300w, https:\/\/ecosdelsur.com\/wp-content\/uploads\/2023\/08\/cifu-5-768x452.jpg 768w\" data-sizes=\"(max-width: 1024px) 100vw, 1024px\" src=\"data:image\/svg+xml;base64,PHN2ZyB3aWR0aD0iMSIgaGVpZ2h0PSIxIiB4bWxucz0iaHR0cDovL3d3dy53My5vcmcvMjAwMC9zdmciPjwvc3ZnPg==\" style=\"--smush-placeholder-width: 1024px; --smush-placeholder-aspect-ratio: 1024\/602;\" \/><br \/>\nLos trabajos se centraron en la identidad visual e incorporaci\u00f3n de materiales de uso intensivo, bancos, luminarias, pisos, cordones, sendas, rampas, se integraron macetas y un sistema de riego. En el sector de permanencia, se llev\u00f3 a cabo una plaza c\u00edvica donde se prev\u00e9 el encuentro de todos y todas las caletenses. Tambi\u00e9n, en ese espacio se incorporaron las letras corp\u00f3reas y la carteler\u00eda hist\u00f3rica con material que fue aportado por la familia de Ram\u00f3n V\u00edctor Ceballos.<img decoding=\"async\" class=\"alignnone size-full wp-image-7758 lazyload\" data-src=\"https:\/\/ecosdelsur.com\/wp-content\/uploads\/2023\/08\/cifu-8.jpg\" alt=\"\" width=\"1024\" height=\"678\" data-srcset=\"https:\/\/ecosdelsur.com\/wp-content\/uploads\/2023\/08\/cifu-8.jpg 1024w, https:\/\/ecosdelsur.com\/wp-content\/uploads\/2023\/08\/cifu-8-300x199.jpg 300w, https:\/\/ecosdelsur.com\/wp-content\/uploads\/2023\/08\/cifu-8-768x509.jpg 768w\" data-sizes=\"(max-width: 1024px) 100vw, 1024px\" src=\"data:image\/svg+xml;base64,PHN2ZyB3aWR0aD0iMSIgaGVpZ2h0PSIxIiB4bWxucz0iaHR0cDovL3d3dy53My5vcmcvMjAwMC9zdmciPjwvc3ZnPg==\" style=\"--smush-placeholder-width: 1024px; --smush-placeholder-aspect-ratio: 1024\/678;\" \/><br \/>\nDurante el acto de presentaci\u00f3n de la obra, el intendente de Caleta Olivia Fernando Cotillo, destac\u00f3 la restauraci\u00f3n de este Monumento hist\u00f3rico que hace a la identidad de Caleta Olivia. Adem\u00e1s, record\u00f3 a quienes impulsaron esta acci\u00f3n hace 53 a\u00f1os.<br \/>\n\u201cHace exactamente 19 a\u00f1os que ve\u00edamos estas im\u00e1genes y que no se lo tocaba. Nosotros asumimos la Intendencia por primera vez, ya va a ser 20 a\u00f1os y fue lo primero que hicimos\u201d, se\u00f1al\u00f3.<br \/>\nEn ese entonces, con la presidencia de N\u00e9stor Kirchner, se pudo obtener un informe t\u00e9cnico para poder comenzar con los arreglos del monumento que fue inaugurado un 13 de diciembre de 1969.<br \/>\nA su vez, el intendente remarc\u00f3, que actualmente se pudo articular el financiamiento de la obra con el aporte del gobierno provincial, \u201clo estamos haciendo con dinero de la Municipalidad y logramos que la provincia financie la otra parte\u201d.<br \/>\nAsimismo, manifest\u00f3 la importancia de ponerlo en valor nuevamente y a los obreros que hicieron posible esta historia, \u201c hemos tenido tantos legisladores nacionales de aqu\u00ed de Santa Cruz y nunca han hecho la gesti\u00f3n para que nuestro monumento al obrero petrolero sea declarado Monumento Nacional, creo que lo merecemos. El Gorosito tendr\u00eda que ser un monumento nacional, por lo que significa para la Argentina. Hoy lo que pretendemos es recordar a los que trabajaron ac\u00e1\u201d, dijo<br \/>\nPor su parte, Walter Cifuentes, quien es hijo del autor intelectual de la obra, Jos\u00e9 Mar\u00eda Cifuentes, agradeci\u00f3 la oportunidad de brindar palabras a la comunidad y valor\u00f3 el trabajo que se llev\u00f3 adelante por la decisi\u00f3n del intendente Cotillo, \u201ceste peque\u00f1o recuento de la historia del monumento que muchos desconocen\u201d.<br \/>\n\u201cMi padre ten\u00eda 25 a\u00f1os. Si nos ponemos a pensar esto ,hoy ser\u00eda una obra sencilla de hacerla, pero en esos a\u00f1os, los a\u00f1os 60, era impensado. Es una alegr\u00eda. Ver a don Rementer\u00eda, gente tan querida que est\u00e9 y familiares de las personas que han trabajado ah\u00ed\u201d, expres\u00f3.<br \/>\nDurante su discurso, record\u00f3 los primeros pasos del proyecto que impulsar\u00eda su padre a trav\u00e9s de una comisi\u00f3n organizadora, y sobre el final agradeci\u00f3 el reconocimiento que se otorg\u00f3 a su padre, luego de 40 a\u00f1os. \u201cEste es un acto de justicia para todos los que de alguna manera hicieron posible este monumento\u201d, cerr\u00f3.<\/p>\n","protected":false},"excerpt":{"rendered":"<p>29\/08\/2023- Culmin\u00f3 la restauraci\u00f3n de este emblem\u00e1tico s\u00edmbolo para Caleta Olivia. Durante la tarde de este lunes 28 de agosto,<\/p>\n","protected":false},"author":8,"featured_media":7755,"comment_status":"open","ping_status":"closed","sticky":false,"template":"","format":"standard","meta":{"footnotes":""},"categories":[90,40,35],"tags":[],"class_list":["post-7754","post","type-post","status-publish","format-standard","has-post-thumbnail","hentry","category-educacion-2","category-municipales","category-sociedad"],"_links":{"self":[{"href":"https:\/\/ecosdelsur.com\/index.php?rest_route=\/wp\/v2\/posts\/7754","targetHints":{"allow":["GET"]}}],"collection":[{"href":"https:\/\/ecosdelsur.com\/index.php?rest_route=\/wp\/v2\/posts"}],"about":[{"href":"https:\/\/ecosdelsur.com\/index.php?rest_route=\/wp\/v2\/types\/post"}],"author":[{"embeddable":true,"href":"https:\/\/ecosdelsur.com\/index.php?rest_route=\/wp\/v2\/users\/8"}],"replies":[{"embeddable":true,"href":"https:\/\/ecosdelsur.com\/index.php?rest_route=%2Fwp%2Fv2%2Fcomments&post=7754"}],"version-history":[{"count":0,"href":"https:\/\/ecosdelsur.com\/index.php?rest_route=\/wp\/v2\/posts\/7754\/revisions"}],"wp:featuredmedia":[{"embeddable":true,"href":"https:\/\/ecosdelsur.com\/index.php?rest_route=\/wp\/v2\/media\/7755"}],"wp:attachment":[{"href":"https:\/\/ecosdelsur.com\/index.php?rest_route=%2Fwp%2Fv2%2Fmedia&parent=7754"}],"wp:term":[{"taxonomy":"category","embeddable":true,"href":"https:\/\/ecosdelsur.com\/index.php?rest_route=%2Fwp%2Fv2%2Fcategories&post=7754"},{"taxonomy":"post_tag","embeddable":true,"href":"https:\/\/ecosdelsur.com\/index.php?rest_route=%2Fwp%2Fv2%2Ftags&post=7754"}],"curies":[{"name":"wp","href":"https:\/\/api.w.org\/{rel}","templated":true}]}}