{"id":7744,"date":"2023-08-29T18:11:52","date_gmt":"2023-08-29T18:11:52","guid":{"rendered":"https:\/\/ecosdelsur.com\/?p=7744"},"modified":"2023-08-29T18:16:02","modified_gmt":"2023-08-29T18:16:02","slug":"con-gran-exito-la-escuela-de-musica-re-si-realizo-diferentes-actividades-en-zona-norte","status":"publish","type":"post","link":"https:\/\/ecosdelsur.com\/?p=7744","title":{"rendered":"Con gran \u00e9xito la Escuela de M\u00fasica Re Si realiz\u00f3 diferentes actividades en Zona Norte"},"content":{"rendered":"<h5 class=\"itemTitle\"><span style=\"font-size: 16px;\">29\/08\/2023- En el marco de las acciones que impulsa el Consejo Provincial de Educaci\u00f3n de Santa Cruz, a trav\u00e9s de la Direcci\u00f3n de Educaci\u00f3n Art\u00edstica, se llevaron adelante una serie de conciertos y propuestas musicales que congregaron a estudiantes y profesores de la Escuela de M\u00fasica Re Si. <img decoding=\"async\" class=\"alignnone size-full wp-image-7745 lazyload\" data-src=\"https:\/\/ecosdelsur.com\/wp-content\/uploads\/2023\/08\/musica-1.jpg\" alt=\"\" width=\"1024\" height=\"602\" data-srcset=\"https:\/\/ecosdelsur.com\/wp-content\/uploads\/2023\/08\/musica-1.jpg 1024w, https:\/\/ecosdelsur.com\/wp-content\/uploads\/2023\/08\/musica-1-300x176.jpg 300w, https:\/\/ecosdelsur.com\/wp-content\/uploads\/2023\/08\/musica-1-768x452.jpg 768w\" data-sizes=\"(max-width: 1024px) 100vw, 1024px\" src=\"data:image\/svg+xml;base64,PHN2ZyB3aWR0aD0iMSIgaGVpZ2h0PSIxIiB4bWxucz0iaHR0cDovL3d3dy53My5vcmcvMjAwMC9zdmciPjwvc3ZnPg==\" style=\"--smush-placeholder-width: 1024px; --smush-placeholder-aspect-ratio: 1024\/602;\" \/><\/span><\/h5>\n<div class=\"itemFullText\">\n<p>Adem\u00e1s, estuvieron presentes reconocidos m\u00fasicos junto al acompa\u00f1amiento de las familias y p\u00fablico en general.<img decoding=\"async\" class=\"alignnone size-full wp-image-7750 lazyload\" data-src=\"https:\/\/ecosdelsur.com\/wp-content\/uploads\/2023\/08\/musica-6.jpg\" alt=\"\" width=\"1024\" height=\"629\" data-srcset=\"https:\/\/ecosdelsur.com\/wp-content\/uploads\/2023\/08\/musica-6.jpg 1024w, https:\/\/ecosdelsur.com\/wp-content\/uploads\/2023\/08\/musica-6-300x184.jpg 300w, https:\/\/ecosdelsur.com\/wp-content\/uploads\/2023\/08\/musica-6-768x472.jpg 768w\" data-sizes=\"(max-width: 1024px) 100vw, 1024px\" src=\"data:image\/svg+xml;base64,PHN2ZyB3aWR0aD0iMSIgaGVpZ2h0PSIxIiB4bWxucz0iaHR0cDovL3d3dy53My5vcmcvMjAwMC9zdmciPjwvc3ZnPg==\" style=\"--smush-placeholder-width: 1024px; --smush-placeholder-aspect-ratio: 1024\/629;\" \/><\/p>\n<p>En ese sentido, el coordinador de la Sede de Caleta Olivia, Juan Pablo Hermosilla, se\u00f1al\u00f3 que para celebrar el segundo aniversario de la mencionada sede, se desarroll\u00f3 un espectacular \u201cEncuentro de Coros\u201d y, a su vez, coment\u00f3 que tuvo lugar un Seminario de Aer\u00f3fonos y Cord\u00f3fonos, a cargo de los maestros Dami\u00e1n Verd\u00fan y Mauro Ciavattini, que culmin\u00f3 con un concierto impactante, en el Sal\u00f3n de Usos Multiples del Centro Cultural, en el marco de la Capacitaci\u00f3n Docente Continua que lleva adelante la Cartera Educativa, para fortalecer las Orquestas Latinoamericanas.<img decoding=\"async\" class=\"alignnone size-full wp-image-7751 lazyload\" data-src=\"https:\/\/ecosdelsur.com\/wp-content\/uploads\/2023\/08\/musica-9.jpg\" alt=\"\" width=\"1024\" height=\"630\" data-srcset=\"https:\/\/ecosdelsur.com\/wp-content\/uploads\/2023\/08\/musica-9.jpg 1024w, https:\/\/ecosdelsur.com\/wp-content\/uploads\/2023\/08\/musica-9-300x185.jpg 300w, https:\/\/ecosdelsur.com\/wp-content\/uploads\/2023\/08\/musica-9-768x473.jpg 768w\" data-sizes=\"(max-width: 1024px) 100vw, 1024px\" src=\"data:image\/svg+xml;base64,PHN2ZyB3aWR0aD0iMSIgaGVpZ2h0PSIxIiB4bWxucz0iaHR0cDovL3d3dy53My5vcmcvMjAwMC9zdmciPjwvc3ZnPg==\" style=\"--smush-placeholder-width: 1024px; --smush-placeholder-aspect-ratio: 1024\/630;\" \/><\/p>\n<p>Sobre el \u201cEncuentro de Coros de Zona Norte\u201d, expres\u00f3 que congreg\u00f3 a los coros de Puerto Deseado, Pico Truncado y Caleta Olivia, en un majestuoso concierto, en el Cine Municipal, donde el p\u00fablico pudo apreciar el fruto del arduo trabajo que se realiza en las distintas sedes de la Escuela Provincial de M\u00fasica Re Si, y destac\u00f3 la coherente metodolog\u00eda coro-escuela empleada en todos los coros fortaleciendo el trabajo en red, los v\u00ednculos entre estudiantes y docentes y el entusiasmo por presentarse en un teatro municipal motivados por el p\u00fablico presente. <img decoding=\"async\" class=\"alignnone size-full wp-image-7746 lazyload\" data-src=\"https:\/\/ecosdelsur.com\/wp-content\/uploads\/2023\/08\/musica-2.jpg\" alt=\"\" width=\"1024\" height=\"601\" data-srcset=\"https:\/\/ecosdelsur.com\/wp-content\/uploads\/2023\/08\/musica-2.jpg 1024w, https:\/\/ecosdelsur.com\/wp-content\/uploads\/2023\/08\/musica-2-300x176.jpg 300w, https:\/\/ecosdelsur.com\/wp-content\/uploads\/2023\/08\/musica-2-768x451.jpg 768w\" data-sizes=\"(max-width: 1024px) 100vw, 1024px\" src=\"data:image\/svg+xml;base64,PHN2ZyB3aWR0aD0iMSIgaGVpZ2h0PSIxIiB4bWxucz0iaHR0cDovL3d3dy53My5vcmcvMjAwMC9zdmciPjwvc3ZnPg==\" style=\"--smush-placeholder-width: 1024px; --smush-placeholder-aspect-ratio: 1024\/601;\" \/><\/p>\n<p>En paralelo, tuvo lugar el Seminario de Charangos y Aer\u00f3fonos Andinos en la M\u00fasica Latinoamericana y Folcl\u00f3rica Argentina\u201d, dirigido por los reconocidos profesores Dami\u00e1n Verd\u00fan y Mauro Ciavattini. La preparaci\u00f3n previa para el seminario incluy\u00f3 meses de trabajo virtual, en el que se present\u00f3 a los profesores un repertorio de creciente complejidad. <img decoding=\"async\" class=\"alignnone size-full wp-image-7747 lazyload\" data-src=\"https:\/\/ecosdelsur.com\/wp-content\/uploads\/2023\/08\/musica-3.jpg\" alt=\"\" width=\"1024\" height=\"614\" data-srcset=\"https:\/\/ecosdelsur.com\/wp-content\/uploads\/2023\/08\/musica-3.jpg 1024w, https:\/\/ecosdelsur.com\/wp-content\/uploads\/2023\/08\/musica-3-300x180.jpg 300w, https:\/\/ecosdelsur.com\/wp-content\/uploads\/2023\/08\/musica-3-768x461.jpg 768w\" data-sizes=\"(max-width: 1024px) 100vw, 1024px\" src=\"data:image\/svg+xml;base64,PHN2ZyB3aWR0aD0iMSIgaGVpZ2h0PSIxIiB4bWxucz0iaHR0cDovL3d3dy53My5vcmcvMjAwMC9zdmciPjwvc3ZnPg==\" style=\"--smush-placeholder-width: 1024px; --smush-placeholder-aspect-ratio: 1024\/614;\" \/><\/p>\n<p>Este trabajo que se inici\u00f3 hace dos a\u00f1os con Ciavattini y Verd\u00fan, docentes de prestigio y gran compromiso con la formaci\u00f3n que brinda el Consejo Provincial de Educaci\u00f3n.<\/p>\n<p>Al respecto, Verd\u00fan destac\u00f3 que el evento se estructur\u00f3 en tres etapas, enfoc\u00e1ndose en el desarrollo creativo, interpretativo y de recursos estil\u00edsticos avanzados para instrumentistas. Los participantes se sumergieron en ensayos y preparativos de obras, que culminaron en un impactante concierto que cont\u00f3 con la presencia de m\u00e1s de 350 entusiastas de la m\u00fasica, quienes se reunieron para disfrutar del ensamble de profesores de R\u00edo Gallegos, R\u00edo Turbio, la Clave Estudio (invitados) ensamblados con la Orquesta Latinoamericana\u00a0de Caleta Olivia, llamada AuquinCo.<\/p>\n<p>Por su parte, la coordinadora de la sede de Pico Truncado, Mariela Gim\u00e9nez, quien particip\u00f3 junto a la Orquesta Latinoamericana, recientemente creada, comparti\u00f3 la alegr\u00eda del \u00e9xito de esta actividad y resalt\u00f3 la participaci\u00f3n de los j\u00f3venes que trabajaron arduamente en el repertorio y, agradeci\u00f3\u00a0 la presencia de la vicerrectora de la Escuela Re Si, Susana Peralta, como as\u00ed el apoyo permanente de la Direcci\u00f3n de Art\u00edstica.<\/p>\n<p>La Escuela Provincial ReSi ha demostrado su compromiso con la educaci\u00f3n musical y la sostenibilidad, consolidando su presencia en la regi\u00f3n norte de Santa Cruz y enriqueciendo la vida cultural de la comunidad.<\/p>\n<\/div>\n","protected":false},"excerpt":{"rendered":"<p>29\/08\/2023- En el marco de las acciones que impulsa el Consejo Provincial de Educaci\u00f3n de Santa Cruz, a trav\u00e9s de<\/p>\n","protected":false},"author":8,"featured_media":7749,"comment_status":"open","ping_status":"closed","sticky":false,"template":"","format":"standard","meta":{"footnotes":""},"categories":[88,90,35],"tags":[],"class_list":["post-7744","post","type-post","status-publish","format-standard","has-post-thumbnail","hentry","category-cultura","category-educacion-2","category-sociedad"],"_links":{"self":[{"href":"https:\/\/ecosdelsur.com\/index.php?rest_route=\/wp\/v2\/posts\/7744","targetHints":{"allow":["GET"]}}],"collection":[{"href":"https:\/\/ecosdelsur.com\/index.php?rest_route=\/wp\/v2\/posts"}],"about":[{"href":"https:\/\/ecosdelsur.com\/index.php?rest_route=\/wp\/v2\/types\/post"}],"author":[{"embeddable":true,"href":"https:\/\/ecosdelsur.com\/index.php?rest_route=\/wp\/v2\/users\/8"}],"replies":[{"embeddable":true,"href":"https:\/\/ecosdelsur.com\/index.php?rest_route=%2Fwp%2Fv2%2Fcomments&post=7744"}],"version-history":[{"count":0,"href":"https:\/\/ecosdelsur.com\/index.php?rest_route=\/wp\/v2\/posts\/7744\/revisions"}],"wp:featuredmedia":[{"embeddable":true,"href":"https:\/\/ecosdelsur.com\/index.php?rest_route=\/wp\/v2\/media\/7749"}],"wp:attachment":[{"href":"https:\/\/ecosdelsur.com\/index.php?rest_route=%2Fwp%2Fv2%2Fmedia&parent=7744"}],"wp:term":[{"taxonomy":"category","embeddable":true,"href":"https:\/\/ecosdelsur.com\/index.php?rest_route=%2Fwp%2Fv2%2Fcategories&post=7744"},{"taxonomy":"post_tag","embeddable":true,"href":"https:\/\/ecosdelsur.com\/index.php?rest_route=%2Fwp%2Fv2%2Ftags&post=7744"}],"curies":[{"name":"wp","href":"https:\/\/api.w.org\/{rel}","templated":true}]}}