{"id":7729,"date":"2023-08-29T03:56:56","date_gmt":"2023-08-29T03:56:56","guid":{"rendered":"https:\/\/ecosdelsur.com\/?p=7729"},"modified":"2023-08-29T03:59:06","modified_gmt":"2023-08-29T03:59:06","slug":"el-vicedecano-claudio-fernandez-autorizo-mejoras-en-el-transporte-para-estudiantes-de-pico-truncado","status":"publish","type":"post","link":"https:\/\/ecosdelsur.com\/?p=7729","title":{"rendered":"El Vicedecano Claudio Fern\u00e1ndez autoriz\u00f3 mejoras en el transporte para estudiantes de Pico Truncado"},"content":{"rendered":"<p>29\/08\/2023- En la ma\u00f1ana de hoy y en la Sala de Sesiones del Consejo de Unidad, del segundo piso del edificio principal de la Unidad Acad\u00e9mica Caleta Olivia, el Vicedecano Mg. Claudio Fern\u00e1ndez recibi\u00f3 a integrantes de la Asociaci\u00f3n de Estudiantes Universitarios Truncadenses (AEUT) y al Director Provincial de conectividad terrestre de la Subsecretar\u00eda de Transporte de la provincia de Santa Cruz, Fabian Kuc, para trabajar en conjunto en relaci\u00f3n a mejoras en el traslado de alumnos y alumnas truncadenses desde su ciudad de origen y nuestra sede, y de regreso.<img decoding=\"async\" class=\"alignnone size-large wp-image-7732 lazyload\" data-src=\"https:\/\/ecosdelsur.com\/wp-content\/uploads\/2023\/08\/uni-3-1024x655.jpg\" alt=\"\" width=\"800\" height=\"512\" data-srcset=\"https:\/\/ecosdelsur.com\/wp-content\/uploads\/2023\/08\/uni-3-scaled.jpg 1024w, https:\/\/ecosdelsur.com\/wp-content\/uploads\/2023\/08\/uni-3-300x192.jpg 300w, https:\/\/ecosdelsur.com\/wp-content\/uploads\/2023\/08\/uni-3-768x492.jpg 768w, https:\/\/ecosdelsur.com\/wp-content\/uploads\/2023\/08\/uni-3-1536x983.jpg 1536w, https:\/\/ecosdelsur.com\/wp-content\/uploads\/2023\/08\/uni-3-2048x1311.jpg 2048w\" data-sizes=\"(max-width: 800px) 100vw, 800px\" src=\"data:image\/svg+xml;base64,PHN2ZyB3aWR0aD0iMSIgaGVpZ2h0PSIxIiB4bWxucz0iaHR0cDovL3d3dy53My5vcmcvMjAwMC9zdmciPjwvc3ZnPg==\" style=\"--smush-placeholder-width: 800px; --smush-placeholder-aspect-ratio: 800\/512;\" \/><\/p>\n<p>En este sentido, luego de conversar por varios minutos y conocer los diferentes planteos que realiz\u00f3 Micaela Anabal\u00f3n, titular de la AEUT, el Vicedecano Fern\u00e1ndez entreg\u00f3 una autorizaci\u00f3n a Kuc, en la que la Instituci\u00f3n aprueba formalmente que el servicio de transporte de larga distancia pueda hacer ascender y descender pasajeros que estudian en nuestra Casa, en la d\u00e1rsena ubicada en el exterior del predio de la UNPA UACO, ya que se ha transformado en una \u201cparada intermedia en la l\u00ednea regular del tramo Pico Truncado-Caleta Olivia-Pico Truncado\u201d.<img decoding=\"async\" class=\"alignnone size-large wp-image-7730 lazyload\" data-src=\"https:\/\/ecosdelsur.com\/wp-content\/uploads\/2023\/08\/uni-1-1024x673.jpg\" alt=\"\" width=\"800\" height=\"526\" data-srcset=\"https:\/\/ecosdelsur.com\/wp-content\/uploads\/2023\/08\/uni-1-scaled.jpg 1024w, https:\/\/ecosdelsur.com\/wp-content\/uploads\/2023\/08\/uni-1-300x197.jpg 300w, https:\/\/ecosdelsur.com\/wp-content\/uploads\/2023\/08\/uni-1-768x505.jpg 768w, https:\/\/ecosdelsur.com\/wp-content\/uploads\/2023\/08\/uni-1-1536x1010.jpg 1536w, https:\/\/ecosdelsur.com\/wp-content\/uploads\/2023\/08\/uni-1-2048x1347.jpg 2048w\" data-sizes=\"(max-width: 800px) 100vw, 800px\" src=\"data:image\/svg+xml;base64,PHN2ZyB3aWR0aD0iMSIgaGVpZ2h0PSIxIiB4bWxucz0iaHR0cDovL3d3dy53My5vcmcvMjAwMC9zdmciPjwvc3ZnPg==\" style=\"--smush-placeholder-width: 800px; --smush-placeholder-aspect-ratio: 800\/526;\" \/><\/p>\n<p>No obstante, la gesti\u00f3n de esta sede puso en valor el hecho que la comunidad estudiantil de Pico Truncado pueda acceder al transporte y por ello se agradecieron las gestiones realizadas desde la Subsecretar\u00eda de Transporte en el marco del Programa Provincial Boleto Estudiantil Gratuito, que favorece en la actualidad a toda la poblaci\u00f3n de Santa Cruz y, puntualmente, a la comunidad universitaria de esta casa.<\/p>\n<p>Tras el encuentro, el Mg. Claudio Fern\u00e1ndez cont\u00f3 tambi\u00e9n que en respuesta a una demanda directa de los estudiantes presentes, se pidi\u00f3 formalmente a la empresa Sportman una modificaci\u00f3n de su recorrido, ya que si bien el tramo Pico Truncado &#8211; Caleta Olivia no presenta inconvenientes, si se debe avanzar en soluciones para cuando el servicio, que viene desde Comodoro Rivadavia, pueda sumar al viaje de regreso a Pico Truncado a los alumnos y alumnas que cursan en esta sede.<\/p>\n<p>\u201cLo que planteamos es que cuando viene desde Comodoro Rivadavia y como mayormente viene ocupado en toda su capacidad, se dirija directamente a la Terminal de transporte, donde muchos descienden. Y desde all\u00ed, retome en direcci\u00f3n a la Universidad para subir a los y las estudiantes, para regresar a Pico Truncado, sin tener que llevar a ning\u00fan pasajero de pie y con todas las comodidades que el servicio ofrece. Hay acuerdo entre las partes y buena voluntad para que este pedido se pueda concretar\u201d, detall\u00f3.<\/p>\n<p>&nbsp;<\/p>\n","protected":false},"excerpt":{"rendered":"<p>29\/08\/2023- En la ma\u00f1ana de hoy y en la Sala de Sesiones del Consejo de Unidad, del segundo piso del<\/p>\n","protected":false},"author":8,"featured_media":7733,"comment_status":"open","ping_status":"closed","sticky":false,"template":"","format":"standard","meta":{"footnotes":""},"categories":[35,39],"tags":[],"class_list":["post-7729","post","type-post","status-publish","format-standard","has-post-thumbnail","hentry","category-sociedad","category-tecnologia"],"_links":{"self":[{"href":"https:\/\/ecosdelsur.com\/index.php?rest_route=\/wp\/v2\/posts\/7729","targetHints":{"allow":["GET"]}}],"collection":[{"href":"https:\/\/ecosdelsur.com\/index.php?rest_route=\/wp\/v2\/posts"}],"about":[{"href":"https:\/\/ecosdelsur.com\/index.php?rest_route=\/wp\/v2\/types\/post"}],"author":[{"embeddable":true,"href":"https:\/\/ecosdelsur.com\/index.php?rest_route=\/wp\/v2\/users\/8"}],"replies":[{"embeddable":true,"href":"https:\/\/ecosdelsur.com\/index.php?rest_route=%2Fwp%2Fv2%2Fcomments&post=7729"}],"version-history":[{"count":0,"href":"https:\/\/ecosdelsur.com\/index.php?rest_route=\/wp\/v2\/posts\/7729\/revisions"}],"wp:featuredmedia":[{"embeddable":true,"href":"https:\/\/ecosdelsur.com\/index.php?rest_route=\/wp\/v2\/media\/7733"}],"wp:attachment":[{"href":"https:\/\/ecosdelsur.com\/index.php?rest_route=%2Fwp%2Fv2%2Fmedia&parent=7729"}],"wp:term":[{"taxonomy":"category","embeddable":true,"href":"https:\/\/ecosdelsur.com\/index.php?rest_route=%2Fwp%2Fv2%2Fcategories&post=7729"},{"taxonomy":"post_tag","embeddable":true,"href":"https:\/\/ecosdelsur.com\/index.php?rest_route=%2Fwp%2Fv2%2Ftags&post=7729"}],"curies":[{"name":"wp","href":"https:\/\/api.w.org\/{rel}","templated":true}]}}