{"id":7719,"date":"2023-08-28T18:32:32","date_gmt":"2023-08-28T18:32:32","guid":{"rendered":"https:\/\/ecosdelsur.com\/?p=7719"},"modified":"2023-08-28T18:32:32","modified_gmt":"2023-08-28T18:32:32","slug":"7719","status":"publish","type":"post","link":"https:\/\/ecosdelsur.com\/?p=7719","title":{"rendered":""},"content":{"rendered":"<h5 class=\"itemTitle\"><span style=\"font-size: 16px;\">28\/08\/2023-El Gobierno de Santa Cruz, a trav\u00e9s de la Secretar\u00eda de Estado de Ambiente, Vialidad Provincial, el Consejo Agrario Provincial, en conjunto con la Fundaci\u00f3n Garrahan, la Municipalidad de Gobernador Gregores y la colaboraci\u00f3n del Vivero Los Fresnos, llev\u00f3 adelante una jornada de EcoCanje Electr\u00f3nico.<img decoding=\"async\" class=\"alignnone size-full wp-image-7721 lazyload\" data-src=\"https:\/\/ecosdelsur.com\/wp-content\/uploads\/2023\/08\/WhatsApp_Image_2023-08-28_at_14.16.09_4.jpeg\" alt=\"\" width=\"800\" height=\"424\" data-srcset=\"https:\/\/ecosdelsur.com\/wp-content\/uploads\/2023\/08\/WhatsApp_Image_2023-08-28_at_14.16.09_4.jpeg 800w, https:\/\/ecosdelsur.com\/wp-content\/uploads\/2023\/08\/WhatsApp_Image_2023-08-28_at_14.16.09_4-300x159.jpeg 300w, https:\/\/ecosdelsur.com\/wp-content\/uploads\/2023\/08\/WhatsApp_Image_2023-08-28_at_14.16.09_4-768x407.jpeg 768w\" data-sizes=\"(max-width: 800px) 100vw, 800px\" src=\"data:image\/svg+xml;base64,PHN2ZyB3aWR0aD0iMSIgaGVpZ2h0PSIxIiB4bWxucz0iaHR0cDovL3d3dy53My5vcmcvMjAwMC9zdmciPjwvc3ZnPg==\" style=\"--smush-placeholder-width: 800px; --smush-placeholder-aspect-ratio: 800\/424;\" \/><\/span><\/h5>\n<div class=\"itemIntroText\">\n<div class=\"adL\">La iniciativa est\u00e1 enmarcada dentro del programa provincial \u201cAcciones Verdes\u201d, y consiste en intercambiar residuos de aparatos el\u00e9ctricos y electr\u00f3nicos (RAEE) por diferentes productos sustentables, para luego trasladar estos materiales al centro de acopio de la Fundaci\u00f3n Garrahan Santa Cruz ubicado en R\u00edo Gallegos, el cual est\u00e1 a cargo de la representante a nivel provincial, Teresa Ponce.<img decoding=\"async\" class=\"alignnone size-full wp-image-7722 lazyload\" data-src=\"https:\/\/ecosdelsur.com\/wp-content\/uploads\/2023\/08\/WhatsApp_Image_2023-08-28_at_14.16.09_5.jpeg\" alt=\"\" width=\"800\" height=\"476\" data-srcset=\"https:\/\/ecosdelsur.com\/wp-content\/uploads\/2023\/08\/WhatsApp_Image_2023-08-28_at_14.16.09_5.jpeg 800w, https:\/\/ecosdelsur.com\/wp-content\/uploads\/2023\/08\/WhatsApp_Image_2023-08-28_at_14.16.09_5-300x179.jpeg 300w, https:\/\/ecosdelsur.com\/wp-content\/uploads\/2023\/08\/WhatsApp_Image_2023-08-28_at_14.16.09_5-768x457.jpeg 768w\" data-sizes=\"(max-width: 800px) 100vw, 800px\" src=\"data:image\/svg+xml;base64,PHN2ZyB3aWR0aD0iMSIgaGVpZ2h0PSIxIiB4bWxucz0iaHR0cDovL3d3dy53My5vcmcvMjAwMC9zdmciPjwvc3ZnPg==\" style=\"--smush-placeholder-width: 800px; --smush-placeholder-aspect-ratio: 800\/476;\" \/><\/div>\n<\/div>\n<div class=\"itemFullText\">\n<p dir=\"ltr\">En este sentido, la comunidad gregorense tuvo una masiva\u00a0participaci\u00f3n, siendo una de las localidades de mayor cantidad de RAEEs reunidos, con un aproximado de 4.000 kg de artefactos como televisores, computadoras completas, impresoras, celulares, entre otros aparatos de diversos tama\u00f1os.<\/p>\n<p dir=\"ltr\">Entre quienes colaboraron se encontraba el vecino Carlos Montiel, quien\u00a0manifest\u00f3: \u201cMe pareci\u00f3 una buena actividad para poder sacar las cosas, como los televisores, que tenemos en desuso en nuestros hogares, y\u00a0 poder ayudar al Garrahan. Es lindo colaborar para un bien con algo que uno tiene en desuso; en vez de tirarlo, que se implemente para algo&#8221;.<\/p>\n<p dir=\"ltr\">Asimismo, la Municipalidad de Gobernador Gregores tuvo un rol fundamental mediante la difusi\u00f3n y la disposici\u00f3n de su equipo de trabajo para lograr que la jornada tuviera un cierre exitoso, promoviendo de esta manera el consumo responsable; y, la reducci\u00f3n, reutilizaci\u00f3n y reciclaje de los residuos con el objetivo del cuidado de nuestro entorno.<\/p>\n<p dir=\"ltr\">Tambi\u00e9n, se agradeci\u00f3 la participaci\u00f3n del Colegio Provincial N\u00b0 21 \u201cJos\u00e9 Font\u201d, la Escuela Provincial de Educaci\u00f3n Primaria N\u00b0 28 \u201cCarlos Mar\u00eda Moyano\u201d, la Escuela Hogar Rural N\u00b0 2 \u201cH\u00e9roes de Malvinas\u201d y del Jard\u00edn de Infantes N\u00b0 7 \u201cMar\u00eda Montessori\u201d.<\/p>\n<p dir=\"ltr\">Cabe aclarar que, todo lo recolectado tiene como destino final el Programa de Reciclado y Medio Ambiente de la Fundaci\u00f3n Garrahan, con lo que se aplica la compra y reparaci\u00f3n de equipamiento\u00a0de alta complejidad para el Hospital de Ni\u00f1os, la adquisici\u00f3n de insumos; la capacitaci\u00f3n del equipo de salud, la provisi\u00f3n de ox\u00edgeno y vi\u00e1ticos para pacientes; y, el financiamiento de otros programas.<\/p>\n<\/div>\n","protected":false},"excerpt":{"rendered":"<p>28\/08\/2023-El Gobierno de Santa Cruz, a trav\u00e9s de la Secretar\u00eda de Estado de Ambiente, Vialidad Provincial, el Consejo Agrario Provincial,<\/p>\n","protected":false},"author":8,"featured_media":7720,"comment_status":"open","ping_status":"closed","sticky":false,"template":"","format":"standard","meta":{"footnotes":""},"categories":[1],"tags":[],"class_list":["post-7719","post","type-post","status-publish","format-standard","has-post-thumbnail","hentry","category-uncategorized"],"_links":{"self":[{"href":"https:\/\/ecosdelsur.com\/index.php?rest_route=\/wp\/v2\/posts\/7719","targetHints":{"allow":["GET"]}}],"collection":[{"href":"https:\/\/ecosdelsur.com\/index.php?rest_route=\/wp\/v2\/posts"}],"about":[{"href":"https:\/\/ecosdelsur.com\/index.php?rest_route=\/wp\/v2\/types\/post"}],"author":[{"embeddable":true,"href":"https:\/\/ecosdelsur.com\/index.php?rest_route=\/wp\/v2\/users\/8"}],"replies":[{"embeddable":true,"href":"https:\/\/ecosdelsur.com\/index.php?rest_route=%2Fwp%2Fv2%2Fcomments&post=7719"}],"version-history":[{"count":0,"href":"https:\/\/ecosdelsur.com\/index.php?rest_route=\/wp\/v2\/posts\/7719\/revisions"}],"wp:featuredmedia":[{"embeddable":true,"href":"https:\/\/ecosdelsur.com\/index.php?rest_route=\/wp\/v2\/media\/7720"}],"wp:attachment":[{"href":"https:\/\/ecosdelsur.com\/index.php?rest_route=%2Fwp%2Fv2%2Fmedia&parent=7719"}],"wp:term":[{"taxonomy":"category","embeddable":true,"href":"https:\/\/ecosdelsur.com\/index.php?rest_route=%2Fwp%2Fv2%2Fcategories&post=7719"},{"taxonomy":"post_tag","embeddable":true,"href":"https:\/\/ecosdelsur.com\/index.php?rest_route=%2Fwp%2Fv2%2Ftags&post=7719"}],"curies":[{"name":"wp","href":"https:\/\/api.w.org\/{rel}","templated":true}]}}