{"id":7712,"date":"2023-08-28T18:17:19","date_gmt":"2023-08-28T18:17:19","guid":{"rendered":"https:\/\/ecosdelsur.com\/?p=7712"},"modified":"2023-08-28T18:29:45","modified_gmt":"2023-08-28T18:29:45","slug":"educacion-concreto-la-firma-de-convenios-vinculados-al-mantenimiento-escolar","status":"publish","type":"post","link":"https:\/\/ecosdelsur.com\/?p=7712","title":{"rendered":"Educaci\u00f3n concret\u00f3 la firma de convenios vinculados al mantenimiento escolar"},"content":{"rendered":"<h5 class=\"itemTitle\"><span style=\"font-size: 16px;\">28\/08\/2023- En el marco de la firma de 42 convenios celebrados con empresas encargadas del man<\/span><span style=\"font-size: 16px;\">tenimiento edilicio de las escuelas de la provincia, la presidenta del Consejo Provincial de Educaci\u00f3n de Santa Cruz (CPE), Mar\u00eda Cecilia Vel\u00e1zquez, destac\u00f3 que \u201clas Escuelas son espacios p\u00fablicos que debemos cuidar para las pr\u00f3ximas generaciones\u201d.<img decoding=\"async\" class=\"alignnone size-full wp-image-7715 lazyload\" data-src=\"https:\/\/ecosdelsur.com\/wp-content\/uploads\/2023\/08\/FIRMA_CONVENIO_EMPRESAS_3.jpeg\" alt=\"\" width=\"800\" height=\"464\" data-srcset=\"https:\/\/ecosdelsur.com\/wp-content\/uploads\/2023\/08\/FIRMA_CONVENIO_EMPRESAS_3.jpeg 800w, https:\/\/ecosdelsur.com\/wp-content\/uploads\/2023\/08\/FIRMA_CONVENIO_EMPRESAS_3-300x174.jpeg 300w, https:\/\/ecosdelsur.com\/wp-content\/uploads\/2023\/08\/FIRMA_CONVENIO_EMPRESAS_3-768x445.jpeg 768w\" data-sizes=\"(max-width: 800px) 100vw, 800px\" src=\"data:image\/svg+xml;base64,PHN2ZyB3aWR0aD0iMSIgaGVpZ2h0PSIxIiB4bWxucz0iaHR0cDovL3d3dy53My5vcmcvMjAwMC9zdmciPjwvc3ZnPg==\" style=\"--smush-placeholder-width: 800px; --smush-placeholder-aspect-ratio: 800\/464;\" \/><\/span><\/h5>\n<div class=\"itemFullText\">\n<p>La\u00a0reuni\u00f3n se llev\u00f3 adelante el s\u00e1bado 26 de agosto, en la Sala de Sesiones del CPE, ocasi\u00f3n en la que Vel\u00e1zquez\u00a0se\u00f1al\u00f3 que el a\u00f1o pasado se firmaron contratos de mantenimiento preventivo, pero se ejecutaban en el marco de la Ley de Administraci\u00f3n P\u00fablica. Y, este este a\u00f1o se empez\u00f3 a ejecutar todo lo que tiene que ver con el mantenimiento preventivo y correctivo de las escuelas, en el marco de la Ley de Obra P\u00fablica.<\/p>\n<p>Asimismo, indic\u00f3 que se firm\u00f3 con las primeras empresas lo cual permite que puedan cobrar pr\u00f3ximamente un anticipo para continuar realizando los arreglos de los edificios de las instituciones educativas y, a su vez coment\u00f3 que, tambi\u00e9n, dialogaron sobre las condiciones en que se encuentran las escuelas de la provincia y la continuidad del mantenimiento que falta concretar.<\/p>\n<p>La presidenta del CPE sostuvo que \u201clos edificios de las escuelas de Educaci\u00f3n P\u00fablica, son los espacios p\u00fablicos donde se ense\u00f1a y se aprende y tienen que durar en el tiempo. A ellos van asistir miles de estudiantes de las pr\u00f3ximas generaciones y tienen que poder disfrutarlos, igual que los estudiantes que hoy transitan los mismos.<\/p>\n<p>Adem\u00e1s, hizo hincapi\u00e9 en la importancia del cuidado de estos lugares por parte de toda la comunidad, a\u00fan m\u00e1s que los propios, principalmente aquellos que requieren tambi\u00e9n de una pol\u00edtica educativa y cultural que permite vincularnos de otra manera con la sociedad, con sus bienes y servicios.<\/p>\n<p>En relaci\u00f3n a las acciones a seguir durante la \u00faltima parte del a\u00f1o, Mar\u00eda Cecilia Vel\u00e1zquez plante\u00f3 que los meses de julio, agosto y septiembre son cruciales en t\u00e9rmino de calefacci\u00f3n y se est\u00e1 trabajando para su correcto funcionamiento. Tambi\u00e9n se empez\u00f3 a llevar adelante tareas de pintura dentro de los edificios, a establecer cercos y perimetrales y otras cuestiones vinculadas al embellecimiento.<\/p>\n<p>Por su parte, la subsecretar\u00eda de Infraestructura Escolar, Silvana Aybar, ampli\u00f3 que se firmaron 42 pliegos de licitaciones de obras p\u00fablicas de todas las escuelas de la provincia, presentadas en el Bolet\u00edn Oficial.<\/p>\n<p>\u201cLas empresas tendr\u00e1n 180 d\u00edas para la ejecuci\u00f3n de los trabajos, para ello se otorgar\u00e1 un anticipo de obra y luego se continuar\u00e1 con la certificaci\u00f3n de la misma\u201d, expres\u00f3. Para concluir, afirm\u00f3 que hasta el 9 de diciembre trabajar\u00e1n para dejar los establecimientos en \u00f3ptimas condiciones, y que puedan desarrollar sus actividades de forma normal.<\/p>\n<p>Acompa\u00f1aron a la presidenta del CPE, el vicepresidente de la cartera, Ismael Enrique; la subsecretar\u00eda de Infraestructura Escolar, Silvana Aybar junto a representantes encargados de llevar adelante el mantenimiento escolar en la provincia.<\/p>\n<\/div>\n","protected":false},"excerpt":{"rendered":"<p>28\/08\/2023- En el marco de la firma de 42 convenios celebrados con empresas encargadas del mantenimiento edilicio de las escuelas<\/p>\n","protected":false},"author":8,"featured_media":7714,"comment_status":"open","ping_status":"closed","sticky":false,"template":"","format":"standard","meta":{"footnotes":""},"categories":[90,33],"tags":[],"class_list":["post-7712","post","type-post","status-publish","format-standard","has-post-thumbnail","hentry","category-educacion-2","category-politica"],"_links":{"self":[{"href":"https:\/\/ecosdelsur.com\/index.php?rest_route=\/wp\/v2\/posts\/7712","targetHints":{"allow":["GET"]}}],"collection":[{"href":"https:\/\/ecosdelsur.com\/index.php?rest_route=\/wp\/v2\/posts"}],"about":[{"href":"https:\/\/ecosdelsur.com\/index.php?rest_route=\/wp\/v2\/types\/post"}],"author":[{"embeddable":true,"href":"https:\/\/ecosdelsur.com\/index.php?rest_route=\/wp\/v2\/users\/8"}],"replies":[{"embeddable":true,"href":"https:\/\/ecosdelsur.com\/index.php?rest_route=%2Fwp%2Fv2%2Fcomments&post=7712"}],"version-history":[{"count":0,"href":"https:\/\/ecosdelsur.com\/index.php?rest_route=\/wp\/v2\/posts\/7712\/revisions"}],"wp:featuredmedia":[{"embeddable":true,"href":"https:\/\/ecosdelsur.com\/index.php?rest_route=\/wp\/v2\/media\/7714"}],"wp:attachment":[{"href":"https:\/\/ecosdelsur.com\/index.php?rest_route=%2Fwp%2Fv2%2Fmedia&parent=7712"}],"wp:term":[{"taxonomy":"category","embeddable":true,"href":"https:\/\/ecosdelsur.com\/index.php?rest_route=%2Fwp%2Fv2%2Fcategories&post=7712"},{"taxonomy":"post_tag","embeddable":true,"href":"https:\/\/ecosdelsur.com\/index.php?rest_route=%2Fwp%2Fv2%2Ftags&post=7712"}],"curies":[{"name":"wp","href":"https:\/\/api.w.org\/{rel}","templated":true}]}}