{"id":7699,"date":"2023-08-28T05:04:11","date_gmt":"2023-08-28T05:04:11","guid":{"rendered":"https:\/\/ecosdelsur.com\/?p=7699"},"modified":"2023-08-28T17:43:46","modified_gmt":"2023-08-28T17:43:46","slug":"programa-bien-estar-salud-transformando-vidas-a-traves-del-cuidado-integral","status":"publish","type":"post","link":"https:\/\/ecosdelsur.com\/?p=7699","title":{"rendered":"Programa &#8220;Bien Estar Salud&#8221;: Transformando Vidas a Trav\u00e9s del Cuidado Integral"},"content":{"rendered":"<p>27\/08\/2023-El compromiso con la salud de la comunidad por parte del Municipio de Caleta Olivia se ha materializado en programas como el &#8220;Bien Estar Salud&#8221;, que realiza la Subsecretar\u00eda de Salud Comunitaria.<img decoding=\"async\" class=\"alignnone size-full wp-image-7700 lazyload\" data-src=\"https:\/\/ecosdelsur.com\/wp-content\/uploads\/2023\/08\/WhatsApp-Image-2023-08-28-at-00.03.10-1.jpeg\" alt=\"\" width=\"1024\" height=\"592\" data-srcset=\"https:\/\/ecosdelsur.com\/wp-content\/uploads\/2023\/08\/WhatsApp-Image-2023-08-28-at-00.03.10-1.jpeg 1024w, https:\/\/ecosdelsur.com\/wp-content\/uploads\/2023\/08\/WhatsApp-Image-2023-08-28-at-00.03.10-1-300x173.jpeg 300w, https:\/\/ecosdelsur.com\/wp-content\/uploads\/2023\/08\/WhatsApp-Image-2023-08-28-at-00.03.10-1-768x444.jpeg 768w\" data-sizes=\"(max-width: 1024px) 100vw, 1024px\" src=\"data:image\/svg+xml;base64,PHN2ZyB3aWR0aD0iMSIgaGVpZ2h0PSIxIiB4bWxucz0iaHR0cDovL3d3dy53My5vcmcvMjAwMC9zdmciPjwvc3ZnPg==\" style=\"--smush-placeholder-width: 1024px; --smush-placeholder-aspect-ratio: 1024\/592;\" \/><br \/>\nEsta iniciativa, que el a\u00f1o pasado fue reconocida como de inter\u00e9s municipal tanto por el Concejo Deliberante al igual que de inter\u00e9s provincial por la C\u00e1mara de Diputados, tiene su enfoque en los talleres que se imparten.<br \/>\nEste viernes se realiz\u00f3 el Taller de Nutrici\u00f3n, beneficiando especialmente a pacientes con obesidad y diabetes en el barrio 17 de Octubre.<img decoding=\"async\" class=\"alignnone size-full wp-image-7701 lazyload\" data-src=\"https:\/\/ecosdelsur.com\/wp-content\/uploads\/2023\/08\/WhatsApp-Image-2023-08-28-at-00.03.10-2.jpeg\" alt=\"\" width=\"1024\" height=\"602\" data-srcset=\"https:\/\/ecosdelsur.com\/wp-content\/uploads\/2023\/08\/WhatsApp-Image-2023-08-28-at-00.03.10-2.jpeg 1024w, https:\/\/ecosdelsur.com\/wp-content\/uploads\/2023\/08\/WhatsApp-Image-2023-08-28-at-00.03.10-2-300x176.jpeg 300w, https:\/\/ecosdelsur.com\/wp-content\/uploads\/2023\/08\/WhatsApp-Image-2023-08-28-at-00.03.10-2-768x452.jpeg 768w\" data-sizes=\"(max-width: 1024px) 100vw, 1024px\" src=\"data:image\/svg+xml;base64,PHN2ZyB3aWR0aD0iMSIgaGVpZ2h0PSIxIiB4bWxucz0iaHR0cDovL3d3dy53My5vcmcvMjAwMC9zdmciPjwvc3ZnPg==\" style=\"--smush-placeholder-width: 1024px; --smush-placeholder-aspect-ratio: 1024\/602;\" \/><br \/>\nLa m\u00e9dica Claudia Romero, organizadora del programa, se\u00f1al\u00f3 que &#8220;Bien Estar Salud&#8221; ha estado en marcha durante los \u00faltimos 4 meses y se ha convertido en una gu\u00eda esencial para quienes buscan una transformaci\u00f3n en sus vidas. Su prop\u00f3sito principal \u201ces brindar un enfoque integral para el tratamiento de la p\u00e9rdida de peso y el manejo de patolog\u00edas asociadas, a trav\u00e9s de un equipo multidisciplinario compuesto por nutricionistas, psic\u00f3logos, kinesi\u00f3logos, diabet\u00f3logos y m\u00e9dicos\u201d.<br \/>\nEl programa actualmente acoge a 23 participantes, con una lista de espera que refleja la demanda y la necesidad de este enfoque integral.<br \/>\nLos encuentros diarios y las sesiones de terapia grupal con psic\u00f3logos, los talleres semanales de alimentaci\u00f3n, as\u00ed como los controles regulares con nutricionistas y m\u00e9dicos, se han convertido en componentes fundamentales para el progreso y el \u00e9xito de los participantes.<br \/>\nLa actividad f\u00edsica tambi\u00e9n tiene un lugar destacado, con sesiones de kinesiolog\u00eda, tres veces a la semana, complementadas en algunos casos con actividades terap\u00e9uticas acu\u00e1ticas.<br \/>\nEl valor de este programa radica no solo en su enfoque m\u00e9dico y nutricional, sino en su capacidad para abordar las causas emocionales y psicol\u00f3gicas de la obesidad.<br \/>\nLa doctora Romero subray\u00f3 \u201cla importancia de la comunidad y el apoyo emocional en el proceso de cambio. Los participantes han compartido sus historias de superaci\u00f3n, demostrando que la obesidad no solo es una cuesti\u00f3n f\u00edsica, sino que tambi\u00e9n puede estar conectada a experiencias personales de p\u00e9rdida, ansiedad laboral y m\u00e1s\u201d.<br \/>\n\u201cEl hecho de que los participantes encuentren motivaci\u00f3n en la perspectiva de los talleres y las sesiones de actividad f\u00edsica demuestra que el &#8220;Bien Estar Salud&#8221; est\u00e1 cumpliendo su prop\u00f3sito\u201d, destac\u00f3 Romero.<br \/>\nLa responsable en brindar el taller fue la licenciada en Nutrici\u00f3n, Gisela Riffel, quien de una manera did\u00e1ctica despleg\u00f3 los conceptos sobre el tema.<\/p>\n","protected":false},"excerpt":{"rendered":"<p>27\/08\/2023-El compromiso con la salud de la comunidad por parte del Municipio de Caleta Olivia se ha materializado en programas<\/p>\n","protected":false},"author":8,"featured_media":7702,"comment_status":"open","ping_status":"closed","sticky":false,"template":"","format":"standard","meta":{"footnotes":""},"categories":[87,35],"tags":[],"class_list":["post-7699","post","type-post","status-publish","format-standard","has-post-thumbnail","hentry","category-provinciales","category-sociedad"],"_links":{"self":[{"href":"https:\/\/ecosdelsur.com\/index.php?rest_route=\/wp\/v2\/posts\/7699","targetHints":{"allow":["GET"]}}],"collection":[{"href":"https:\/\/ecosdelsur.com\/index.php?rest_route=\/wp\/v2\/posts"}],"about":[{"href":"https:\/\/ecosdelsur.com\/index.php?rest_route=\/wp\/v2\/types\/post"}],"author":[{"embeddable":true,"href":"https:\/\/ecosdelsur.com\/index.php?rest_route=\/wp\/v2\/users\/8"}],"replies":[{"embeddable":true,"href":"https:\/\/ecosdelsur.com\/index.php?rest_route=%2Fwp%2Fv2%2Fcomments&post=7699"}],"version-history":[{"count":0,"href":"https:\/\/ecosdelsur.com\/index.php?rest_route=\/wp\/v2\/posts\/7699\/revisions"}],"wp:featuredmedia":[{"embeddable":true,"href":"https:\/\/ecosdelsur.com\/index.php?rest_route=\/wp\/v2\/media\/7702"}],"wp:attachment":[{"href":"https:\/\/ecosdelsur.com\/index.php?rest_route=%2Fwp%2Fv2%2Fmedia&parent=7699"}],"wp:term":[{"taxonomy":"category","embeddable":true,"href":"https:\/\/ecosdelsur.com\/index.php?rest_route=%2Fwp%2Fv2%2Fcategories&post=7699"},{"taxonomy":"post_tag","embeddable":true,"href":"https:\/\/ecosdelsur.com\/index.php?rest_route=%2Fwp%2Fv2%2Ftags&post=7699"}],"curies":[{"name":"wp","href":"https:\/\/api.w.org\/{rel}","templated":true}]}}