{"id":7690,"date":"2023-08-27T23:15:55","date_gmt":"2023-08-27T23:15:55","guid":{"rendered":"https:\/\/ecosdelsur.com\/?p=7690"},"modified":"2023-08-28T03:31:03","modified_gmt":"2023-08-28T03:31:03","slug":"el-calafate-con-importantes-objetivos-cumplidos-finalizo-el-mundial-de-natacion-de-invierno-argentina-2023","status":"publish","type":"post","link":"https:\/\/ecosdelsur.com\/?p=7690","title":{"rendered":"El Calafate: Con importantes objetivos cumplidos finaliz\u00f3 el mundial de nataci\u00f3n de invierno Argentina 2023"},"content":{"rendered":"<h5 class=\"itemTitle\"><span style=\"font-size: 16px;\">Con el acompa\u00f1amiento del Gobierno de Santa Cruz, concluy\u00f3 la edici\u00f3n 2023 del Winter Swimming World Cup que tuvo como escenario al Glaciar Perito Moreno. <img decoding=\"async\" class=\"alignnone size-full wp-image-7695 lazyload\" data-src=\"https:\/\/ecosdelsur.com\/wp-content\/uploads\/2023\/08\/REM_4678_-_copia.jpg\" alt=\"\" width=\"1024\" height=\"712\" data-srcset=\"https:\/\/ecosdelsur.com\/wp-content\/uploads\/2023\/08\/REM_4678_-_copia.jpg 1024w, https:\/\/ecosdelsur.com\/wp-content\/uploads\/2023\/08\/REM_4678_-_copia-300x209.jpg 300w, https:\/\/ecosdelsur.com\/wp-content\/uploads\/2023\/08\/REM_4678_-_copia-768x534.jpg 768w, https:\/\/ecosdelsur.com\/wp-content\/uploads\/2023\/08\/REM_4678_-_copia-392x272.jpg 392w, https:\/\/ecosdelsur.com\/wp-content\/uploads\/2023\/08\/REM_4678_-_copia-130x90.jpg 130w\" data-sizes=\"(max-width: 1024px) 100vw, 1024px\" src=\"data:image\/svg+xml;base64,PHN2ZyB3aWR0aD0iMSIgaGVpZ2h0PSIxIiB4bWxucz0iaHR0cDovL3d3dy53My5vcmcvMjAwMC9zdmciPjwvc3ZnPg==\" style=\"--smush-placeholder-width: 1024px; --smush-placeholder-aspect-ratio: 1024\/712;\" \/>Durante tres jornadas 158 nadadores y nadadoras de 11 pa\u00edses dieron distinci\u00f3n a esta competencia que logr\u00f3 instalarse en la provincia y en el calendario internacional.<img decoding=\"async\" class=\"alignnone size-full wp-image-7692 lazyload\" data-src=\"https:\/\/ecosdelsur.com\/wp-content\/uploads\/2023\/08\/REM_4657.jpg\" alt=\"\" width=\"973\" height=\"1024\" data-srcset=\"https:\/\/ecosdelsur.com\/wp-content\/uploads\/2023\/08\/REM_4657.jpg 973w, https:\/\/ecosdelsur.com\/wp-content\/uploads\/2023\/08\/REM_4657-285x300.jpg 285w, https:\/\/ecosdelsur.com\/wp-content\/uploads\/2023\/08\/REM_4657-768x808.jpg 768w\" data-sizes=\"(max-width: 973px) 100vw, 973px\" src=\"data:image\/svg+xml;base64,PHN2ZyB3aWR0aD0iMSIgaGVpZ2h0PSIxIiB4bWxucz0iaHR0cDovL3d3dy53My5vcmcvMjAwMC9zdmciPjwvc3ZnPg==\" style=\"--smush-placeholder-width: 973px; --smush-placeholder-aspect-ratio: 973\/1024;\" \/><\/span><\/h5>\n<div class=\"itemFullText\">\n<p>La \u00faltima jornada, nuevamente, estuvo marcada por las condiciones clim\u00e1ticas. El viento se hizo nuevamente presente, lo que increment\u00f3 el oleaje del Lago Argentino y alert\u00f3 a las autoridades de Prefectura Naval Argentina, quienes de manera conjunta con la organizaci\u00f3n, optaron por suspender por lo menos la mitad de las competencias planificadas para el d\u00eda s\u00e1bado.<img decoding=\"async\" class=\"alignnone size-full wp-image-7693 lazyload\" data-src=\"https:\/\/ecosdelsur.com\/wp-content\/uploads\/2023\/08\/REM_4673.jpg\" alt=\"\" width=\"1014\" height=\"1024\" data-srcset=\"https:\/\/ecosdelsur.com\/wp-content\/uploads\/2023\/08\/REM_4673.jpg 1014w, https:\/\/ecosdelsur.com\/wp-content\/uploads\/2023\/08\/REM_4673-297x300.jpg 297w, https:\/\/ecosdelsur.com\/wp-content\/uploads\/2023\/08\/REM_4673-150x150.jpg 150w, https:\/\/ecosdelsur.com\/wp-content\/uploads\/2023\/08\/REM_4673-768x776.jpg 768w\" data-sizes=\"(max-width: 1014px) 100vw, 1014px\" src=\"data:image\/svg+xml;base64,PHN2ZyB3aWR0aD0iMSIgaGVpZ2h0PSIxIiB4bWxucz0iaHR0cDovL3d3dy53My5vcmcvMjAwMC9zdmciPjwvc3ZnPg==\" style=\"--smush-placeholder-width: 1014px; --smush-placeholder-aspect-ratio: 1014\/1024;\" \/><\/p>\n<p>Oficialmente, se dieron a conocer los ganadores de la edici\u00f3n 2023 del mundial de nataci\u00f3n de Invierno realizado en el canal de los t\u00e9mpanos, en el Lago Argentino, al pie del Glaciar Perito Moreno.<\/p>\n<p>Los ganadores de la categor\u00eda competitiva masculino fueron: Andr\u00e9s L\u00f3pez Pinto, de Vi\u00f1a del Mar, Chile, se subi\u00f3 a lo m\u00e1s alto del podio para la categor\u00eda 20 a 29 a\u00f1os. Tom\u00e1s Barrio se qued\u00f3 con la categor\u00eda de 30 a 39 a\u00f1os. Por su parte, Emilio Lencinas se qued\u00f3 con la categor\u00eda de 40 a 44 a\u00f1os. En la categor\u00eda 45 a 49 a\u00f1os Pablo Barbieri se subi\u00f3 a lo m\u00e1s alto del podio. En la categor\u00eda de 55 a 59 a\u00f1os Dar\u00edo Silva se qued\u00f3 con la competencia. Finalmente, en la categor\u00eda 60 a 64 a\u00f1os Omar Cisneros de Bah\u00eda Blanca.<\/p>\n<p>En la categor\u00eda mujeres de 14 y 15 a\u00f1os, Joaquina Dalmasso se qued\u00f3 con el primer lugar. En la categor\u00eda de 20 a 29 a\u00f1os Arias Lorena fue la ganadora. En la categor\u00eda de 30 a 39 a\u00f1os, la ganadora fue la Rionegrina Ayl\u00e9n Lazcano Micaz. 45 a 49 Ortega Fernanda de Chile fue la ganadora. En la categor\u00eda de 50 a 54 a\u00f1os Roxana Pescader se qued\u00f3 con el primer lugar, mientras que en la categor\u00eda de 60 a 64 a\u00f1os la ganadora fue Luna Olmos Celia, de 70 a\u00f1os oriunda de La Plata, Buenos Aires.<\/p>\n<p>Es importante resaltar que durante el cierre de la competencia se hicieron presentes, el intendente de El Calafate, Javier Belloni; el ministro de Ambiente y Desarrollo Sostenible de la Naci\u00f3n, Juan Cabandi\u00e9; el presidente de la Administraci\u00f3n de Parques Nacionales, Federico Granato; y el secretario de Estado de Turismo de la provincia de Santa Cruz, Pablo Godoy.<\/p>\n<\/div>\n","protected":false},"excerpt":{"rendered":"<p>Con el acompa\u00f1amiento del Gobierno de Santa Cruz, concluy\u00f3 la edici\u00f3n 2023 del Winter Swimming World Cup que tuvo como<\/p>\n","protected":false},"author":8,"featured_media":7696,"comment_status":"open","ping_status":"closed","sticky":false,"template":"","format":"standard","meta":{"footnotes":""},"categories":[37],"tags":[],"class_list":["post-7690","post","type-post","status-publish","format-standard","has-post-thumbnail","hentry","category-deportes"],"_links":{"self":[{"href":"https:\/\/ecosdelsur.com\/index.php?rest_route=\/wp\/v2\/posts\/7690","targetHints":{"allow":["GET"]}}],"collection":[{"href":"https:\/\/ecosdelsur.com\/index.php?rest_route=\/wp\/v2\/posts"}],"about":[{"href":"https:\/\/ecosdelsur.com\/index.php?rest_route=\/wp\/v2\/types\/post"}],"author":[{"embeddable":true,"href":"https:\/\/ecosdelsur.com\/index.php?rest_route=\/wp\/v2\/users\/8"}],"replies":[{"embeddable":true,"href":"https:\/\/ecosdelsur.com\/index.php?rest_route=%2Fwp%2Fv2%2Fcomments&post=7690"}],"version-history":[{"count":0,"href":"https:\/\/ecosdelsur.com\/index.php?rest_route=\/wp\/v2\/posts\/7690\/revisions"}],"wp:featuredmedia":[{"embeddable":true,"href":"https:\/\/ecosdelsur.com\/index.php?rest_route=\/wp\/v2\/media\/7696"}],"wp:attachment":[{"href":"https:\/\/ecosdelsur.com\/index.php?rest_route=%2Fwp%2Fv2%2Fmedia&parent=7690"}],"wp:term":[{"taxonomy":"category","embeddable":true,"href":"https:\/\/ecosdelsur.com\/index.php?rest_route=%2Fwp%2Fv2%2Fcategories&post=7690"},{"taxonomy":"post_tag","embeddable":true,"href":"https:\/\/ecosdelsur.com\/index.php?rest_route=%2Fwp%2Fv2%2Ftags&post=7690"}],"curies":[{"name":"wp","href":"https:\/\/api.w.org\/{rel}","templated":true}]}}