{"id":7685,"date":"2023-08-27T06:45:14","date_gmt":"2023-08-27T06:45:14","guid":{"rendered":"https:\/\/ecosdelsur.com\/?p=7685"},"modified":"2023-08-27T06:56:45","modified_gmt":"2023-08-27T06:56:45","slug":"a-pedido-de-trabajadores-cotillo-presentara-proyecto-de-ordenanza-para-regular-honorarios-de-acompanantes-terapeuticos","status":"publish","type":"post","link":"https:\/\/ecosdelsur.com\/?p=7685","title":{"rendered":"A pedido de trabajadores, Cotillo presentar\u00e1 Proyecto de Ordenanza para Regular Honorarios de Acompa\u00f1antes Terap\u00e9uticos"},"content":{"rendered":"<p>27\/08\/2023-\u00a0En un esfuerzo por mejorar las condiciones laborales de los acompa\u00f1antes terap\u00e9uticos en Caleta Olivia, el intendente Fernando Cotillo se reuni\u00f3 con representantes de una asociaci\u00f3n de estos profesionales.<img decoding=\"async\" class=\"alignnone size-full wp-image-7687 lazyload\" data-src=\"https:\/\/ecosdelsur.com\/wp-content\/uploads\/2023\/08\/WhatsApp-Image-2023-08-25-at-23.50.40.jpeg\" alt=\"\" width=\"800\" height=\"461\" data-srcset=\"https:\/\/ecosdelsur.com\/wp-content\/uploads\/2023\/08\/WhatsApp-Image-2023-08-25-at-23.50.40.jpeg 800w, https:\/\/ecosdelsur.com\/wp-content\/uploads\/2023\/08\/WhatsApp-Image-2023-08-25-at-23.50.40-300x173.jpeg 300w, https:\/\/ecosdelsur.com\/wp-content\/uploads\/2023\/08\/WhatsApp-Image-2023-08-25-at-23.50.40-768x443.jpeg 768w\" data-sizes=\"(max-width: 800px) 100vw, 800px\" src=\"data:image\/svg+xml;base64,PHN2ZyB3aWR0aD0iMSIgaGVpZ2h0PSIxIiB4bWxucz0iaHR0cDovL3d3dy53My5vcmcvMjAwMC9zdmciPjwvc3ZnPg==\" style=\"--smush-placeholder-width: 800px; --smush-placeholder-aspect-ratio: 800\/461;\" \/><br \/>\nEn el encuentro, en Sala de Situaci\u00f3n comunal, se habl\u00f3 sobre un proyecto de ordenanza destinado a establecer un \u201chonorario m\u00ednimo \u00e9tico\u201d para los acompa\u00f1antes terap\u00e9uticos y, de esta manera, jerarquizar su labor.<br \/>\nEl intendente Cotillo se\u00f1al\u00f3 que el proyecto de ordenanza surgi\u00f3 a pedido de esta Asociaci\u00f3n de Acompa\u00f1antes Terap\u00e9uticos, que representa a alrededor de 400 personas habilitadas en la ciudad. Destac\u00f3 la importancia de esta labor, \u201cque brinda apoyo y acompa\u00f1amiento a familias en momentos dif\u00edciles\u201d, y subray\u00f3 que \u201cmuchos de los acompa\u00f1antes terap\u00e9uticos lo hacen por vocaci\u00f3n, a pesar de que algunos no cuenten con una formaci\u00f3n terciaria formal\u201d.<br \/>\nEl proyecto de ordenanza que presentar\u00e1 el Departamento Ejecutivo Municipal propone nivelar el honorario de los acompa\u00f1antes terap\u00e9uticos a un precio acorde con lo establecido por la Caja de Servicios Sociales, que asciende a 3.300 pesos la hora. La Municipalidad ha propuesto homologar este valor a 660 m\u00f3dulos, lo que resultar\u00eda en un monto similar, con actualizaciones semestrales siguiendo las pautas de la Caja de Servicios Sociales.<br \/>\nAdem\u00e1s, se busca que las obras sociales se sumen a este esfuerzo para garantizar un salario digno para estos profesionales.<br \/>\nEl proyecto de ordenanza ser\u00e1 presentado en el Concejo Deliberante la pr\u00f3xima semana, y se espera que sea aprobado en la sesi\u00f3n que se llevar\u00e1 a cabo el jueves.<br \/>\nEste es un paso importante hacia la regulaci\u00f3n y el reconocimiento de la labor de los acompa\u00f1antes terap\u00e9uticos en Caleta Olivia.<br \/>\nVer\u00f3nica Cardozo, una acompa\u00f1ante terap\u00e9utica que particip\u00f3 en la reuni\u00f3n con el intendente, expres\u00f3 su satisfacci\u00f3n y agradecimiento a Cotillo por el avance de este proyecto. Destac\u00f3 la importancia de tener un salario digno para poder realizar esta labor de manera profesional.<br \/>\nCardozo tambi\u00e9n resalt\u00f3 la necesidad de contar con un registro de acompa\u00f1antes terap\u00e9uticos en la ciudad y la importancia de tener un espacio para todos los usuarios que requieren de estos servicios.<\/p>\n","protected":false},"excerpt":{"rendered":"<p>27\/08\/2023-\u00a0En un esfuerzo por mejorar las condiciones laborales de los acompa\u00f1antes terap\u00e9uticos en Caleta Olivia, el intendente Fernando Cotillo se<\/p>\n","protected":false},"author":8,"featured_media":7687,"comment_status":"open","ping_status":"closed","sticky":false,"template":"","format":"standard","meta":{"footnotes":""},"categories":[35],"tags":[],"class_list":["post-7685","post","type-post","status-publish","format-standard","has-post-thumbnail","hentry","category-sociedad"],"_links":{"self":[{"href":"https:\/\/ecosdelsur.com\/index.php?rest_route=\/wp\/v2\/posts\/7685","targetHints":{"allow":["GET"]}}],"collection":[{"href":"https:\/\/ecosdelsur.com\/index.php?rest_route=\/wp\/v2\/posts"}],"about":[{"href":"https:\/\/ecosdelsur.com\/index.php?rest_route=\/wp\/v2\/types\/post"}],"author":[{"embeddable":true,"href":"https:\/\/ecosdelsur.com\/index.php?rest_route=\/wp\/v2\/users\/8"}],"replies":[{"embeddable":true,"href":"https:\/\/ecosdelsur.com\/index.php?rest_route=%2Fwp%2Fv2%2Fcomments&post=7685"}],"version-history":[{"count":0,"href":"https:\/\/ecosdelsur.com\/index.php?rest_route=\/wp\/v2\/posts\/7685\/revisions"}],"wp:featuredmedia":[{"embeddable":true,"href":"https:\/\/ecosdelsur.com\/index.php?rest_route=\/wp\/v2\/media\/7687"}],"wp:attachment":[{"href":"https:\/\/ecosdelsur.com\/index.php?rest_route=%2Fwp%2Fv2%2Fmedia&parent=7685"}],"wp:term":[{"taxonomy":"category","embeddable":true,"href":"https:\/\/ecosdelsur.com\/index.php?rest_route=%2Fwp%2Fv2%2Fcategories&post=7685"},{"taxonomy":"post_tag","embeddable":true,"href":"https:\/\/ecosdelsur.com\/index.php?rest_route=%2Fwp%2Fv2%2Ftags&post=7685"}],"curies":[{"name":"wp","href":"https:\/\/api.w.org\/{rel}","templated":true}]}}