{"id":7680,"date":"2023-08-27T06:38:22","date_gmt":"2023-08-27T06:38:22","guid":{"rendered":"https:\/\/ecosdelsur.com\/?p=7680"},"modified":"2023-08-27T06:38:22","modified_gmt":"2023-08-27T06:38:22","slug":"claudio-vidal-se-reunio-con-operadoras-petroleras-y-buscara-aunar-esfuerzos-para-combatir-la-dificil-situacion-del-sector","status":"publish","type":"post","link":"https:\/\/ecosdelsur.com\/?p=7680","title":{"rendered":"Claudio Vidal se reuni\u00f3 con operadoras petroleras, y buscar\u00e1 aunar esfuerzos para combatir la dif\u00edcil situaci\u00f3n del sector"},"content":{"rendered":"<p>El gobernador electo mantuvo este viernes un encuentro con las principales empresas de la industria hidrocarbur\u00edfera, y manifest\u00f3 su preocupaci\u00f3n por la ca\u00edda de producci\u00f3n que enfrenta el sector en los \u00faltimos a\u00f1os. <img decoding=\"async\" class=\"alignnone size-full wp-image-7682 lazyload\" data-src=\"https:\/\/ecosdelsur.com\/wp-content\/uploads\/2023\/08\/enp.jpg\" alt=\"\" width=\"800\" height=\"428\" data-srcset=\"https:\/\/ecosdelsur.com\/wp-content\/uploads\/2023\/08\/enp.jpg 800w, https:\/\/ecosdelsur.com\/wp-content\/uploads\/2023\/08\/enp-300x161.jpg 300w, https:\/\/ecosdelsur.com\/wp-content\/uploads\/2023\/08\/enp-768x411.jpg 768w\" data-sizes=\"(max-width: 800px) 100vw, 800px\" src=\"data:image\/svg+xml;base64,PHN2ZyB3aWR0aD0iMSIgaGVpZ2h0PSIxIiB4bWxucz0iaHR0cDovL3d3dy53My5vcmcvMjAwMC9zdmciPjwvc3ZnPg==\" style=\"--smush-placeholder-width: 800px; --smush-placeholder-aspect-ratio: 800\/428;\" \/>\u201cDe 2015 a la fecha, lo \u00fanico que tuvimos son p\u00e9rdidas de metros c\u00fabicos de extracci\u00f3n. As\u00ed no se puede seguir, los datos deben preocuparnos y obligarnos a trabajar de manera conjunta para revertir la situaci\u00f3n\u201d.<\/p>\n<p>La Cuenca del Golfo San Jorge atraviesa una situaci\u00f3n angustiante, algo que Claudio Vidal ha venido denunciando desde hace mucho tiempo, primero como secretario general del Sindicato de Petr\u00f3leo, Gas y Energ\u00edas Renovables (SIPGER) y despu\u00e9s como diputado de la Naci\u00f3n.<\/p>\n<p>Est\u00e1 claro que los vaivenes de la macroeconom\u00eda, las pol\u00edticas marginales definidas a nivel nacional, los objetivos de negocio empresarial orientados otras formas de extracci\u00f3n y otro tipo de yacimiento, y la falta de inversi\u00f3n han provocado un declino de producci\u00f3n acelerado en la provincia.<\/p>\n<p>Las operadoras hoy s\u00f3lo privilegian las inversiones en Vaca Muerta y dejan a la deriva a los yacimientos tradicionales, que van disminuyendo la producci\u00f3n irremediablemente, lo que provoca que comiencen a caer la actividad.<\/p>\n<p>\u201cTenemos que ponernos a trabajar todos juntos, con un mismo objetivo. El sector trabajador, el sector empresarial y las autoridades pol\u00edticas tienen que aportar soluciones e ideas de manera colaborativa. Debemos encontrar soluciones reales y sistentanles que permitan revertir la realidad que enfrentamos, para cuidar los puestos de trabajo y los ingresos de la provincia. Si la actividad se sigue cayendo va a golpear al Estado provincial, al Estado municipal, muchos salarios y presupuestos que se financian con lo que entran de regal\u00edas\u201d, explic\u00f3 Vidal.<\/p>\n<p>Cabe recordar que, horas atr\u00e1s, el gobernador electo se reuni\u00f3 con ejecutivos de empresas mineras, con el objetivo de aunar esfuerzos para mejorar las condiciones de generaci\u00f3n de puestos de trabajo. Siguiendo la misma l\u00ednea, faltando todav\u00eda cuatro meses para su asunci\u00f3n, Vidal ya inici\u00f3 el proceso de transformaci\u00f3n para una nueva realidad en la provincia.<\/p>\n","protected":false},"excerpt":{"rendered":"<p>El gobernador electo mantuvo este viernes un encuentro con las principales empresas de la industria hidrocarbur\u00edfera, y manifest\u00f3 su preocupaci\u00f3n<\/p>\n","protected":false},"author":8,"featured_media":7681,"comment_status":"open","ping_status":"closed","sticky":false,"template":"","format":"standard","meta":{"footnotes":""},"categories":[33,87],"tags":[],"class_list":["post-7680","post","type-post","status-publish","format-standard","has-post-thumbnail","hentry","category-politica","category-provinciales"],"_links":{"self":[{"href":"https:\/\/ecosdelsur.com\/index.php?rest_route=\/wp\/v2\/posts\/7680","targetHints":{"allow":["GET"]}}],"collection":[{"href":"https:\/\/ecosdelsur.com\/index.php?rest_route=\/wp\/v2\/posts"}],"about":[{"href":"https:\/\/ecosdelsur.com\/index.php?rest_route=\/wp\/v2\/types\/post"}],"author":[{"embeddable":true,"href":"https:\/\/ecosdelsur.com\/index.php?rest_route=\/wp\/v2\/users\/8"}],"replies":[{"embeddable":true,"href":"https:\/\/ecosdelsur.com\/index.php?rest_route=%2Fwp%2Fv2%2Fcomments&post=7680"}],"version-history":[{"count":0,"href":"https:\/\/ecosdelsur.com\/index.php?rest_route=\/wp\/v2\/posts\/7680\/revisions"}],"wp:featuredmedia":[{"embeddable":true,"href":"https:\/\/ecosdelsur.com\/index.php?rest_route=\/wp\/v2\/media\/7681"}],"wp:attachment":[{"href":"https:\/\/ecosdelsur.com\/index.php?rest_route=%2Fwp%2Fv2%2Fmedia&parent=7680"}],"wp:term":[{"taxonomy":"category","embeddable":true,"href":"https:\/\/ecosdelsur.com\/index.php?rest_route=%2Fwp%2Fv2%2Fcategories&post=7680"},{"taxonomy":"post_tag","embeddable":true,"href":"https:\/\/ecosdelsur.com\/index.php?rest_route=%2Fwp%2Fv2%2Ftags&post=7680"}],"curies":[{"name":"wp","href":"https:\/\/api.w.org\/{rel}","templated":true}]}}