{"id":7673,"date":"2023-08-27T06:26:30","date_gmt":"2023-08-27T06:26:30","guid":{"rendered":"https:\/\/ecosdelsur.com\/?p=7673"},"modified":"2023-08-27T06:26:30","modified_gmt":"2023-08-27T06:26:30","slug":"alicia-felicito-a-matias-diaz-por-el-logro-obtenido-en-el-mundial-de-aguas-abiertas-de-macedonia","status":"publish","type":"post","link":"https:\/\/ecosdelsur.com\/?p=7673","title":{"rendered":"Alicia felicit\u00f3 a Mat\u00edas D\u00edaz por el logro obtenido en el Mundial de Aguas Abiertas de Macedonia"},"content":{"rendered":"<h5 class=\"itemTitle\"><span style=\"font-size: 16px;\">El nadador santacruce\u00f1o Mat\u00edas D\u00edaz se consagr\u00f3 subcampe\u00f3n mundial de aguas abiertas de 25 km en la ciudad de Ohrid, Macedonia. <img decoding=\"async\" class=\"alignnone size-full wp-image-7676 lazyload\" data-src=\"https:\/\/ecosdelsur.com\/wp-content\/uploads\/2023\/08\/WhatsApp_Image_2023-08-26_at_5.49.40_PM.jpeg\" alt=\"\" width=\"800\" height=\"538\" data-srcset=\"https:\/\/ecosdelsur.com\/wp-content\/uploads\/2023\/08\/WhatsApp_Image_2023-08-26_at_5.49.40_PM.jpeg 800w, https:\/\/ecosdelsur.com\/wp-content\/uploads\/2023\/08\/WhatsApp_Image_2023-08-26_at_5.49.40_PM-300x202.jpeg 300w, https:\/\/ecosdelsur.com\/wp-content\/uploads\/2023\/08\/WhatsApp_Image_2023-08-26_at_5.49.40_PM-768x516.jpeg 768w\" data-sizes=\"(max-width: 800px) 100vw, 800px\" src=\"data:image\/svg+xml;base64,PHN2ZyB3aWR0aD0iMSIgaGVpZ2h0PSIxIiB4bWxucz0iaHR0cDovL3d3dy53My5vcmcvMjAwMC9zdmciPjwvc3ZnPg==\" style=\"--smush-placeholder-width: 800px; --smush-placeholder-aspect-ratio: 800\/538;\" \/><\/span><\/h5>\n<div class=\"itemFullText\">\n<p>D\u00edaz complet\u00f3 la prueba en 4 horas, 59 minutos y 2 segundos, solo superado por el italiano Simone Ruffini. El anuncio de los ganadores y la entrega de premios ser\u00e1 esta noche en el patio del hotel &#8220;Palace&#8221;, a partir de las 20:00 horas. Cabe destacar que el Argentino volvi\u00f3 hacer podio al igual que lo hiciera anteriormente cuando se consagr\u00f3 campe\u00f3n mundial.<img decoding=\"async\" class=\"alignnone size-full wp-image-7674 lazyload\" data-src=\"https:\/\/ecosdelsur.com\/wp-content\/uploads\/2023\/08\/WhatsApp_Image_2023-08-26_at_5.49.39_PM.jpeg\" alt=\"\" width=\"800\" height=\"464\" data-srcset=\"https:\/\/ecosdelsur.com\/wp-content\/uploads\/2023\/08\/WhatsApp_Image_2023-08-26_at_5.49.39_PM.jpeg 800w, https:\/\/ecosdelsur.com\/wp-content\/uploads\/2023\/08\/WhatsApp_Image_2023-08-26_at_5.49.39_PM-300x174.jpeg 300w, https:\/\/ecosdelsur.com\/wp-content\/uploads\/2023\/08\/WhatsApp_Image_2023-08-26_at_5.49.39_PM-768x445.jpeg 768w\" data-sizes=\"(max-width: 800px) 100vw, 800px\" src=\"data:image\/svg+xml;base64,PHN2ZyB3aWR0aD0iMSIgaGVpZ2h0PSIxIiB4bWxucz0iaHR0cDovL3d3dy53My5vcmcvMjAwMC9zdmciPjwvc3ZnPg==\" style=\"--smush-placeholder-width: 800px; --smush-placeholder-aspect-ratio: 800\/464;\" \/><\/p>\n<p>Mat\u00edas D\u00edaz expres\u00f3 su alegr\u00eda y agradecimiento al Gobierno de Santa Cruz por acompa\u00f1arlo en este nuevo logro, que lo posiciona como uno de los mejores del mundo en esta disciplina. \u00a0A la vez, recibi\u00f3 el saludo especial de la gobernadora Alicia Kirchner, que a trav\u00e9s de sus redes sociales lo felicit\u00f3 por su medalla de plata y lo destac\u00f3 como un orgullo para la provincia y el pa\u00eds. \u201cTe deseo todos los \u00e9xitos para la pr\u00f3xima competencia en N\u00e1poles. Queremos que sepas que tu esfuerzo es el motor que impulsa tus sue\u00f1os e inspiran a tantos j\u00f3venes de la provincia. De Santa Cruz al Mundo, vamos por m\u00e1s \u00e9xitos\u201d, subray\u00f3 la mandataria.<\/p>\n<p>El nadador santacruce\u00f1o continuar\u00e1 su estad\u00eda en Europa prepar\u00e1ndose para la pr\u00f3xima competencia de Capri-N\u00e1poles y posteriormente participar\u00e1 tambi\u00e9n de una nueva competencia en M\u00e9xico, lugar que fue recientemente confirmado por la Secretar\u00eda de Estado de Deporte y Recreaci\u00f3n de la provincia.<\/p>\n<\/div>\n<p>&nbsp;<\/p>\n","protected":false},"excerpt":{"rendered":"<p>El nadador santacruce\u00f1o Mat\u00edas D\u00edaz se consagr\u00f3 subcampe\u00f3n mundial de aguas abiertas de 25 km en la ciudad de Ohrid,<\/p>\n","protected":false},"author":8,"featured_media":7675,"comment_status":"open","ping_status":"closed","sticky":false,"template":"","format":"standard","meta":{"footnotes":""},"categories":[37],"tags":[],"class_list":["post-7673","post","type-post","status-publish","format-standard","has-post-thumbnail","hentry","category-deportes"],"_links":{"self":[{"href":"https:\/\/ecosdelsur.com\/index.php?rest_route=\/wp\/v2\/posts\/7673","targetHints":{"allow":["GET"]}}],"collection":[{"href":"https:\/\/ecosdelsur.com\/index.php?rest_route=\/wp\/v2\/posts"}],"about":[{"href":"https:\/\/ecosdelsur.com\/index.php?rest_route=\/wp\/v2\/types\/post"}],"author":[{"embeddable":true,"href":"https:\/\/ecosdelsur.com\/index.php?rest_route=\/wp\/v2\/users\/8"}],"replies":[{"embeddable":true,"href":"https:\/\/ecosdelsur.com\/index.php?rest_route=%2Fwp%2Fv2%2Fcomments&post=7673"}],"version-history":[{"count":0,"href":"https:\/\/ecosdelsur.com\/index.php?rest_route=\/wp\/v2\/posts\/7673\/revisions"}],"wp:featuredmedia":[{"embeddable":true,"href":"https:\/\/ecosdelsur.com\/index.php?rest_route=\/wp\/v2\/media\/7675"}],"wp:attachment":[{"href":"https:\/\/ecosdelsur.com\/index.php?rest_route=%2Fwp%2Fv2%2Fmedia&parent=7673"}],"wp:term":[{"taxonomy":"category","embeddable":true,"href":"https:\/\/ecosdelsur.com\/index.php?rest_route=%2Fwp%2Fv2%2Fcategories&post=7673"},{"taxonomy":"post_tag","embeddable":true,"href":"https:\/\/ecosdelsur.com\/index.php?rest_route=%2Fwp%2Fv2%2Ftags&post=7673"}],"curies":[{"name":"wp","href":"https:\/\/api.w.org\/{rel}","templated":true}]}}