{"id":7667,"date":"2023-08-27T06:15:38","date_gmt":"2023-08-27T06:15:38","guid":{"rendered":"https:\/\/ecosdelsur.com\/?p=7667"},"modified":"2023-08-27T06:15:38","modified_gmt":"2023-08-27T06:15:38","slug":"alicia-firmo-convenios-para-la-creacion-de-una-planta-estable-y-la-gestion-de-residuos","status":"publish","type":"post","link":"https:\/\/ecosdelsur.com\/?p=7667","title":{"rendered":"Alicia firm\u00f3 convenios para la creaci\u00f3n de una planta estable y la gesti\u00f3n de residuos"},"content":{"rendered":"<h5 class=\"itemTitle\"><span style=\"font-size: 16px;\">La gobernadora Alicia Kirchner, recibi\u00f3 al ministro de Ambiente y Desarrollo Sostenible de la Naci\u00f3n, Juan Cabandi\u00e9. <img decoding=\"async\" class=\"alignnone size-full wp-image-7671 lazyload\" data-src=\"https:\/\/ecosdelsur.com\/wp-content\/uploads\/2023\/08\/WhatsApp_Image_2023-08-25_at_15.41.44_13.jpeg\" alt=\"\" width=\"800\" height=\"482\" data-srcset=\"https:\/\/ecosdelsur.com\/wp-content\/uploads\/2023\/08\/WhatsApp_Image_2023-08-25_at_15.41.44_13.jpeg 800w, https:\/\/ecosdelsur.com\/wp-content\/uploads\/2023\/08\/WhatsApp_Image_2023-08-25_at_15.41.44_13-300x181.jpeg 300w, https:\/\/ecosdelsur.com\/wp-content\/uploads\/2023\/08\/WhatsApp_Image_2023-08-25_at_15.41.44_13-768x463.jpeg 768w\" data-sizes=\"(max-width: 800px) 100vw, 800px\" src=\"data:image\/svg+xml;base64,PHN2ZyB3aWR0aD0iMSIgaGVpZ2h0PSIxIiB4bWxucz0iaHR0cDovL3d3dy53My5vcmcvMjAwMC9zdmciPjwvc3ZnPg==\" style=\"--smush-placeholder-width: 800px; --smush-placeholder-aspect-ratio: 800\/482;\" \/>Este mediod\u00eda se firm\u00f3 un convenio para la implementaci\u00f3n del proyecto de planta estable, estaci\u00f3n biol\u00f3gica y un centro de interpretaci\u00f3n en el Parque Nacional Monte Le\u00f3n. Con las autoridades nacionales, provinciales y municipales se firmaron una serie de convenios y adendas para Santa Cruz y sus localidades en materia de ambiente.<img decoding=\"async\" class=\"alignnone size-full wp-image-7670 lazyload\" data-src=\"https:\/\/ecosdelsur.com\/wp-content\/uploads\/2023\/08\/WhatsApp_Image_2023-08-25_at_15.41.44_10.jpeg\" alt=\"\" width=\"800\" height=\"490\" data-srcset=\"https:\/\/ecosdelsur.com\/wp-content\/uploads\/2023\/08\/WhatsApp_Image_2023-08-25_at_15.41.44_10.jpeg 800w, https:\/\/ecosdelsur.com\/wp-content\/uploads\/2023\/08\/WhatsApp_Image_2023-08-25_at_15.41.44_10-300x184.jpeg 300w, https:\/\/ecosdelsur.com\/wp-content\/uploads\/2023\/08\/WhatsApp_Image_2023-08-25_at_15.41.44_10-768x470.jpeg 768w\" data-sizes=\"(max-width: 800px) 100vw, 800px\" src=\"data:image\/svg+xml;base64,PHN2ZyB3aWR0aD0iMSIgaGVpZ2h0PSIxIiB4bWxucz0iaHR0cDovL3d3dy53My5vcmcvMjAwMC9zdmciPjwvc3ZnPg==\" style=\"--smush-placeholder-width: 800px; --smush-placeholder-aspect-ratio: 800\/490;\" \/><\/span><\/h5>\n<div class=\"itemFullText\">\n<p>La gobernadora Alicia Kirchner, recibi\u00f3 al ministro de Ambiente y Desarrollo Sostenible de la Naci\u00f3n, y autoridades de Parques Nacionales y de la Fundaci\u00f3n Por el Mar. Con las autoridades nacionales, provinciales y municipales se firmaron una serie de convenios y adendas para Santa Cruz y sus localidades.<img decoding=\"async\" class=\"alignnone size-full wp-image-7669 lazyload\" data-src=\"https:\/\/ecosdelsur.com\/wp-content\/uploads\/2023\/08\/WhatsApp_Image_2023-08-25_at_15.41.44_3.jpeg\" alt=\"\" width=\"800\" height=\"480\" data-srcset=\"https:\/\/ecosdelsur.com\/wp-content\/uploads\/2023\/08\/WhatsApp_Image_2023-08-25_at_15.41.44_3.jpeg 800w, https:\/\/ecosdelsur.com\/wp-content\/uploads\/2023\/08\/WhatsApp_Image_2023-08-25_at_15.41.44_3-300x180.jpeg 300w, https:\/\/ecosdelsur.com\/wp-content\/uploads\/2023\/08\/WhatsApp_Image_2023-08-25_at_15.41.44_3-768x461.jpeg 768w\" data-sizes=\"(max-width: 800px) 100vw, 800px\" src=\"data:image\/svg+xml;base64,PHN2ZyB3aWR0aD0iMSIgaGVpZ2h0PSIxIiB4bWxucz0iaHR0cDovL3d3dy53My5vcmcvMjAwMC9zdmciPjwvc3ZnPg==\" style=\"--smush-placeholder-width: 800px; --smush-placeholder-aspect-ratio: 800\/480;\" \/><\/p>\n<p>Previo al acto oficial, las autoridades se reunieron en el despacho de la Casa de Gobierno donde se hizo la recepci\u00f3n por parte de la primera mandataria santacruce\u00f1a. Luego, y en primera instancia, junto a la Administraci\u00f3n de Parques Nacionales, la Secretar\u00eda de Ambiente de Santa Cruz y la Fundaci\u00f3n Por el Mar, firmaron un convenio espec\u00edfico para la implementaci\u00f3n del proyecto de planta estable, estaci\u00f3n biol\u00f3gica y Centro de Interpretaci\u00f3n que estar\u00e1 ubicado en la costa del Parque Nacional Monte Le\u00f3n.<\/p>\n<p>Se trata de una obra que apunta al punto de encuentro frente al mar. El objetivo central del proyecto es generar un espacio para conectar a los visitantes con la ciencia y la conservaci\u00f3n marina y dar al mar sure\u00f1o la relevancia que merece.<\/p>\n<p>Se prev\u00e9 que la planta estable cuente con un quincho, \u00e1rea de lavadero, dorm\u00eds, sanitarios, una estaci\u00f3n biol\u00f3gica y un Centro de Interpretaci\u00f3n, adem\u00e1s de camping y fogones.<\/p>\n<p>La estaci\u00f3n biol\u00f3gica, laboratorio y base para los cient\u00edficos que est\u00e1n llevando a cabo investigaciones en la costa o el mar, agrega una experiencia enriquecedora para cualquier visitante.<br \/>\nGesti\u00f3n de residuos y lucha contra el fuego<\/p>\n<p>En tanto, desde el Ministerio de Ambiente y Desarrollo Sostenible de la Naci\u00f3n se lleva adelante el plan GIRSU, una estrategia transversal, en articulaci\u00f3n con provincias y municipios, que promueve el saneamiento ambiental y la optimizaci\u00f3n de recursos para garantizar una gesti\u00f3n moderna y eficiente de los residuos s\u00f3lidos urbanos, como un ejemplo de la econom\u00eda circular.<\/p>\n<p>En este marco, se realiz\u00f3 la firma de convenios de cooperaci\u00f3n con tres localidades de la provincia, que recibir\u00e1n equipamiento para una gesti\u00f3n urbana ambientalmente sostenible.<\/p>\n<p>De este modo, se firmaron los convenios de adhesi\u00f3n, cooperaci\u00f3n y compromiso para la adquisici\u00f3n de equipamiento para la gesti\u00f3n de residuos s\u00f3lidos urbanos entre el Ministerio de Ambiente y Desarrollo Sostenible de la Naci\u00f3n y los municipios de Piedra Buena, Perito Moreno y R\u00edo Turbio.<\/p>\n<p>Durante el encuentro, adem\u00e1s, en pos de colaborar con las acciones para prevenir los siniestros en materia de incendios forestales y rurales, el Ministerio de Ambiente y Desarrollo Sostenible efectiviz\u00f3 la entrega de tres sistemas de reservorio, a los fines de atender las necesidades de los medios a\u00e9reos o autobombas y proveer a los mismos de agua, donde el recurso sea escaso con el objeto de responder, de manera m\u00e1s inmediata, los focos de incendio.<\/p>\n<p>En consecuencia, se efectiviz\u00f3 la firma de una adenda entre el Ministerio y el Consejo Agrario Provincial para la adquisici\u00f3n de bienes en el marco del Fondo Nacional de Manejo del Fuego.<br \/>\nSeguidamente, se firm\u00f3 la agenda N\u00b0 1 al convenio de cooperaci\u00f3n y compromiso para la adquisici\u00f3n de bienes en el marco del Fondo Nacional de Manejo del Fuego, entre el Ministerio de Ambiente y Desarrollo Sostenible y la provincia de Santa Cruz.<\/p>\n<p>La gobernadora Alicia Kirchner estuvo acompa\u00f1ada del ministro de Ambiente y Desarrollo Sostenible de la Naci\u00f3n, Juan Cabandi\u00e9; junto al secretario de Estado de Ambiente, Mariano Bertinat; y el presidente del Consejo Agrario Provincial, Javier De Urquiza. Acompa\u00f1\u00f3, adem\u00e1s, el intendente de Piedra Buena, Federico Bodlovic.<\/p>\n<p>Participaron, adem\u00e1s, el presidente del Directorio de Parques Nacionales, Federico Granato; y desde la Fundaci\u00f3n Por El Mar, Martina Sasso Y Ana Fern\u00e1ndez.<\/p>\n<\/div>\n","protected":false},"excerpt":{"rendered":"<p>La gobernadora Alicia Kirchner, recibi\u00f3 al ministro de Ambiente y Desarrollo Sostenible de la Naci\u00f3n, Juan Cabandi\u00e9. Este mediod\u00eda se<\/p>\n","protected":false},"author":8,"featured_media":7668,"comment_status":"open","ping_status":"closed","sticky":false,"template":"","format":"standard","meta":{"footnotes":""},"categories":[33,39],"tags":[],"class_list":["post-7667","post","type-post","status-publish","format-standard","has-post-thumbnail","hentry","category-politica","category-tecnologia"],"_links":{"self":[{"href":"https:\/\/ecosdelsur.com\/index.php?rest_route=\/wp\/v2\/posts\/7667","targetHints":{"allow":["GET"]}}],"collection":[{"href":"https:\/\/ecosdelsur.com\/index.php?rest_route=\/wp\/v2\/posts"}],"about":[{"href":"https:\/\/ecosdelsur.com\/index.php?rest_route=\/wp\/v2\/types\/post"}],"author":[{"embeddable":true,"href":"https:\/\/ecosdelsur.com\/index.php?rest_route=\/wp\/v2\/users\/8"}],"replies":[{"embeddable":true,"href":"https:\/\/ecosdelsur.com\/index.php?rest_route=%2Fwp%2Fv2%2Fcomments&post=7667"}],"version-history":[{"count":0,"href":"https:\/\/ecosdelsur.com\/index.php?rest_route=\/wp\/v2\/posts\/7667\/revisions"}],"wp:featuredmedia":[{"embeddable":true,"href":"https:\/\/ecosdelsur.com\/index.php?rest_route=\/wp\/v2\/media\/7668"}],"wp:attachment":[{"href":"https:\/\/ecosdelsur.com\/index.php?rest_route=%2Fwp%2Fv2%2Fmedia&parent=7667"}],"wp:term":[{"taxonomy":"category","embeddable":true,"href":"https:\/\/ecosdelsur.com\/index.php?rest_route=%2Fwp%2Fv2%2Fcategories&post=7667"},{"taxonomy":"post_tag","embeddable":true,"href":"https:\/\/ecosdelsur.com\/index.php?rest_route=%2Fwp%2Fv2%2Ftags&post=7667"}],"curies":[{"name":"wp","href":"https:\/\/api.w.org\/{rel}","templated":true}]}}