{"id":7660,"date":"2023-08-27T06:09:56","date_gmt":"2023-08-27T06:09:56","guid":{"rendered":"https:\/\/ecosdelsur.com\/?p=7660"},"modified":"2023-08-27T06:09:56","modified_gmt":"2023-08-27T06:09:56","slug":"con-gran-exito-se-realizo-la-presentacion-de-cantanino-2023-en-fitz-roy","status":"publish","type":"post","link":"https:\/\/ecosdelsur.com\/?p=7660","title":{"rendered":"Con gran \u00e9xito se realiz\u00f3 la presentaci\u00f3n de \u201cCantani\u00f1o 2023\u201d en Fitz Roy"},"content":{"rendered":"<h5 class=\"itemTitle\"><span lang=\"ES\" style=\"font-size: 16px;\">El Consejo Provincial de Educaci\u00f3n, a trav\u00e9s de la Direcci\u00f3n Provincial de Educaci\u00f3n Rural, acompa\u00f1\u00f3 en la presentaci\u00f3n de \u201cCantani\u00f1o 2023\u201d, proyecto desarrollado por la Escuela Primaria Provincial Rural N\u00ba20, \u201cMalvinas Argentinas\u201d, de Fitz Roy.<img decoding=\"async\" class=\"alignnone size-full wp-image-7661 lazyload\" data-src=\"https:\/\/ecosdelsur.com\/wp-content\/uploads\/2023\/08\/WhatsApp_Image_2023-08-26_at_11.32.06_AM_2.jpeg\" alt=\"\" width=\"800\" height=\"464\" data-srcset=\"https:\/\/ecosdelsur.com\/wp-content\/uploads\/2023\/08\/WhatsApp_Image_2023-08-26_at_11.32.06_AM_2.jpeg 800w, https:\/\/ecosdelsur.com\/wp-content\/uploads\/2023\/08\/WhatsApp_Image_2023-08-26_at_11.32.06_AM_2-300x174.jpeg 300w, https:\/\/ecosdelsur.com\/wp-content\/uploads\/2023\/08\/WhatsApp_Image_2023-08-26_at_11.32.06_AM_2-768x445.jpeg 768w\" data-sizes=\"(max-width: 800px) 100vw, 800px\" src=\"data:image\/svg+xml;base64,PHN2ZyB3aWR0aD0iMSIgaGVpZ2h0PSIxIiB4bWxucz0iaHR0cDovL3d3dy53My5vcmcvMjAwMC9zdmciPjwvc3ZnPg==\" style=\"--smush-placeholder-width: 800px; --smush-placeholder-aspect-ratio: 800\/464;\" \/> Este evento <\/span><span style=\"font-size: 16px;\">brinda a los y las estudiantes la posibilidad de expresar sus sentimientos a trav\u00e9s del canto y compartir diferentes vivencias, habilidades, estilos, ritmos, melod\u00edas y armon\u00edas de la m\u00fasica que son propios a cada localidad.<img decoding=\"async\" class=\"alignnone size-full wp-image-7662 lazyload\" data-src=\"https:\/\/ecosdelsur.com\/wp-content\/uploads\/2023\/08\/WhatsApp_Image_2023-08-26_at_11.32.06_AM_3.jpeg\" alt=\"\" width=\"800\" height=\"488\" data-srcset=\"https:\/\/ecosdelsur.com\/wp-content\/uploads\/2023\/08\/WhatsApp_Image_2023-08-26_at_11.32.06_AM_3.jpeg 800w, https:\/\/ecosdelsur.com\/wp-content\/uploads\/2023\/08\/WhatsApp_Image_2023-08-26_at_11.32.06_AM_3-300x183.jpeg 300w, https:\/\/ecosdelsur.com\/wp-content\/uploads\/2023\/08\/WhatsApp_Image_2023-08-26_at_11.32.06_AM_3-768x468.jpeg 768w\" data-sizes=\"(max-width: 800px) 100vw, 800px\" src=\"data:image\/svg+xml;base64,PHN2ZyB3aWR0aD0iMSIgaGVpZ2h0PSIxIiB4bWxucz0iaHR0cDovL3d3dy53My5vcmcvMjAwMC9zdmciPjwvc3ZnPg==\" style=\"--smush-placeholder-width: 800px; --smush-placeholder-aspect-ratio: 800\/488;\" \/><\/span><\/h5>\n<div class=\"itemFullText\">\n<p>El encuentro cont\u00f3 con la presencia de estudiantes y docentes de distintas instituciones educativas de la modalidad rural, quienes disfrutaron\u00a0de un momento de\u00a0intercambio musical, de uni\u00f3n de lazos de solidaridad y cooperativismo, junto a las familias.<img decoding=\"async\" class=\"alignnone size-full wp-image-7664 lazyload\" data-src=\"https:\/\/ecosdelsur.com\/wp-content\/uploads\/2023\/08\/WhatsApp_Image_2023-08-26_at_11.32.06_AM_6.jpeg\" alt=\"\" width=\"800\" height=\"493\" data-srcset=\"https:\/\/ecosdelsur.com\/wp-content\/uploads\/2023\/08\/WhatsApp_Image_2023-08-26_at_11.32.06_AM_6.jpeg 800w, https:\/\/ecosdelsur.com\/wp-content\/uploads\/2023\/08\/WhatsApp_Image_2023-08-26_at_11.32.06_AM_6-300x185.jpeg 300w, https:\/\/ecosdelsur.com\/wp-content\/uploads\/2023\/08\/WhatsApp_Image_2023-08-26_at_11.32.06_AM_6-768x473.jpeg 768w\" data-sizes=\"(max-width: 800px) 100vw, 800px\" src=\"data:image\/svg+xml;base64,PHN2ZyB3aWR0aD0iMSIgaGVpZ2h0PSIxIiB4bWxucz0iaHR0cDovL3d3dy53My5vcmcvMjAwMC9zdmciPjwvc3ZnPg==\" style=\"--smush-placeholder-width: 800px; --smush-placeholder-aspect-ratio: 800\/493;\" \/><\/p>\n<p>Sobre el inicio de \u201cCantani\u00f1o\u201d, la directora de la EPPR N\u00b020, Moira Brown, expres\u00f3 que\u00a0este proyecto nace en el a\u00f1o 2017, de la inquietud de una ex estudiante, en ese momento madre y parte de la cooperadora escolar en aquel entonces, pensando en el festejo del D\u00eda del Ni\u00f1o. \u201cLuego de llevar adelante reuniones con integrantes del grupo de cooperadora, se plante\u00f3 que ser\u00eda valioso poder brindar la oportunidad a ni\u00f1os y ni\u00f1as de expresarse art\u00edsticamente, a trav\u00e9s del canto\u201d, agreg\u00f3.<\/p>\n<p>\u201cEs por ello que se determin\u00f3 dar inicio a este desaf\u00edo, que fue tambi\u00e9n un motivo para detenernos y comenzar a mostrar lo que hacemos habitualmente en la escuela vinculado a los contenidos, actividades, actos, entre otras propuestas educativas\u201d, ampli\u00f3.<\/p>\n<p>Desde el \u00e1rea de M\u00fasica y en conjunto con todo el equipo de la escuela, se puso a disposici\u00f3n lo necesario para poder desarrollar el primer \u201cCantani\u00f1o\u201d de Fitz Roy, como Proyecto Institucional, logrando\u00a0trabajar, de este modo, la cultura a trav\u00e9s de canciones infantiles, folklore y pop y, a su vez, conocer distintos estilos musicales en la interpretaci\u00f3n de los ni\u00f1os y ni\u00f1as.<\/p>\n<p>La directora Brown manifest\u00f3 que \u201ceste proyecto se continu\u00f3 al a\u00f1o siguiente, en el 2018, logrando la participaci\u00f3n de las familias en el escenario y de otras localidades rurales\u201d y, ampli\u00f3 que, en el 2019, se participaron en el \u201cCanta Patagonia Argentina\u201d, de la localidad de Pico Truncado, siendo premiadas en diferentes categor\u00edas.<\/p>\n<p>\u201cEn el a\u00f1o 2021 los y las estudiantes ni\u00f1os estuvieron presentes a trav\u00e9s del baile, dibujo, ejecuci\u00f3n de instrumentos y canto en compa\u00f1\u00eda de la familias, en los festejos de los 100 a\u00f1os del ferrocarril de Fitz Roy\u201d, record\u00f3.<\/p>\n<p>Asimismo, sostuvo que en el 2022 que este proyecto traslad\u00f3 su escenario al gimnasio \u201cManos unidas\u201d, nuevamente con la presencia de las escuelas y de la presidenta del Consejo Provincial de Educaci\u00f3n, Mar\u00eda Cecilia Vel\u00e1zquez.<\/p>\n<p>Por \u00faltimo, este proyecto institucional fue galardonado, y reconocido a nivel comunal y provincial, por su forma de concebir y abordar los procesos de ense\u00f1anza aprendizaje y construcci\u00f3n del conocimiento. Adem\u00e1s, se destaca por promover la participaci\u00f3n, la reflexi\u00f3n y el di\u00e1logo de todas las personas incluidas en el proyecto.<\/p>\n<\/div>\n","protected":false},"excerpt":{"rendered":"<p>El Consejo Provincial de Educaci\u00f3n, a trav\u00e9s de la Direcci\u00f3n Provincial de Educaci\u00f3n Rural, acompa\u00f1\u00f3 en la presentaci\u00f3n de \u201cCantani\u00f1o<\/p>\n","protected":false},"author":8,"featured_media":7663,"comment_status":"open","ping_status":"closed","sticky":false,"template":"","format":"standard","meta":{"footnotes":""},"categories":[90,35],"tags":[],"class_list":["post-7660","post","type-post","status-publish","format-standard","has-post-thumbnail","hentry","category-educacion-2","category-sociedad"],"_links":{"self":[{"href":"https:\/\/ecosdelsur.com\/index.php?rest_route=\/wp\/v2\/posts\/7660","targetHints":{"allow":["GET"]}}],"collection":[{"href":"https:\/\/ecosdelsur.com\/index.php?rest_route=\/wp\/v2\/posts"}],"about":[{"href":"https:\/\/ecosdelsur.com\/index.php?rest_route=\/wp\/v2\/types\/post"}],"author":[{"embeddable":true,"href":"https:\/\/ecosdelsur.com\/index.php?rest_route=\/wp\/v2\/users\/8"}],"replies":[{"embeddable":true,"href":"https:\/\/ecosdelsur.com\/index.php?rest_route=%2Fwp%2Fv2%2Fcomments&post=7660"}],"version-history":[{"count":0,"href":"https:\/\/ecosdelsur.com\/index.php?rest_route=\/wp\/v2\/posts\/7660\/revisions"}],"wp:featuredmedia":[{"embeddable":true,"href":"https:\/\/ecosdelsur.com\/index.php?rest_route=\/wp\/v2\/media\/7663"}],"wp:attachment":[{"href":"https:\/\/ecosdelsur.com\/index.php?rest_route=%2Fwp%2Fv2%2Fmedia&parent=7660"}],"wp:term":[{"taxonomy":"category","embeddable":true,"href":"https:\/\/ecosdelsur.com\/index.php?rest_route=%2Fwp%2Fv2%2Fcategories&post=7660"},{"taxonomy":"post_tag","embeddable":true,"href":"https:\/\/ecosdelsur.com\/index.php?rest_route=%2Fwp%2Fv2%2Ftags&post=7660"}],"curies":[{"name":"wp","href":"https:\/\/api.w.org\/{rel}","templated":true}]}}