{"id":7652,"date":"2023-08-26T03:04:36","date_gmt":"2023-08-26T03:04:36","guid":{"rendered":"https:\/\/ecosdelsur.com\/?p=7652"},"modified":"2023-08-26T03:06:08","modified_gmt":"2023-08-26T03:06:08","slug":"alumnos-de-cemepa-de-caleta-olivia-asistiran-al-mundial-de-tango-en-buenos-aires","status":"publish","type":"post","link":"https:\/\/ecosdelsur.com\/?p=7652","title":{"rendered":"Alumnos de CEMEPA de Caleta Olivia asistir\u00e1n al Mundial de Tango en Buenos Aires"},"content":{"rendered":"<p>25\/08\/2023- Un emocionante viaje se avecina para alumnos del Centro Municipal de Educaci\u00f3n por el Arte (CEMEPA) de Caleta Olivia.<img decoding=\"async\" class=\"alignnone size-full wp-image-7654 lazyload\" data-src=\"https:\/\/ecosdelsur.com\/wp-content\/uploads\/2023\/08\/WhatsApp-Image-2023-08-25-at-21.12.05.jpeg\" alt=\"\" width=\"761\" height=\"554\" data-srcset=\"https:\/\/ecosdelsur.com\/wp-content\/uploads\/2023\/08\/WhatsApp-Image-2023-08-25-at-21.12.05.jpeg 761w, https:\/\/ecosdelsur.com\/wp-content\/uploads\/2023\/08\/WhatsApp-Image-2023-08-25-at-21.12.05-300x218.jpeg 300w\" data-sizes=\"(max-width: 761px) 100vw, 761px\" src=\"data:image\/svg+xml;base64,PHN2ZyB3aWR0aD0iMSIgaGVpZ2h0PSIxIiB4bWxucz0iaHR0cDovL3d3dy53My5vcmcvMjAwMC9zdmciPjwvc3ZnPg==\" style=\"--smush-placeholder-width: 761px; --smush-placeholder-aspect-ratio: 761\/554;\" \/><br \/>\nEn esta oportunidad, estudiantes de la Escuela Municipal de Danzas Nativas tendr\u00e1n la oportunidad de vivir una experiencia \u00fanica al asistir al Mundial de Tango que se est\u00e1 llevando a cabo en Buenos Aires.<br \/>\nEn la Sala de Situaci\u00f3n Comunal, el intendente Fernando Cotillo recibi\u00f3 a estos j\u00f3venes bailarines, quienes se embarcar\u00e1n en este viaje enriquecedor que no solo promete ser una experiencia \u00fanica, sino que tambi\u00e9n es una muestra del apoyo y la promoci\u00f3n que la comunidad brinda a las disciplinas art\u00edsticas y culturales.<img decoding=\"async\" class=\"alignnone size-full wp-image-7654 lazyload\" data-src=\"https:\/\/ecosdelsur.com\/wp-content\/uploads\/2023\/08\/WhatsApp-Image-2023-08-25-at-21.12.05.jpeg\" alt=\"\" width=\"761\" height=\"554\" data-srcset=\"https:\/\/ecosdelsur.com\/wp-content\/uploads\/2023\/08\/WhatsApp-Image-2023-08-25-at-21.12.05.jpeg 761w, https:\/\/ecosdelsur.com\/wp-content\/uploads\/2023\/08\/WhatsApp-Image-2023-08-25-at-21.12.05-300x218.jpeg 300w\" data-sizes=\"(max-width: 761px) 100vw, 761px\" src=\"data:image\/svg+xml;base64,PHN2ZyB3aWR0aD0iMSIgaGVpZ2h0PSIxIiB4bWxucz0iaHR0cDovL3d3dy53My5vcmcvMjAwMC9zdmciPjwvc3ZnPg==\" style=\"--smush-placeholder-width: 761px; --smush-placeholder-aspect-ratio: 761\/554;\" \/><br \/>\nCotillo coment\u00f3 que la presencia de Caleta Olivia en este evento es una manifestaci\u00f3n de la riqueza cultural y el compromiso con las artes que caracteriza a la ciudad. A trav\u00e9s de esta iniciativa, los j\u00f3venes bailarines podr\u00e1n no solo enriquecer su formaci\u00f3n art\u00edstica, sino tambi\u00e9n representar a su ciudad en un escenario de relevancia internacional.<br \/>\nLa iniciativa no solo brinda a los j\u00f3venes la oportunidad de participar en la competencia, sino que tambi\u00e9n incluye una agenda llena de actividades enriquecedoras. Los alumnos tendr\u00e1n la oportunidad de tomar clases con referentes mundiales, asistir a destacados shows en la ciudad y, lo m\u00e1s emocionante, presenciar la final del Mundial de Tango en el Obelisco.<br \/>\nEl evento se extender\u00e1 hasta el 3 de septiembre y contar\u00e1 con diversas actividades, incluyendo la participaci\u00f3n en clases con reconocidos referentes del tango a nivel mundial.<br \/>\nViajar\u00e1n Antonella Carrizo y Juan Regensburger, de 14 a\u00f1os de edad, a esta experiencia \u00fanica. \u201cEstos j\u00f3venes talentos han demostrado su compromiso y pasi\u00f3n por el tango a trav\u00e9s de su trabajo diario, y ahora tendr\u00e1n la oportunidad de representar a la escuela municipal en este evento de gran relevancia\u201d, destac\u00f3 Cotillo.<br \/>\nAgustina Pardo, instructora de tango en CEMEPA, coment\u00f3 sobre la importancia de este viaje. Destac\u00f3 la relevancia del apoyo de los dirigentes de la ciudad y la comunidad en la promoci\u00f3n de actividades art\u00edsticas y culturales, y resalt\u00f3 \u201cla trayectoria de la escuela en la formaci\u00f3n de talentos locales en el \u00e1mbito de la danza, especialmente en el tango\u201d.<\/p>\n","protected":false},"excerpt":{"rendered":"<p>25\/08\/2023- Un emocionante viaje se avecina para alumnos del Centro Municipal de Educaci\u00f3n por el Arte (CEMEPA) de Caleta Olivia.<\/p>\n","protected":false},"author":8,"featured_media":7653,"comment_status":"open","ping_status":"closed","sticky":false,"template":"","format":"standard","meta":{"footnotes":""},"categories":[38],"tags":[],"class_list":["post-7652","post","type-post","status-publish","format-standard","has-post-thumbnail","hentry","category-espectaculos"],"_links":{"self":[{"href":"https:\/\/ecosdelsur.com\/index.php?rest_route=\/wp\/v2\/posts\/7652","targetHints":{"allow":["GET"]}}],"collection":[{"href":"https:\/\/ecosdelsur.com\/index.php?rest_route=\/wp\/v2\/posts"}],"about":[{"href":"https:\/\/ecosdelsur.com\/index.php?rest_route=\/wp\/v2\/types\/post"}],"author":[{"embeddable":true,"href":"https:\/\/ecosdelsur.com\/index.php?rest_route=\/wp\/v2\/users\/8"}],"replies":[{"embeddable":true,"href":"https:\/\/ecosdelsur.com\/index.php?rest_route=%2Fwp%2Fv2%2Fcomments&post=7652"}],"version-history":[{"count":0,"href":"https:\/\/ecosdelsur.com\/index.php?rest_route=\/wp\/v2\/posts\/7652\/revisions"}],"wp:featuredmedia":[{"embeddable":true,"href":"https:\/\/ecosdelsur.com\/index.php?rest_route=\/wp\/v2\/media\/7653"}],"wp:attachment":[{"href":"https:\/\/ecosdelsur.com\/index.php?rest_route=%2Fwp%2Fv2%2Fmedia&parent=7652"}],"wp:term":[{"taxonomy":"category","embeddable":true,"href":"https:\/\/ecosdelsur.com\/index.php?rest_route=%2Fwp%2Fv2%2Fcategories&post=7652"},{"taxonomy":"post_tag","embeddable":true,"href":"https:\/\/ecosdelsur.com\/index.php?rest_route=%2Fwp%2Fv2%2Ftags&post=7652"}],"curies":[{"name":"wp","href":"https:\/\/api.w.org\/{rel}","templated":true}]}}