{"id":7649,"date":"2023-08-25T18:38:18","date_gmt":"2023-08-25T18:38:18","guid":{"rendered":"https:\/\/ecosdelsur.com\/?p=7649"},"modified":"2023-08-25T18:38:18","modified_gmt":"2023-08-25T18:38:18","slug":"reapertura-del-natatorio-municipal-de-caleta-olivia","status":"publish","type":"post","link":"https:\/\/ecosdelsur.com\/?p=7649","title":{"rendered":"Reapertura del Natatorio Municipal de Caleta Olivia"},"content":{"rendered":"<p>25\/08\/2023- En el Natatorio del Complejo Municipal \u201cIngeniero Knudsen\u201d de Caleta Olivia, el subsecretario de Deportes, Gast\u00f3n Rodr\u00edguez, comparti\u00f3 detalles sobre la reapertura de las instalaciones.<img decoding=\"async\" class=\"alignnone size-full wp-image-7644 lazyload\" data-src=\"https:\/\/ecosdelsur.com\/wp-content\/uploads\/2023\/08\/WhatsApp-Image-2023-08-25-at-14.31.35.jpeg\" alt=\"\" width=\"930\" height=\"511\" data-srcset=\"https:\/\/ecosdelsur.com\/wp-content\/uploads\/2023\/08\/WhatsApp-Image-2023-08-25-at-14.31.35.jpeg 930w, https:\/\/ecosdelsur.com\/wp-content\/uploads\/2023\/08\/WhatsApp-Image-2023-08-25-at-14.31.35-300x165.jpeg 300w, https:\/\/ecosdelsur.com\/wp-content\/uploads\/2023\/08\/WhatsApp-Image-2023-08-25-at-14.31.35-768x422.jpeg 768w\" data-sizes=\"(max-width: 930px) 100vw, 930px\" src=\"data:image\/svg+xml;base64,PHN2ZyB3aWR0aD0iMSIgaGVpZ2h0PSIxIiB4bWxucz0iaHR0cDovL3d3dy53My5vcmcvMjAwMC9zdmciPjwvc3ZnPg==\" style=\"--smush-placeholder-width: 930px; --smush-placeholder-aspect-ratio: 930\/511;\" \/><br \/>\nCon satisfacci\u00f3n, Rodr\u00edguez inform\u00f3 que, \u201ctras diez d\u00edas de intenso trabajo, el natatorio ha sido preparado para recibir a la comunidad en pleno\u201d.<\/p>\n<p>Hace aproximadamente una semana, comenzaron a llenarse las piscinas, y finalmente hoy alcanzaron la temperatura \u00f3ptima de 25 grados con cinco d\u00e9cimas. &#8220;Estamos muy contentos y agradecidos con todos los que colaboraron, desde la gente del municipio hasta el equipo de Servicios P\u00fablicos S.E.&#8221;, expres\u00f3 Rodr\u00edguez.<br \/>\nUno de los logros destacados es la conexi\u00f3n exitosa al acueducto espec\u00edfico para este destino, una tarea pendiente durante ocho a\u00f1os que finalmente pudo ser concretada. &#8220;Queremos informarle a la poblaci\u00f3n que esto no afectar\u00e1 en absoluto el suministro de agua en el barrio&#8221;, asegur\u00f3 Rodr\u00edguez, subrayando la importancia de este avance.<br \/>\nAgradeci\u00f3 a Diego Flores, el Gerente de Servicios P\u00fablicos, quien jug\u00f3 un papel fundamental al asegurar que el natatorio cuente con el suministro necesario.<br \/>\n&#8220;Estamos muy contentos y esperamos el viernes para que la gente pueda venir a hacerse la revisaci\u00f3n&#8221;, mencion\u00f3 Rodr\u00edguez. Se espera que, una vez finalizadas estas revisiones, las actividades se inicien el pr\u00f3ximo lunes con toda la energ\u00eda.<br \/>\nEl natatorio ofrecer\u00e1 una amplia variedad de actividades para diferentes grupos etarios. La Escuela municipal abarca alumnos desde los 4 a\u00f1os de edad hasta adultos de m\u00e1s de 70 a\u00f1os, con instructores especializados y tambi\u00e9n pr\u00e1cticas de Aguas Abiertas. Con un estimado de 2500 a 3000 personas transitando por el natatorio cada semana, \u201ceste espacio es un valioso recurso deportivo y recreativo para la comunidad\u201d.<br \/>\nEn cuanto a c\u00f3mo sumarse a las actividades y las posibilidades de cupos, Rodr\u00edguez mencion\u00f3 que la informaci\u00f3n estar\u00e1 disponible el lunes a las 17 horas. \u201cAlgunas vacantes podr\u00edan abrirse debido a la rotaci\u00f3n de usuarios, y el profesor Tacachira, coordinador del natatorio, ser\u00e1 el encargado de brindar detalles sobre cada actividad\u201d, agreg\u00f3.<br \/>\nLa fecha de inicio de la revisaci\u00f3n m\u00e9dica se program\u00f3 para este viernes y se realiza de 8 a 19 horas. Rodr\u00edguez extendi\u00f3 la invitaci\u00f3n a todos aquellos interesados en aprovechar la oportunidad, anim\u00e1ndolos a agilizar el tr\u00e1mite del carnet y las revisaciones para disfrutar plenamente de las instalaciones.<\/p>\n","protected":false},"excerpt":{"rendered":"<p>25\/08\/2023- En el Natatorio del Complejo Municipal \u201cIngeniero Knudsen\u201d de Caleta Olivia, el subsecretario de Deportes, Gast\u00f3n Rodr\u00edguez, comparti\u00f3 detalles<\/p>\n","protected":false},"author":8,"featured_media":7645,"comment_status":"open","ping_status":"closed","sticky":false,"template":"","format":"standard","meta":{"footnotes":""},"categories":[37],"tags":[],"class_list":["post-7649","post","type-post","status-publish","format-standard","has-post-thumbnail","hentry","category-deportes"],"_links":{"self":[{"href":"https:\/\/ecosdelsur.com\/index.php?rest_route=\/wp\/v2\/posts\/7649","targetHints":{"allow":["GET"]}}],"collection":[{"href":"https:\/\/ecosdelsur.com\/index.php?rest_route=\/wp\/v2\/posts"}],"about":[{"href":"https:\/\/ecosdelsur.com\/index.php?rest_route=\/wp\/v2\/types\/post"}],"author":[{"embeddable":true,"href":"https:\/\/ecosdelsur.com\/index.php?rest_route=\/wp\/v2\/users\/8"}],"replies":[{"embeddable":true,"href":"https:\/\/ecosdelsur.com\/index.php?rest_route=%2Fwp%2Fv2%2Fcomments&post=7649"}],"version-history":[{"count":0,"href":"https:\/\/ecosdelsur.com\/index.php?rest_route=\/wp\/v2\/posts\/7649\/revisions"}],"wp:featuredmedia":[{"embeddable":true,"href":"https:\/\/ecosdelsur.com\/index.php?rest_route=\/wp\/v2\/media\/7645"}],"wp:attachment":[{"href":"https:\/\/ecosdelsur.com\/index.php?rest_route=%2Fwp%2Fv2%2Fmedia&parent=7649"}],"wp:term":[{"taxonomy":"category","embeddable":true,"href":"https:\/\/ecosdelsur.com\/index.php?rest_route=%2Fwp%2Fv2%2Fcategories&post=7649"},{"taxonomy":"post_tag","embeddable":true,"href":"https:\/\/ecosdelsur.com\/index.php?rest_route=%2Fwp%2Fv2%2Ftags&post=7649"}],"curies":[{"name":"wp","href":"https:\/\/api.w.org\/{rel}","templated":true}]}}