{"id":7628,"date":"2023-08-25T17:40:43","date_gmt":"2023-08-25T17:40:43","guid":{"rendered":"https:\/\/ecosdelsur.com\/?p=7628"},"modified":"2023-08-25T17:40:43","modified_gmt":"2023-08-25T17:40:43","slug":"caleta-olivia-un-choque-frontal-que-termino-con-un-fallecido-2","status":"publish","type":"post","link":"https:\/\/ecosdelsur.com\/?p=7628","title":{"rendered":"Caleta Olivia: Un choque frontal que termin\u00f3 con un fallecido"},"content":{"rendered":"<p>Una mujer \u00a0muri\u00f3, tres heridos de gravedad en un siniestro vial que ocurri\u00f3 esta madrugada de viernes en Avenida Mitre y Marta Crowe \u00a0entre los Barrios Nuevo Pobladores y \u00a03 Febrero.<img decoding=\"async\" class=\"alignnone size-full wp-image-7620 lazyload\" data-src=\"https:\/\/ecosdelsur.com\/wp-content\/uploads\/2023\/08\/WhatsApp-Image-2023-08-25-at-08.55.51.jpeg\" alt=\"\" width=\"1024\" height=\"795\" data-srcset=\"https:\/\/ecosdelsur.com\/wp-content\/uploads\/2023\/08\/WhatsApp-Image-2023-08-25-at-08.55.51.jpeg 1024w, https:\/\/ecosdelsur.com\/wp-content\/uploads\/2023\/08\/WhatsApp-Image-2023-08-25-at-08.55.51-300x233.jpeg 300w, https:\/\/ecosdelsur.com\/wp-content\/uploads\/2023\/08\/WhatsApp-Image-2023-08-25-at-08.55.51-768x596.jpeg 768w\" data-sizes=\"(max-width: 1024px) 100vw, 1024px\" src=\"data:image\/svg+xml;base64,PHN2ZyB3aWR0aD0iMSIgaGVpZ2h0PSIxIiB4bWxucz0iaHR0cDovL3d3dy53My5vcmcvMjAwMC9zdmciPjwvc3ZnPg==\" style=\"--smush-placeholder-width: 1024px; --smush-placeholder-aspect-ratio: 1024\/795;\" \/><\/p>\n<p>El accidente de tr\u00e1nsito se produjo entre un autom\u00f3vil \u00a0Volkswagen Bora \u00a0en el que se trasladaba con cinco ocupantes choc\u00f3 de frente con una Trafic en la que viajaba un contingente de jubilados.<img decoding=\"async\" class=\"alignnone size-full wp-image-7612 lazyload\" data-src=\"https:\/\/ecosdelsur.com\/wp-content\/uploads\/2023\/08\/DSC_2177.jpg\" alt=\"\" width=\"1024\" height=\"619\" data-srcset=\"https:\/\/ecosdelsur.com\/wp-content\/uploads\/2023\/08\/DSC_2177.jpg 1024w, https:\/\/ecosdelsur.com\/wp-content\/uploads\/2023\/08\/DSC_2177-300x181.jpg 300w, https:\/\/ecosdelsur.com\/wp-content\/uploads\/2023\/08\/DSC_2177-768x464.jpg 768w\" data-sizes=\"(max-width: 1024px) 100vw, 1024px\" src=\"data:image\/svg+xml;base64,PHN2ZyB3aWR0aD0iMSIgaGVpZ2h0PSIxIiB4bWxucz0iaHR0cDovL3d3dy53My5vcmcvMjAwMC9zdmciPjwvc3ZnPg==\" style=\"--smush-placeholder-width: 1024px; --smush-placeholder-aspect-ratio: 1024\/619;\" \/><\/p>\n<p>El siniestro vial las unidades mencionadas impactaron de forma frontal, dejando como saldo una mujer fallecida y varios heridos de gravedad.<img decoding=\"async\" class=\"alignnone size-full wp-image-7617 lazyload\" data-src=\"https:\/\/ecosdelsur.com\/wp-content\/uploads\/2023\/08\/DSC_2203.jpg\" alt=\"\" width=\"1024\" height=\"655\" data-srcset=\"https:\/\/ecosdelsur.com\/wp-content\/uploads\/2023\/08\/DSC_2203.jpg 1024w, https:\/\/ecosdelsur.com\/wp-content\/uploads\/2023\/08\/DSC_2203-300x192.jpg 300w, https:\/\/ecosdelsur.com\/wp-content\/uploads\/2023\/08\/DSC_2203-768x491.jpg 768w\" data-sizes=\"(max-width: 1024px) 100vw, 1024px\" src=\"data:image\/svg+xml;base64,PHN2ZyB3aWR0aD0iMSIgaGVpZ2h0PSIxIiB4bWxucz0iaHR0cDovL3d3dy53My5vcmcvMjAwMC9zdmciPjwvc3ZnPg==\" style=\"--smush-placeholder-width: 1024px; --smush-placeholder-aspect-ratio: 1024\/655;\" \/><\/p>\n<p>El lamentable hecho sucedi\u00f3 pasadas las 5:30 hs, de acuerdo a datos recabados en el lugar, el Bora era ocupado por cuatro personas y viajaba \u00a0en direcci\u00f3n\u00a0 a Ca\u00f1ad\u00f3n Seco a una importante velocidad cuando se cruz\u00f3 de carril e impact\u00f3 de frente con el veh\u00edculo de transporte donde viajaba un grupo de jubilados de Pico Truncado que se dirigir\u00e1n a la Terminal de Transporte para abordar una unidad e iniciar un viaje al norte del pa\u00eds.<img decoding=\"async\" class=\"alignnone size-full wp-image-7611 lazyload\" data-src=\"https:\/\/ecosdelsur.com\/wp-content\/uploads\/2023\/08\/DSC_2166.jpg\" alt=\"\" width=\"1024\" height=\"620\" data-srcset=\"https:\/\/ecosdelsur.com\/wp-content\/uploads\/2023\/08\/DSC_2166.jpg 1024w, https:\/\/ecosdelsur.com\/wp-content\/uploads\/2023\/08\/DSC_2166-300x182.jpg 300w, https:\/\/ecosdelsur.com\/wp-content\/uploads\/2023\/08\/DSC_2166-768x465.jpg 768w\" data-sizes=\"(max-width: 1024px) 100vw, 1024px\" src=\"data:image\/svg+xml;base64,PHN2ZyB3aWR0aD0iMSIgaGVpZ2h0PSIxIiB4bWxucz0iaHR0cDovL3d3dy53My5vcmcvMjAwMC9zdmciPjwvc3ZnPg==\" style=\"--smush-placeholder-width: 1024px; --smush-placeholder-aspect-ratio: 1024\/620;\" \/><\/p>\n<p>La mujer que falleci\u00f3 de unos 34 a\u00f1os de apellido Valdivia que ser\u00eda hija de una empleada municipal y que viajaba en el veh\u00edculo Bora, mientras que el conductor result\u00f3 gravemente herido y fue evacuado junto a dos personas, al Hospital Zonal \u201cPedro Tardivo\u201d.<\/p>\n<p>En el lugar trabajaron \u00a0personal de la fuerza policial, Transito Municipal y \u00a0Bomberos que debi\u00f3 cortar la parte superior de la unidad de menor porte para socorrer a los ocupantes, tras el fuerte impacto que dejo principalmente la unidad de menor porte con grandes da\u00f1os.<\/p>\n","protected":false},"excerpt":{"rendered":"<p>Una mujer \u00a0muri\u00f3, tres heridos de gravedad en un siniestro vial que ocurri\u00f3 esta madrugada de viernes en Avenida Mitre<\/p>\n","protected":false},"author":8,"featured_media":7616,"comment_status":"open","ping_status":"closed","sticky":false,"template":"","format":"standard","meta":{"footnotes":""},"categories":[36],"tags":[],"class_list":["post-7628","post","type-post","status-publish","format-standard","has-post-thumbnail","hentry","category-policiales"],"_links":{"self":[{"href":"https:\/\/ecosdelsur.com\/index.php?rest_route=\/wp\/v2\/posts\/7628","targetHints":{"allow":["GET"]}}],"collection":[{"href":"https:\/\/ecosdelsur.com\/index.php?rest_route=\/wp\/v2\/posts"}],"about":[{"href":"https:\/\/ecosdelsur.com\/index.php?rest_route=\/wp\/v2\/types\/post"}],"author":[{"embeddable":true,"href":"https:\/\/ecosdelsur.com\/index.php?rest_route=\/wp\/v2\/users\/8"}],"replies":[{"embeddable":true,"href":"https:\/\/ecosdelsur.com\/index.php?rest_route=%2Fwp%2Fv2%2Fcomments&post=7628"}],"version-history":[{"count":0,"href":"https:\/\/ecosdelsur.com\/index.php?rest_route=\/wp\/v2\/posts\/7628\/revisions"}],"wp:featuredmedia":[{"embeddable":true,"href":"https:\/\/ecosdelsur.com\/index.php?rest_route=\/wp\/v2\/media\/7616"}],"wp:attachment":[{"href":"https:\/\/ecosdelsur.com\/index.php?rest_route=%2Fwp%2Fv2%2Fmedia&parent=7628"}],"wp:term":[{"taxonomy":"category","embeddable":true,"href":"https:\/\/ecosdelsur.com\/index.php?rest_route=%2Fwp%2Fv2%2Fcategories&post=7628"},{"taxonomy":"post_tag","embeddable":true,"href":"https:\/\/ecosdelsur.com\/index.php?rest_route=%2Fwp%2Fv2%2Ftags&post=7628"}],"curies":[{"name":"wp","href":"https:\/\/api.w.org\/{rel}","templated":true}]}}