{"id":7599,"date":"2023-08-25T04:29:10","date_gmt":"2023-08-25T04:29:10","guid":{"rendered":"https:\/\/ecosdelsur.com\/?p=7599"},"modified":"2023-08-25T04:29:10","modified_gmt":"2023-08-25T04:29:10","slug":"reconocimiento-a-diputados-con-mandato-cumplido","status":"publish","type":"post","link":"https:\/\/ecosdelsur.com\/?p=7599","title":{"rendered":"Reconocimiento a diputados con mandato cumplido"},"content":{"rendered":"<p>24\/08\/2023-En la sesi\u00f3n ordinaria celebrada ese jueves y en el marco de los 40 a\u00f1os de democracia, la C\u00e1mara del Pueblo de Santa Cruz (Legislatura) realiz\u00f3 un nuevo reconocimiento a los diputados que fueron parte de uno de los poderes m\u00e1s representativos de la vida pol\u00edtica de la provincia.<img decoding=\"async\" class=\"alignnone size-full wp-image-7606 lazyload\" data-src=\"https:\/\/ecosdelsur.com\/wp-content\/uploads\/2023\/08\/DI7.jpg\" alt=\"\" width=\"999\" height=\"701\" data-srcset=\"https:\/\/ecosdelsur.com\/wp-content\/uploads\/2023\/08\/DI7.jpg 999w, https:\/\/ecosdelsur.com\/wp-content\/uploads\/2023\/08\/DI7-300x211.jpg 300w, https:\/\/ecosdelsur.com\/wp-content\/uploads\/2023\/08\/DI7-768x539.jpg 768w, https:\/\/ecosdelsur.com\/wp-content\/uploads\/2023\/08\/DI7-130x90.jpg 130w\" data-sizes=\"(max-width: 999px) 100vw, 999px\" src=\"data:image\/svg+xml;base64,PHN2ZyB3aWR0aD0iMSIgaGVpZ2h0PSIxIiB4bWxucz0iaHR0cDovL3d3dy53My5vcmcvMjAwMC9zdmciPjwvc3ZnPg==\" style=\"--smush-placeholder-width: 999px; --smush-placeholder-aspect-ratio: 999\/701;\" \/><\/p>\n<p>En la oportunidad, el vicegobernador Eugenio Quiroga se\u00f1al\u00f3 la importancia de escuchar a quienes \u201cno s\u00f3lo participaron de la vida democr\u00e1tica de nuestra provincia como representantes del pueblo, sino de una instancia de cambios a partir de su labor legislativa\u201d.<img decoding=\"async\" class=\"alignnone size-full wp-image-7602 lazyload\" data-src=\"https:\/\/ecosdelsur.com\/wp-content\/uploads\/2023\/08\/DI2.jpg\" alt=\"\" width=\"946\" height=\"656\" data-srcset=\"https:\/\/ecosdelsur.com\/wp-content\/uploads\/2023\/08\/DI2.jpg 946w, https:\/\/ecosdelsur.com\/wp-content\/uploads\/2023\/08\/DI2-300x208.jpg 300w, https:\/\/ecosdelsur.com\/wp-content\/uploads\/2023\/08\/DI2-768x533.jpg 768w, https:\/\/ecosdelsur.com\/wp-content\/uploads\/2023\/08\/DI2-392x272.jpg 392w, https:\/\/ecosdelsur.com\/wp-content\/uploads\/2023\/08\/DI2-130x90.jpg 130w\" data-sizes=\"(max-width: 946px) 100vw, 946px\" src=\"data:image\/svg+xml;base64,PHN2ZyB3aWR0aD0iMSIgaGVpZ2h0PSIxIiB4bWxucz0iaHR0cDovL3d3dy53My5vcmcvMjAwMC9zdmciPjwvc3ZnPg==\" style=\"--smush-placeholder-width: 946px; --smush-placeholder-aspect-ratio: 946\/656;\" \/><\/p>\n<p>Adem\u00e1s, reiter\u00f3 la importancia de reconocer a hombres y mujeres \u201cque tanto aportaron en estos 40 a\u00f1os de recuperaci\u00f3n de la democracia y 50 a\u00f1os de vida legislativa en nuestra joven provincia\u201d.<img decoding=\"async\" class=\"alignnone size-full wp-image-7601 lazyload\" data-src=\"https:\/\/ecosdelsur.com\/wp-content\/uploads\/2023\/08\/DI1.jpg\" alt=\"\" width=\"1000\" height=\"645\" data-srcset=\"https:\/\/ecosdelsur.com\/wp-content\/uploads\/2023\/08\/DI1.jpg 1000w, https:\/\/ecosdelsur.com\/wp-content\/uploads\/2023\/08\/DI1-300x194.jpg 300w, https:\/\/ecosdelsur.com\/wp-content\/uploads\/2023\/08\/DI1-768x495.jpg 768w\" data-sizes=\"(max-width: 1000px) 100vw, 1000px\" src=\"data:image\/svg+xml;base64,PHN2ZyB3aWR0aD0iMSIgaGVpZ2h0PSIxIiB4bWxucz0iaHR0cDovL3d3dy53My5vcmcvMjAwMC9zdmciPjwvc3ZnPg==\" style=\"--smush-placeholder-width: 1000px; --smush-placeholder-aspect-ratio: 1000\/645;\" \/><\/p>\n<p>Vale se\u00f1alar que este homenaje forma parte de la iniciativa que comenz\u00f3 a concretarse al inicio del actual periodo de sesiones.<\/p>\n<p>En esta oportunidad fueron distinguidos Roberto Armando L\u00f3pez (per\u00edodo de gesti\u00f3n 1989-1993), Arturo Antonio Puricelli (1993-1997), Marcial Benancio Can\u00e9 (1997-1999), Jorge Adolfo Turinetto (2007-2011), Horacio Servando P\u00e1ez (2011- 2015), Miguel \u00c1ngel Guanes (2011-2015) y Luis Roque Quintar (1989-1993).<\/p>\n","protected":false},"excerpt":{"rendered":"<p>24\/08\/2023-En la sesi\u00f3n ordinaria celebrada ese jueves y en el marco de los 40 a\u00f1os de democracia, la C\u00e1mara del<\/p>\n","protected":false},"author":8,"featured_media":7600,"comment_status":"open","ping_status":"closed","sticky":false,"template":"","format":"standard","meta":{"footnotes":""},"categories":[33],"tags":[],"class_list":["post-7599","post","type-post","status-publish","format-standard","has-post-thumbnail","hentry","category-politica"],"_links":{"self":[{"href":"https:\/\/ecosdelsur.com\/index.php?rest_route=\/wp\/v2\/posts\/7599","targetHints":{"allow":["GET"]}}],"collection":[{"href":"https:\/\/ecosdelsur.com\/index.php?rest_route=\/wp\/v2\/posts"}],"about":[{"href":"https:\/\/ecosdelsur.com\/index.php?rest_route=\/wp\/v2\/types\/post"}],"author":[{"embeddable":true,"href":"https:\/\/ecosdelsur.com\/index.php?rest_route=\/wp\/v2\/users\/8"}],"replies":[{"embeddable":true,"href":"https:\/\/ecosdelsur.com\/index.php?rest_route=%2Fwp%2Fv2%2Fcomments&post=7599"}],"version-history":[{"count":0,"href":"https:\/\/ecosdelsur.com\/index.php?rest_route=\/wp\/v2\/posts\/7599\/revisions"}],"wp:featuredmedia":[{"embeddable":true,"href":"https:\/\/ecosdelsur.com\/index.php?rest_route=\/wp\/v2\/media\/7600"}],"wp:attachment":[{"href":"https:\/\/ecosdelsur.com\/index.php?rest_route=%2Fwp%2Fv2%2Fmedia&parent=7599"}],"wp:term":[{"taxonomy":"category","embeddable":true,"href":"https:\/\/ecosdelsur.com\/index.php?rest_route=%2Fwp%2Fv2%2Fcategories&post=7599"},{"taxonomy":"post_tag","embeddable":true,"href":"https:\/\/ecosdelsur.com\/index.php?rest_route=%2Fwp%2Fv2%2Ftags&post=7599"}],"curies":[{"name":"wp","href":"https:\/\/api.w.org\/{rel}","templated":true}]}}