{"id":7590,"date":"2023-08-25T03:06:46","date_gmt":"2023-08-25T03:06:46","guid":{"rendered":"https:\/\/ecosdelsur.com\/?p=7590"},"modified":"2023-08-25T03:06:46","modified_gmt":"2023-08-25T03:06:46","slug":"velazquez-el-cambio-de-paradigma-es-fundamental-para-la-calidad-de-las-transformaciones","status":"publish","type":"post","link":"https:\/\/ecosdelsur.com\/?p=7590","title":{"rendered":"Vel\u00e1zquez: \u201cEl cambio de paradigma es fundamental para la calidad de las transformaciones\u201d"},"content":{"rendered":"<h5 class=\"itemTitle\"><span style=\"font-size: 16px;\">24\/08\/2023- As\u00ed lo resalt\u00f3, la titular de la cartera Educativa, Mar\u00eda Cecilia Vel\u00e1zquez, en el marco de la entrega de Certificados a los Egresados del Proyecto Formativo \u201cDiplomatura en Articulaci\u00f3n Territorial de Pol\u00edticas P\u00fablicas\u201d, encabezado por la Gobernadora Alicia Kirchner. La ceremonia se llev\u00f3 adelante en el Aula Magna de la Universidad Tecnol\u00f3gica Nacional (UTN).<img decoding=\"async\" class=\"alignnone size-large wp-image-7591 lazyload\" data-src=\"https:\/\/ecosdelsur.com\/wp-content\/uploads\/2023\/08\/20230814_AK_Entrega_de_certificados_de_la_diplomatura_de_articulacin_territorial_22-1024x648.jpg\" alt=\"\" width=\"800\" height=\"506\" data-srcset=\"https:\/\/ecosdelsur.com\/wp-content\/uploads\/2023\/08\/20230814_AK_Entrega_de_certificados_de_la_diplomatura_de_articulacin_territorial_22-scaled.jpg 1024w, https:\/\/ecosdelsur.com\/wp-content\/uploads\/2023\/08\/20230814_AK_Entrega_de_certificados_de_la_diplomatura_de_articulacin_territorial_22-300x190.jpg 300w, https:\/\/ecosdelsur.com\/wp-content\/uploads\/2023\/08\/20230814_AK_Entrega_de_certificados_de_la_diplomatura_de_articulacin_territorial_22-768x486.jpg 768w, https:\/\/ecosdelsur.com\/wp-content\/uploads\/2023\/08\/20230814_AK_Entrega_de_certificados_de_la_diplomatura_de_articulacin_territorial_22-1536x972.jpg 1536w\" data-sizes=\"(max-width: 800px) 100vw, 800px\" src=\"data:image\/svg+xml;base64,PHN2ZyB3aWR0aD0iMSIgaGVpZ2h0PSIxIiB4bWxucz0iaHR0cDovL3d3dy53My5vcmcvMjAwMC9zdmciPjwvc3ZnPg==\" style=\"--smush-placeholder-width: 800px; --smush-placeholder-aspect-ratio: 800\/506;\" \/><\/span><\/h5>\n<div class=\"itemFullText\">\n<p>En esta ocasi\u00f3n, Vel\u00e1zquez se\u00f1al\u00f3 que \u201cen el paradigma que aborda la gobernadora Alicia Kirchner la propuesta es formarse de manera continua ya sea como funcionario p\u00fablico o como l\u00edder de una organizaci\u00f3n no gubernamental\u201d y, a su vez, destac\u00f3 la importancia de poder ir haci\u00e9ndose de las herramientas, es decir, de saberes y conocimientos que permiten hacer mejor las distintas tareas.<img decoding=\"async\" class=\"alignnone size-large wp-image-7594 lazyload\" data-src=\"https:\/\/ecosdelsur.com\/wp-content\/uploads\/2023\/08\/20230814_AK_Entrega_de_certificados_de_la_diplomatura_de_articulacin_territorial_52-1024x643.jpg\" alt=\"\" width=\"800\" height=\"502\" data-srcset=\"https:\/\/ecosdelsur.com\/wp-content\/uploads\/2023\/08\/20230814_AK_Entrega_de_certificados_de_la_diplomatura_de_articulacin_territorial_52-scaled.jpg 1024w, https:\/\/ecosdelsur.com\/wp-content\/uploads\/2023\/08\/20230814_AK_Entrega_de_certificados_de_la_diplomatura_de_articulacin_territorial_52-300x188.jpg 300w, https:\/\/ecosdelsur.com\/wp-content\/uploads\/2023\/08\/20230814_AK_Entrega_de_certificados_de_la_diplomatura_de_articulacin_territorial_52-768x482.jpg 768w, https:\/\/ecosdelsur.com\/wp-content\/uploads\/2023\/08\/20230814_AK_Entrega_de_certificados_de_la_diplomatura_de_articulacin_territorial_52-1536x964.jpg 1536w\" data-sizes=\"(max-width: 800px) 100vw, 800px\" src=\"data:image\/svg+xml;base64,PHN2ZyB3aWR0aD0iMSIgaGVpZ2h0PSIxIiB4bWxucz0iaHR0cDovL3d3dy53My5vcmcvMjAwMC9zdmciPjwvc3ZnPg==\" style=\"--smush-placeholder-width: 800px; --smush-placeholder-aspect-ratio: 800\/502;\" \/><\/p>\n<p>En relaci\u00f3n al cambio de paradigma, subray\u00f3 que es fundamental en el futuro para Santa Cruz, no s\u00f3lo para que se convierta en una pol\u00edtica de Estado, en la medida en que tenga continuidad sino tambi\u00e9n para la calidad de las transformaciones y de las pol\u00edticas p\u00fablicas que se puedan proponer en adelante.<img decoding=\"async\" class=\"alignnone size-large wp-image-7595 lazyload\" data-src=\"https:\/\/ecosdelsur.com\/wp-content\/uploads\/2023\/08\/20230814_AK_Entrega_de_certificados_de_la_diplomatura_de_articulacin_territorial_76-1024x655.jpg\" alt=\"\" width=\"800\" height=\"512\" data-srcset=\"https:\/\/ecosdelsur.com\/wp-content\/uploads\/2023\/08\/20230814_AK_Entrega_de_certificados_de_la_diplomatura_de_articulacin_territorial_76-scaled.jpg 1024w, https:\/\/ecosdelsur.com\/wp-content\/uploads\/2023\/08\/20230814_AK_Entrega_de_certificados_de_la_diplomatura_de_articulacin_territorial_76-300x192.jpg 300w, https:\/\/ecosdelsur.com\/wp-content\/uploads\/2023\/08\/20230814_AK_Entrega_de_certificados_de_la_diplomatura_de_articulacin_territorial_76-768x491.jpg 768w, https:\/\/ecosdelsur.com\/wp-content\/uploads\/2023\/08\/20230814_AK_Entrega_de_certificados_de_la_diplomatura_de_articulacin_territorial_76-1536x983.jpg 1536w\" data-sizes=\"(max-width: 800px) 100vw, 800px\" src=\"data:image\/svg+xml;base64,PHN2ZyB3aWR0aD0iMSIgaGVpZ2h0PSIxIiB4bWxucz0iaHR0cDovL3d3dy53My5vcmcvMjAwMC9zdmciPjwvc3ZnPg==\" style=\"--smush-placeholder-width: 800px; --smush-placeholder-aspect-ratio: 800\/512;\" \/><\/p>\n<p>Sobre el alcance de las formaciones llevadas a cabo durante las dos gestiones de la presidenta del Consejo Provincial de Educaci\u00f3n, expres\u00f3: \u201cSiguiendo los preceptos de Alicia Kirchner comenzamos a generar formaci\u00f3n docente continua inicial, que es la recibida por profesor o maestra durante 4 a\u00f1os aproximadamente y la continua es la se tiene que hacer toda la vida\u201d.<\/p>\n<p>En el caso de Santa Cruz, Vel\u00e1zquez indic\u00f3 que se decidi\u00f3 hacer un punto de inflexi\u00f3n y abordar una propuesta integral de formaci\u00f3n docente continua a cargo del Estado, complementando los \u00faltimos cuatro a\u00f1os a las propuestas que del Ministerio de Educaci\u00f3n de la Naci\u00f3n centrada en los objetivos que se necesita para superar en la ense\u00f1anza las dificultades; en los logros de los y las estudiantes y, por ello, en las herramientas para los docentes.<\/p>\n<p>Al mismo tiempo, record\u00f3: \u201cDesde el 2017 en adelante, de 50.000 docentes en toda la provincia, es decir, cinco veces el n\u00famero de cargos docentes que hay en la provincia que fueron capacitados y formados, en universidades prestigiosas como la Universidad Nacional de Avellaneda; la Universidad Pedag\u00f3gica Nacional; Universidad de Jos\u00e9 C. Paz; la Universidad de Buenos Aires y la Universidad Tecnol\u00f3gica Nacional e instituciones que permitieran lo mejor propuesta para nuestros educadores y educadoras y, por ende, para los estudiantes que son el centro de nuestra tarea\u201d.<\/p>\n<p>Mar\u00eda Cecilia Vel\u00e1zquez hizo hincapi\u00e9 en la transversalizaci\u00f3n de la Educaci\u00f3n por mandato de la gobernadora, en los distintos espacios de la sociedad, no solamente los escolarizados, es por ello, afirm\u00f3 que se trabaj\u00f3 por ejemplo con la Educaci\u00f3n Profesional T\u00e9cnica de manera transversal en todas las localidades.<\/p>\n<p>Concluy\u00f3 manifestando que Instituto Provincial de Ense\u00f1anza T\u00e9cnica (InSET), en sus inicios contaba con 63 estudiantes en toda la provincia y remarc\u00f3 que hoy se encuentran cerrando la gesti\u00f3n, el 9 de diciembre, con 3000 estudiantes, posibilidad de acceso a profesiones y tecnicaturas superiores como Geolog\u00eda que permiten una inserci\u00f3n inmediata en el trabajo, en este caso, de gesti\u00f3n privada.<\/p>\n<\/div>\n","protected":false},"excerpt":{"rendered":"<p>24\/08\/2023- As\u00ed lo resalt\u00f3, la titular de la cartera Educativa, Mar\u00eda Cecilia Vel\u00e1zquez, en el marco de la entrega de<\/p>\n","protected":false},"author":8,"featured_media":7596,"comment_status":"open","ping_status":"closed","sticky":false,"template":"","format":"standard","meta":{"footnotes":""},"categories":[1],"tags":[],"class_list":["post-7590","post","type-post","status-publish","format-standard","has-post-thumbnail","hentry","category-uncategorized"],"_links":{"self":[{"href":"https:\/\/ecosdelsur.com\/index.php?rest_route=\/wp\/v2\/posts\/7590","targetHints":{"allow":["GET"]}}],"collection":[{"href":"https:\/\/ecosdelsur.com\/index.php?rest_route=\/wp\/v2\/posts"}],"about":[{"href":"https:\/\/ecosdelsur.com\/index.php?rest_route=\/wp\/v2\/types\/post"}],"author":[{"embeddable":true,"href":"https:\/\/ecosdelsur.com\/index.php?rest_route=\/wp\/v2\/users\/8"}],"replies":[{"embeddable":true,"href":"https:\/\/ecosdelsur.com\/index.php?rest_route=%2Fwp%2Fv2%2Fcomments&post=7590"}],"version-history":[{"count":0,"href":"https:\/\/ecosdelsur.com\/index.php?rest_route=\/wp\/v2\/posts\/7590\/revisions"}],"wp:featuredmedia":[{"embeddable":true,"href":"https:\/\/ecosdelsur.com\/index.php?rest_route=\/wp\/v2\/media\/7596"}],"wp:attachment":[{"href":"https:\/\/ecosdelsur.com\/index.php?rest_route=%2Fwp%2Fv2%2Fmedia&parent=7590"}],"wp:term":[{"taxonomy":"category","embeddable":true,"href":"https:\/\/ecosdelsur.com\/index.php?rest_route=%2Fwp%2Fv2%2Fcategories&post=7590"},{"taxonomy":"post_tag","embeddable":true,"href":"https:\/\/ecosdelsur.com\/index.php?rest_route=%2Fwp%2Fv2%2Ftags&post=7590"}],"curies":[{"name":"wp","href":"https:\/\/api.w.org\/{rel}","templated":true}]}}