{"id":7577,"date":"2023-08-25T00:15:26","date_gmt":"2023-08-25T00:15:26","guid":{"rendered":"https:\/\/ecosdelsur.com\/?p=7577"},"modified":"2023-08-25T00:17:10","modified_gmt":"2023-08-25T00:17:10","slug":"alicia-llamo-a-defender-siempre-la-educacion-publica","status":"publish","type":"post","link":"https:\/\/ecosdelsur.com\/?p=7577","title":{"rendered":"Alicia llam\u00f3 a defender siempre la Educaci\u00f3n P\u00fablica"},"content":{"rendered":"<div class=\"not_imagen col-xs-12 col-sm-12 col-lg-5\">\n<div class=\"itemImageBlock\">\n<div class=\"clr\">24\/08\/2023-As\u00ed lo manifest\u00f3, la gobernadora Alicia Kirchner este jueves tras su participaci\u00f3n en la entrega de certificados a trabajadores y trabajadoras de la administraci\u00f3n p\u00fablica, en el aula magna de la Universidad Tecnol\u00f3gica Nacional (UTN). <img decoding=\"async\" class=\"alignnone size-full wp-image-7583 lazyload\" data-src=\"https:\/\/ecosdelsur.com\/wp-content\/uploads\/2023\/08\/ed.jpg\" alt=\"\" width=\"780\" height=\"493\" data-srcset=\"https:\/\/ecosdelsur.com\/wp-content\/uploads\/2023\/08\/ed.jpg 780w, https:\/\/ecosdelsur.com\/wp-content\/uploads\/2023\/08\/ed-300x190.jpg 300w, https:\/\/ecosdelsur.com\/wp-content\/uploads\/2023\/08\/ed-768x485.jpg 768w\" data-sizes=\"(max-width: 780px) 100vw, 780px\" src=\"data:image\/svg+xml;base64,PHN2ZyB3aWR0aD0iMSIgaGVpZ2h0PSIxIiB4bWxucz0iaHR0cDovL3d3dy53My5vcmcvMjAwMC9zdmciPjwvc3ZnPg==\" style=\"--smush-placeholder-width: 780px; --smush-placeholder-aspect-ratio: 780\/493;\" \/>Se trata de una l\u00ednea pol\u00edtica que tiene como finalidad profesionalizar y capacitar a todo el personal de la administraci\u00f3n p\u00fablica de la provincia.<img decoding=\"async\" class=\"alignnone size-large wp-image-7582 lazyload\" data-src=\"https:\/\/ecosdelsur.com\/wp-content\/uploads\/2023\/08\/20230814_AK_Entrega_de_certificados_de_la_diplomatura_de_articulacin_territorial_18-1024x667.jpg\" alt=\"\" width=\"800\" height=\"521\" data-srcset=\"https:\/\/ecosdelsur.com\/wp-content\/uploads\/2023\/08\/20230814_AK_Entrega_de_certificados_de_la_diplomatura_de_articulacin_territorial_18-scaled.jpg 1024w, https:\/\/ecosdelsur.com\/wp-content\/uploads\/2023\/08\/20230814_AK_Entrega_de_certificados_de_la_diplomatura_de_articulacin_territorial_18-300x195.jpg 300w, https:\/\/ecosdelsur.com\/wp-content\/uploads\/2023\/08\/20230814_AK_Entrega_de_certificados_de_la_diplomatura_de_articulacin_territorial_18-768x500.jpg 768w, https:\/\/ecosdelsur.com\/wp-content\/uploads\/2023\/08\/20230814_AK_Entrega_de_certificados_de_la_diplomatura_de_articulacin_territorial_18-1536x1000.jpg 1536w\" data-sizes=\"(max-width: 800px) 100vw, 800px\" src=\"data:image\/svg+xml;base64,PHN2ZyB3aWR0aD0iMSIgaGVpZ2h0PSIxIiB4bWxucz0iaHR0cDovL3d3dy53My5vcmcvMjAwMC9zdmciPjwvc3ZnPg==\" style=\"--smush-placeholder-width: 800px; --smush-placeholder-aspect-ratio: 800\/521;\" \/><\/div>\n<\/div>\n<\/div>\n<div class=\"not_texto col-xs-12 col-sm-12 col-lg-7\">\n<div class=\"itemFullText\">\n<p>El Gobierno de Santa Cruz, a trav\u00e9s del Consejo Provincial de Educaci\u00f3n y en articulaci\u00f3n con la Universidad Tecnol\u00f3gica Nacional, celebr\u00f3 el acto que le permiti\u00f3 a 92 egresados intercambiar y actualizar conocimientos y saberes, con el objetivo de dar m\u00e1s y mejores respuestas a los santacruce\u00f1os a lo largo y ancho de la provincia.<img decoding=\"async\" class=\"alignnone size-large wp-image-7581 lazyload\" data-src=\"https:\/\/ecosdelsur.com\/wp-content\/uploads\/2023\/08\/20230814_AK_Entrega_de_certificados_de_la_diplomatura_de_articulacin_territorial_13-1024x665.jpg\" alt=\"\" width=\"800\" height=\"520\" data-srcset=\"https:\/\/ecosdelsur.com\/wp-content\/uploads\/2023\/08\/20230814_AK_Entrega_de_certificados_de_la_diplomatura_de_articulacin_territorial_13-scaled.jpg 1024w, https:\/\/ecosdelsur.com\/wp-content\/uploads\/2023\/08\/20230814_AK_Entrega_de_certificados_de_la_diplomatura_de_articulacin_territorial_13-300x195.jpg 300w, https:\/\/ecosdelsur.com\/wp-content\/uploads\/2023\/08\/20230814_AK_Entrega_de_certificados_de_la_diplomatura_de_articulacin_territorial_13-768x499.jpg 768w, https:\/\/ecosdelsur.com\/wp-content\/uploads\/2023\/08\/20230814_AK_Entrega_de_certificados_de_la_diplomatura_de_articulacin_territorial_13-1536x998.jpg 1536w\" data-sizes=\"(max-width: 800px) 100vw, 800px\" src=\"data:image\/svg+xml;base64,PHN2ZyB3aWR0aD0iMSIgaGVpZ2h0PSIxIiB4bWxucz0iaHR0cDovL3d3dy53My5vcmcvMjAwMC9zdmciPjwvc3ZnPg==\" style=\"--smush-placeholder-width: 800px; --smush-placeholder-aspect-ratio: 800\/520;\" \/><\/p>\n<p>Vale destacar que esta gesti\u00f3n impulso esta iniciativa y considera que es un eje vertebral para consolidar la identidad santacruce\u00f1a.<img decoding=\"async\" class=\"alignnone size-large wp-image-7580 lazyload\" data-src=\"https:\/\/ecosdelsur.com\/wp-content\/uploads\/2023\/08\/20230814_AK_Entrega_de_certificados_de_la_diplomatura_de_articulacin_territorial_12-1024x665.jpg\" alt=\"\" width=\"800\" height=\"520\" data-srcset=\"https:\/\/ecosdelsur.com\/wp-content\/uploads\/2023\/08\/20230814_AK_Entrega_de_certificados_de_la_diplomatura_de_articulacin_territorial_12-scaled.jpg 1024w, https:\/\/ecosdelsur.com\/wp-content\/uploads\/2023\/08\/20230814_AK_Entrega_de_certificados_de_la_diplomatura_de_articulacin_territorial_12-300x195.jpg 300w, https:\/\/ecosdelsur.com\/wp-content\/uploads\/2023\/08\/20230814_AK_Entrega_de_certificados_de_la_diplomatura_de_articulacin_territorial_12-768x499.jpg 768w, https:\/\/ecosdelsur.com\/wp-content\/uploads\/2023\/08\/20230814_AK_Entrega_de_certificados_de_la_diplomatura_de_articulacin_territorial_12-1536x998.jpg 1536w\" data-sizes=\"(max-width: 800px) 100vw, 800px\" src=\"data:image\/svg+xml;base64,PHN2ZyB3aWR0aD0iMSIgaGVpZ2h0PSIxIiB4bWxucz0iaHR0cDovL3d3dy53My5vcmcvMjAwMC9zdmciPjwvc3ZnPg==\" style=\"--smush-placeholder-width: 800px; --smush-placeholder-aspect-ratio: 800\/520;\" \/><\/p>\n<p>La primera mandataria santacruce\u00f1a, estuvo acompa\u00f1ada por la presidenta del Consejo Provincial de Educaci\u00f3n, Cecilia Vel\u00e1zquez; la ministra de Desarrollo Social, Bel\u00e9n Garc\u00eda; la ministra Secretaria General de la Gobernaci\u00f3n, Claudia Mart\u00ednez; el vicepresidente del CPE, Ismael Enrique y autoridades de la UTN.<\/p>\n<p>\u201cDefender siempre la educaci\u00f3n p\u00fablica\u201d fueron las palabras con que la primera mandataria santacruce\u00f1a abri\u00f3 su discurso, agregando que \u201ces nuestro deber defender la investigaci\u00f3n y la econom\u00eda del conocimiento\u201d por lo que se refiri\u00f3 al \u201cofuscamiento que tuvimos en distintos puntos del pa\u00eds al escuchar de un candidato a presidente que un ministerio de ciencias debe eliminarse\u201d.<\/p>\n<p>Por esto mismo, Alicia Kirchner cuestion\u00f3 \u201ccu\u00e1nto sabr\u00e1 esa persona acerca de la importancia que tiene para un pa\u00eds la educaci\u00f3n cient\u00edfica\u201d observando que \u201cen todo caso se pensar\u00eda de esa forma queriendo no crecer ni desarrollarse\u201d. \u201cMi equipo y yo estamos del lado de la educaci\u00f3n p\u00fablica\u201d, enfatiz\u00f3 en este sentido.<\/p>\n<p>\u201cCasi 50.000 docentes se capacitaron durante nuestra gesti\u00f3n\u201d dijo, m\u00e1s adelante, a\u00f1adiendo tambi\u00e9n que \u201cm\u00e1s de 31.200 empleados p\u00fablicos fueron capacitados y otros 3.000 terminaron sus estudios secundarios, lo que significa que 83.000 capacitaciones fueron concretadas\u201d y que \u201cpara cambiar esa vieja Ley 760 de Administraci\u00f3n Financiera capacitamos, junto a la UBA, 88 profesionales y 650 t\u00e9cnicos\u201d y \u201cpara cambiar y transformar las distintas realidades, gestionamos distintas diplomaturas con las m\u00e1s prestigiosas universidades de nuestro pa\u00eds\u201d.<\/p>\n<p>Por lo que se\u00f1al\u00f3 que \u201cestos certificados que estamos entregando muestran el rumbo que hemos elegido\u201d y que \u201ccomo santacruce\u00f1os, esto nos emociona y nos llena de orgullo porque sabemos lo que a la gente le cuesta capacitarse\u201d enfatizando que \u201cesta diplomatura es fundamental porque toda pol\u00edtica p\u00fablica exige que trabajemos de manera integral para abordar nuestro territorio\u201d.<\/p>\n<p>Y cerr\u00f3 su alocuci\u00f3n agradeciendo \u201ca quienes la terminaron de cursar y hoy entienden la relevancia de gestionar integralmente como tanto lo necesita nuestra gente que tiene problemas y no le interesa saber a cu\u00e1l o tal ministerio pertenecemos; sino, m\u00e1s bien, que solucionemos sus necesidades sociales y vindiquemos sus derechos\u201d.<\/p>\n<\/div>\n<\/div>\n","protected":false},"excerpt":{"rendered":"<p>24\/08\/2023-As\u00ed lo manifest\u00f3, la gobernadora Alicia Kirchner este jueves tras su participaci\u00f3n en la entrega de certificados a trabajadores y<\/p>\n","protected":false},"author":8,"featured_media":7579,"comment_status":"open","ping_status":"closed","sticky":false,"template":"","format":"standard","meta":{"footnotes":""},"categories":[33,35],"tags":[],"class_list":["post-7577","post","type-post","status-publish","format-standard","has-post-thumbnail","hentry","category-politica","category-sociedad"],"_links":{"self":[{"href":"https:\/\/ecosdelsur.com\/index.php?rest_route=\/wp\/v2\/posts\/7577","targetHints":{"allow":["GET"]}}],"collection":[{"href":"https:\/\/ecosdelsur.com\/index.php?rest_route=\/wp\/v2\/posts"}],"about":[{"href":"https:\/\/ecosdelsur.com\/index.php?rest_route=\/wp\/v2\/types\/post"}],"author":[{"embeddable":true,"href":"https:\/\/ecosdelsur.com\/index.php?rest_route=\/wp\/v2\/users\/8"}],"replies":[{"embeddable":true,"href":"https:\/\/ecosdelsur.com\/index.php?rest_route=%2Fwp%2Fv2%2Fcomments&post=7577"}],"version-history":[{"count":0,"href":"https:\/\/ecosdelsur.com\/index.php?rest_route=\/wp\/v2\/posts\/7577\/revisions"}],"wp:featuredmedia":[{"embeddable":true,"href":"https:\/\/ecosdelsur.com\/index.php?rest_route=\/wp\/v2\/media\/7579"}],"wp:attachment":[{"href":"https:\/\/ecosdelsur.com\/index.php?rest_route=%2Fwp%2Fv2%2Fmedia&parent=7577"}],"wp:term":[{"taxonomy":"category","embeddable":true,"href":"https:\/\/ecosdelsur.com\/index.php?rest_route=%2Fwp%2Fv2%2Fcategories&post=7577"},{"taxonomy":"post_tag","embeddable":true,"href":"https:\/\/ecosdelsur.com\/index.php?rest_route=%2Fwp%2Fv2%2Ftags&post=7577"}],"curies":[{"name":"wp","href":"https:\/\/api.w.org\/{rel}","templated":true}]}}