{"id":7566,"date":"2023-08-24T22:37:48","date_gmt":"2023-08-24T22:37:48","guid":{"rendered":"https:\/\/ecosdelsur.com\/?p=7566"},"modified":"2023-08-24T22:37:48","modified_gmt":"2023-08-24T22:37:48","slug":"gremio-petrolero-gestiona-en-conflicto-de-trabajadores-de-la-pesca","status":"publish","type":"post","link":"https:\/\/ecosdelsur.com\/?p=7566","title":{"rendered":"Gremio petrolero gestiona en conflicto de trabajadores de la pesca"},"content":{"rendered":"<p>24\/08\/2023- Qued\u00f3 superado el conflicto de los estibadores de la banquina chica y grande del puerto Caleta Paula. <img decoding=\"async\" class=\"alignnone size-full wp-image-7567 lazyload\" data-src=\"https:\/\/ecosdelsur.com\/wp-content\/uploads\/2023\/08\/pesca-1.jpg\" alt=\"\" width=\"800\" height=\"477\" data-srcset=\"https:\/\/ecosdelsur.com\/wp-content\/uploads\/2023\/08\/pesca-1.jpg 800w, https:\/\/ecosdelsur.com\/wp-content\/uploads\/2023\/08\/pesca-1-300x179.jpg 300w, https:\/\/ecosdelsur.com\/wp-content\/uploads\/2023\/08\/pesca-1-768x458.jpg 768w\" data-sizes=\"(max-width: 800px) 100vw, 800px\" src=\"data:image\/svg+xml;base64,PHN2ZyB3aWR0aD0iMSIgaGVpZ2h0PSIxIiB4bWxucz0iaHR0cDovL3d3dy53My5vcmcvMjAwMC9zdmciPjwvc3ZnPg==\" style=\"--smush-placeholder-width: 800px; --smush-placeholder-aspect-ratio: 800\/477;\" \/> El cual tambi\u00e9n involucr\u00f3 a guincheros y capataces, tras la intervenci\u00f3n de dirigentes locales del Sindicato Petrolero, Gas y Energ\u00edas Renovables de Santa Cruz.<img decoding=\"async\" class=\"alignnone size-full wp-image-7568 lazyload\" data-src=\"https:\/\/ecosdelsur.com\/wp-content\/uploads\/2023\/08\/pesca-2.jpg\" alt=\"\" width=\"800\" height=\"468\" data-srcset=\"https:\/\/ecosdelsur.com\/wp-content\/uploads\/2023\/08\/pesca-2.jpg 800w, https:\/\/ecosdelsur.com\/wp-content\/uploads\/2023\/08\/pesca-2-300x176.jpg 300w, https:\/\/ecosdelsur.com\/wp-content\/uploads\/2023\/08\/pesca-2-768x449.jpg 768w\" data-sizes=\"(max-width: 800px) 100vw, 800px\" src=\"data:image\/svg+xml;base64,PHN2ZyB3aWR0aD0iMSIgaGVpZ2h0PSIxIiB4bWxucz0iaHR0cDovL3d3dy53My5vcmcvMjAwMC9zdmciPjwvc3ZnPg==\" style=\"--smush-placeholder-width: 800px; --smush-placeholder-aspect-ratio: 800\/468;\" \/><\/p>\n<p>Dos de ellos, Pablo Carrizo y Luis Melo, a instancias de la misi\u00f3n que les encomendara el gobernador electo Claudio Vidal (quien al mismo tiempo lidera el gremio y hasta diciembre continuar\u00e1 ejerciendo el rol de diputado nacional), se entrevistaron a principios de esta semana con los manifestantes.<img decoding=\"async\" class=\"alignnone size-full wp-image-7574 lazyload\" data-src=\"https:\/\/ecosdelsur.com\/wp-content\/uploads\/2023\/08\/pesca-8.jpg\" alt=\"\" width=\"800\" height=\"484\" data-srcset=\"https:\/\/ecosdelsur.com\/wp-content\/uploads\/2023\/08\/pesca-8.jpg 800w, https:\/\/ecosdelsur.com\/wp-content\/uploads\/2023\/08\/pesca-8-300x182.jpg 300w, https:\/\/ecosdelsur.com\/wp-content\/uploads\/2023\/08\/pesca-8-768x465.jpg 768w\" data-sizes=\"(max-width: 800px) 100vw, 800px\" src=\"data:image\/svg+xml;base64,PHN2ZyB3aWR0aD0iMSIgaGVpZ2h0PSIxIiB4bWxucz0iaHR0cDovL3d3dy53My5vcmcvMjAwMC9zdmciPjwvc3ZnPg==\" style=\"--smush-placeholder-width: 800px; --smush-placeholder-aspect-ratio: 800\/484;\" \/><\/p>\n<p>Vale recordar que por varios d\u00edas, el grupo conformado por unos setenta trabajadores, estuvo bloqueando el acceso al recinto mar\u00edtimo exigiendo que los barcos pesqueros de altura ingresaran para descargar sus capturas de langostino y de esta manera mantener sus fuentes de trabajo.<img decoding=\"async\" class=\"alignnone size-full wp-image-7571 lazyload\" data-src=\"https:\/\/ecosdelsur.com\/wp-content\/uploads\/2023\/08\/pesca-5.jpg\" alt=\"\" width=\"800\" height=\"450\" data-srcset=\"https:\/\/ecosdelsur.com\/wp-content\/uploads\/2023\/08\/pesca-5.jpg 800w, https:\/\/ecosdelsur.com\/wp-content\/uploads\/2023\/08\/pesca-5-300x169.jpg 300w, https:\/\/ecosdelsur.com\/wp-content\/uploads\/2023\/08\/pesca-5-768x432.jpg 768w\" data-sizes=\"(max-width: 800px) 100vw, 800px\" src=\"data:image\/svg+xml;base64,PHN2ZyB3aWR0aD0iMSIgaGVpZ2h0PSIxIiB4bWxucz0iaHR0cDovL3d3dy53My5vcmcvMjAwMC9zdmciPjwvc3ZnPg==\" style=\"--smush-placeholder-width: 800px; --smush-placeholder-aspect-ratio: 800\/450;\" \/><\/p>\n<p>En principio el bloque fue total pero luego debieron flexibilizarlo al recibir una orden judicial de permitir que ingresaran camiones cisternas para reabastecerse de combustibles en la planta de almacenaje de Axion.<\/p>\n<p>Respecto a las acciones que posibilitaron superar el conflicto, uno de los voceros de los trabajadores, Walter Uribe, dijo a El Patag\u00f3nico que luego de ser impuestos sobre el problema, los dirigentes petroleros se contactaron con el empresario pesquero Diego Dalessio, quien accedi\u00f3 a que dos de sus buques de altura comenzaran a descargar capturas de merluza a partir del martes y sucesivamente lo har\u00e1n de manera peri\u00f3dica hasta el mes de diciembre.<\/p>\n<p>Uribe precis\u00f3 que cada uno de esos barcos trae entre 7 y 8 mil cajones del mencionado recurso marino y adem\u00e1s adelanto que otro empresario local, de apellido Jones, tambi\u00e9n se comprometi\u00f3 a aportar uno de sus barcos con el mismo objetivo, tras una conversaci\u00f3n que mantuvieron por separado.<\/p>\n<p>Finalmente, el vocero expres\u00f3 su agradecimiento a la gesti\u00f3n del gobernador electo y de los dirigentes locales del gremio petrolero, resaltando adem\u00e1s que no tuvieron ninguna respuesta de los funcionaros provinciales que en pocos meses m\u00e1s finalizar\u00e1n sus mandatos.<\/p>\n","protected":false},"excerpt":{"rendered":"<p>24\/08\/2023- Qued\u00f3 superado el conflicto de los estibadores de la banquina chica y grande del puerto Caleta Paula. El cual<\/p>\n","protected":false},"author":8,"featured_media":7569,"comment_status":"open","ping_status":"closed","sticky":false,"template":"","format":"standard","meta":{"footnotes":""},"categories":[33,35],"tags":[],"class_list":["post-7566","post","type-post","status-publish","format-standard","has-post-thumbnail","hentry","category-politica","category-sociedad"],"_links":{"self":[{"href":"https:\/\/ecosdelsur.com\/index.php?rest_route=\/wp\/v2\/posts\/7566","targetHints":{"allow":["GET"]}}],"collection":[{"href":"https:\/\/ecosdelsur.com\/index.php?rest_route=\/wp\/v2\/posts"}],"about":[{"href":"https:\/\/ecosdelsur.com\/index.php?rest_route=\/wp\/v2\/types\/post"}],"author":[{"embeddable":true,"href":"https:\/\/ecosdelsur.com\/index.php?rest_route=\/wp\/v2\/users\/8"}],"replies":[{"embeddable":true,"href":"https:\/\/ecosdelsur.com\/index.php?rest_route=%2Fwp%2Fv2%2Fcomments&post=7566"}],"version-history":[{"count":0,"href":"https:\/\/ecosdelsur.com\/index.php?rest_route=\/wp\/v2\/posts\/7566\/revisions"}],"wp:featuredmedia":[{"embeddable":true,"href":"https:\/\/ecosdelsur.com\/index.php?rest_route=\/wp\/v2\/media\/7569"}],"wp:attachment":[{"href":"https:\/\/ecosdelsur.com\/index.php?rest_route=%2Fwp%2Fv2%2Fmedia&parent=7566"}],"wp:term":[{"taxonomy":"category","embeddable":true,"href":"https:\/\/ecosdelsur.com\/index.php?rest_route=%2Fwp%2Fv2%2Fcategories&post=7566"},{"taxonomy":"post_tag","embeddable":true,"href":"https:\/\/ecosdelsur.com\/index.php?rest_route=%2Fwp%2Fv2%2Ftags&post=7566"}],"curies":[{"name":"wp","href":"https:\/\/api.w.org\/{rel}","templated":true}]}}