{"id":7561,"date":"2023-08-24T21:49:19","date_gmt":"2023-08-24T21:49:19","guid":{"rendered":"https:\/\/ecosdelsur.com\/?p=7561"},"modified":"2023-08-24T22:18:15","modified_gmt":"2023-08-24T22:18:15","slug":"emergencia-alimentaria-el-proyecto-que-presento-romina-del-pla-ante-el-desabastecimiento-de-los-comedores-populares","status":"publish","type":"post","link":"https:\/\/ecosdelsur.com\/?p=7561","title":{"rendered":"Emergencia alimentaria: el proyecto que present\u00f3 Romina Del Pl\u00e1 ante el desabastecimiento de los comedores populares"},"content":{"rendered":"<p>24\/08\/2023- Tras la devaluaci\u00f3n y el salto inflacionario, las organizaciones piqueteras siguen reclamando la entrega de alimentos.<\/p>\n<p>La diputada del Partido Obrero-FITU, Romina Del Pl\u00e1, present\u00f3 un proyecto en el Congreso con el objeto de declarar emergencia alimentaria nacional. De aprobarse, el gobierno nacional podr\u00eda comprar alimentos pasando por encima de los mecanismos que rigen el funcionamiento de las licitaciones de compras del Estado. Esto apunta a atender el desabastecimiento de alimentos que prima en muchos de los comedores de las barriadas obreras de Argentina en el marco de un recrudecimiento de la crisis econ\u00f3mica y social. El movimiento piquetero se viene movilizando contra este estado de cosas, reclamando alimento para los comedores.<\/p>\n<p>La aplicaci\u00f3n de la propuesta establecer\u00eda la emergencia alimentaria nacional hasta el 30 de septiembre, pasible de ser extendida por dos periodos de 30 d\u00edas en caso de ser necesario. Asimismo, suspender\u00eda por ese plazo el mecanismo de licitaci\u00f3n de compras del Estado y sus respectivos plazos. De este modo, el gobierno podr\u00eda comprar alimentos directamente \u2013evitando pasar por las licitaciones\u2013 y enviar alimentos a los comedores que se encuentran desabastecidos.<\/p>\n<p>La situaci\u00f3n de desabastecimiento que impera en los comedores comunitarios, que son m\u00e1s de 11.000 en todo el pa\u00eds, se explica en parte por el hecho de que las empresas proveedoras no aceptan las licitaciones debido a la incertidumbre generada por el descalabro econ\u00f3mico e inflacionario. El gobierno del Frente de Todos ha contribuido a esta situaci\u00f3n recortando los alimentos que env\u00eda a los comedores para satisfacer las exigencias del FMI.<\/p>\n<p>El programa de ajuste fondomonetarista, cuya implementaci\u00f3n est\u00e1 produciendo un\u00a0<a href=\"https:\/\/prensaobrera.com\/politicas\/la-devaluacion-de-massa-y-el-fmi-dispara-los-precios\">agravamiento de la crisis econ\u00f3mica y social<\/a>, es incompatible con las aspiraciones y necesidades de las masas trabajadoras. En este contexto, la ofensiva del gobierno capitalista de Massa-Kirchner golpea mucho m\u00e1s sobre los sectores m\u00e1s oprimidos y explotados del pa\u00eds.<\/p>\n<p>Es por esto que la Unidad Piquetera volver\u00e1 a las calles este jueves 24 de agosto para reclamar alimentos para los comedores populares. Todo el apoyo a los compa\u00f1eros.<\/p>\n<p>&nbsp;<\/p>\n","protected":false},"excerpt":{"rendered":"<p>24\/08\/2023- Tras la devaluaci\u00f3n y el salto inflacionario, las organizaciones piqueteras siguen reclamando la entrega de alimentos. La diputada del<\/p>\n","protected":false},"author":8,"featured_media":7562,"comment_status":"open","ping_status":"closed","sticky":false,"template":"","format":"standard","meta":{"footnotes":""},"categories":[33],"tags":[],"class_list":["post-7561","post","type-post","status-publish","format-standard","has-post-thumbnail","hentry","category-politica"],"_links":{"self":[{"href":"https:\/\/ecosdelsur.com\/index.php?rest_route=\/wp\/v2\/posts\/7561","targetHints":{"allow":["GET"]}}],"collection":[{"href":"https:\/\/ecosdelsur.com\/index.php?rest_route=\/wp\/v2\/posts"}],"about":[{"href":"https:\/\/ecosdelsur.com\/index.php?rest_route=\/wp\/v2\/types\/post"}],"author":[{"embeddable":true,"href":"https:\/\/ecosdelsur.com\/index.php?rest_route=\/wp\/v2\/users\/8"}],"replies":[{"embeddable":true,"href":"https:\/\/ecosdelsur.com\/index.php?rest_route=%2Fwp%2Fv2%2Fcomments&post=7561"}],"version-history":[{"count":0,"href":"https:\/\/ecosdelsur.com\/index.php?rest_route=\/wp\/v2\/posts\/7561\/revisions"}],"wp:featuredmedia":[{"embeddable":true,"href":"https:\/\/ecosdelsur.com\/index.php?rest_route=\/wp\/v2\/media\/7562"}],"wp:attachment":[{"href":"https:\/\/ecosdelsur.com\/index.php?rest_route=%2Fwp%2Fv2%2Fmedia&parent=7561"}],"wp:term":[{"taxonomy":"category","embeddable":true,"href":"https:\/\/ecosdelsur.com\/index.php?rest_route=%2Fwp%2Fv2%2Fcategories&post=7561"},{"taxonomy":"post_tag","embeddable":true,"href":"https:\/\/ecosdelsur.com\/index.php?rest_route=%2Fwp%2Fv2%2Ftags&post=7561"}],"curies":[{"name":"wp","href":"https:\/\/api.w.org\/{rel}","templated":true}]}}