{"id":7557,"date":"2023-08-24T21:41:57","date_gmt":"2023-08-24T21:41:57","guid":{"rendered":"https:\/\/ecosdelsur.com\/?p=7557"},"modified":"2023-08-24T21:41:57","modified_gmt":"2023-08-24T21:41:57","slug":"provincia-y-nacion-firmara-convenios-para-gestion-eficiente-de-residuos-solidos-urbanos","status":"publish","type":"post","link":"https:\/\/ecosdelsur.com\/?p=7557","title":{"rendered":"Provincia y Naci\u00f3n firmar\u00e1 convenios para gesti\u00f3n eficiente de residuos s\u00f3lidos urbanos"},"content":{"rendered":"<h5 class=\"itemTitle\"><span style=\"font-size: 16px;\">La gobernadora Alicia Kirchner, junto al ministro de Ambiente y Desarrollo Sostenible de la Naci\u00f3n, Juan Cabandi\u00e9; y municipios de la provincia, firmar\u00e1n los convenios de cooperaci\u00f3n y compromiso para la cesi\u00f3n de equipamientos mediante el Fondo Nacional del Manejo de Fuego.<\/span><\/h5>\n<div class=\"itemFullText\">\n<p>Este viernes a las 14 horas, la primera mandataria santacruce\u00f1a, en conjunto con el ministro de Ambiente y Desarrollo Sostenible de la Naci\u00f3n, Juan Cabandi\u00e9, firmar\u00e1n el convenio de cooperaci\u00f3n y compromiso para la asistencia en la cesi\u00f3n de equipamiento, mediante el Fondo Nacional de Manejo del Fuego.<\/p>\n<p>Del mismo modo, se har\u00e1 entrega de maquinaria destinada a distintos municipios en el marco del plan GIRSU, una estrategia transversal, en articulaci\u00f3n con provincias y municipios, que promueve el saneamiento ambiental y la optimizaci\u00f3n de recursos para garantizar una gesti\u00f3n moderna y eficiente de los residuos s\u00f3lidos urbanos, como un ejemplo de la econom\u00eda circular.<\/p>\n<p>En este marco, se realizar\u00e1 la firma de convenios de cooperaci\u00f3n con tres localidades de la provincia, que recibir\u00e1n equipamiento para una gesti\u00f3n urbana ambientalmente sostenible, destinadas a Piedra Buena, Perito Moreno y R\u00edo Turbio.<\/p>\n<\/div>\n","protected":false},"excerpt":{"rendered":"<p>La gobernadora Alicia Kirchner, junto al ministro de Ambiente y Desarrollo Sostenible de la Naci\u00f3n, Juan Cabandi\u00e9; y municipios de<\/p>\n","protected":false},"author":8,"featured_media":7558,"comment_status":"open","ping_status":"closed","sticky":false,"template":"","format":"standard","meta":{"footnotes":""},"categories":[33],"tags":[],"class_list":["post-7557","post","type-post","status-publish","format-standard","has-post-thumbnail","hentry","category-politica"],"_links":{"self":[{"href":"https:\/\/ecosdelsur.com\/index.php?rest_route=\/wp\/v2\/posts\/7557","targetHints":{"allow":["GET"]}}],"collection":[{"href":"https:\/\/ecosdelsur.com\/index.php?rest_route=\/wp\/v2\/posts"}],"about":[{"href":"https:\/\/ecosdelsur.com\/index.php?rest_route=\/wp\/v2\/types\/post"}],"author":[{"embeddable":true,"href":"https:\/\/ecosdelsur.com\/index.php?rest_route=\/wp\/v2\/users\/8"}],"replies":[{"embeddable":true,"href":"https:\/\/ecosdelsur.com\/index.php?rest_route=%2Fwp%2Fv2%2Fcomments&post=7557"}],"version-history":[{"count":0,"href":"https:\/\/ecosdelsur.com\/index.php?rest_route=\/wp\/v2\/posts\/7557\/revisions"}],"wp:featuredmedia":[{"embeddable":true,"href":"https:\/\/ecosdelsur.com\/index.php?rest_route=\/wp\/v2\/media\/7558"}],"wp:attachment":[{"href":"https:\/\/ecosdelsur.com\/index.php?rest_route=%2Fwp%2Fv2%2Fmedia&parent=7557"}],"wp:term":[{"taxonomy":"category","embeddable":true,"href":"https:\/\/ecosdelsur.com\/index.php?rest_route=%2Fwp%2Fv2%2Fcategories&post=7557"},{"taxonomy":"post_tag","embeddable":true,"href":"https:\/\/ecosdelsur.com\/index.php?rest_route=%2Fwp%2Fv2%2Ftags&post=7557"}],"curies":[{"name":"wp","href":"https:\/\/api.w.org\/{rel}","templated":true}]}}