{"id":7548,"date":"2023-08-24T21:38:23","date_gmt":"2023-08-24T21:38:23","guid":{"rendered":"https:\/\/ecosdelsur.com\/?p=7548"},"modified":"2023-08-24T21:38:23","modified_gmt":"2023-08-24T21:38:23","slug":"palpitando-la-adrenalina-exitosa-jornada-para-los-1000-metros-libres-en-el-calafate","status":"publish","type":"post","link":"https:\/\/ecosdelsur.com\/?p=7548","title":{"rendered":"Palpitando la adrenalina: Exitosa jornada para los 1000 metros libres en El Calafate"},"content":{"rendered":"<h5 class=\"itemTitle\"><span style=\"font-size: 16px;\">La competencia inicial se disput\u00f3 ayer por la ma\u00f1ana en la Copa Mundial de Nataci\u00f3n que se extender\u00e1 hasta el s\u00e1bado. La misma se lleva adelante en el Canal de los T\u00e9mpanos frente al Glaciar Perito Moreno.<img decoding=\"async\" class=\"alignnone size-full wp-image-7549 lazyload\" data-src=\"https:\/\/ecosdelsur.com\/wp-content\/uploads\/2023\/08\/REM_3443.jpg\" alt=\"\" width=\"800\" height=\"487\" data-srcset=\"https:\/\/ecosdelsur.com\/wp-content\/uploads\/2023\/08\/REM_3443.jpg 800w, https:\/\/ecosdelsur.com\/wp-content\/uploads\/2023\/08\/REM_3443-300x183.jpg 300w, https:\/\/ecosdelsur.com\/wp-content\/uploads\/2023\/08\/REM_3443-768x468.jpg 768w\" data-sizes=\"(max-width: 800px) 100vw, 800px\" src=\"data:image\/svg+xml;base64,PHN2ZyB3aWR0aD0iMSIgaGVpZ2h0PSIxIiB4bWxucz0iaHR0cDovL3d3dy53My5vcmcvMjAwMC9zdmciPjwvc3ZnPg==\" style=\"--smush-placeholder-width: 800px; --smush-placeholder-aspect-ratio: 800\/487;\" \/><\/span><\/h5>\n<div class=\"itemFullText\">\n<p>Con la participaci\u00f3n de 158 nadadores de diferentes puntos de la Argentina y 11 pa\u00edses del mundo, se desarrollaron las pruebas de 1000 metros sin traje y con traje de neopreno en las categor\u00edas femenino y masculino.<img decoding=\"async\" class=\"alignnone size-full wp-image-7551 lazyload\" data-src=\"https:\/\/ecosdelsur.com\/wp-content\/uploads\/2023\/08\/REM_3570_1.jpg\" alt=\"\" width=\"800\" height=\"473\" data-srcset=\"https:\/\/ecosdelsur.com\/wp-content\/uploads\/2023\/08\/REM_3570_1.jpg 800w, https:\/\/ecosdelsur.com\/wp-content\/uploads\/2023\/08\/REM_3570_1-300x177.jpg 300w, https:\/\/ecosdelsur.com\/wp-content\/uploads\/2023\/08\/REM_3570_1-768x454.jpg 768w\" data-sizes=\"(max-width: 800px) 100vw, 800px\" src=\"data:image\/svg+xml;base64,PHN2ZyB3aWR0aD0iMSIgaGVpZ2h0PSIxIiB4bWxucz0iaHR0cDovL3d3dy53My5vcmcvMjAwMC9zdmciPjwvc3ZnPg==\" style=\"--smush-placeholder-width: 800px; --smush-placeholder-aspect-ratio: 800\/473;\" \/><\/p>\n<p>En cuanto a los representantes santacruce\u00f1os, la representante del Club Hispano Americano de R\u00edo Gallegos, Abril Gorchs, conquist\u00f3 el primer puesto en la distancia de 1km con traje de neopreno, con un tiempo de 15 minutos y 47 segundos.<img decoding=\"async\" class=\"alignnone size-full wp-image-7554 lazyload\" data-src=\"https:\/\/ecosdelsur.com\/wp-content\/uploads\/2023\/08\/natacion-7.jpg\" alt=\"\" width=\"800\" height=\"480\" data-srcset=\"https:\/\/ecosdelsur.com\/wp-content\/uploads\/2023\/08\/natacion-7.jpg 800w, https:\/\/ecosdelsur.com\/wp-content\/uploads\/2023\/08\/natacion-7-300x180.jpg 300w, https:\/\/ecosdelsur.com\/wp-content\/uploads\/2023\/08\/natacion-7-768x461.jpg 768w\" data-sizes=\"(max-width: 800px) 100vw, 800px\" src=\"data:image\/svg+xml;base64,PHN2ZyB3aWR0aD0iMSIgaGVpZ2h0PSIxIiB4bWxucz0iaHR0cDovL3d3dy53My5vcmcvMjAwMC9zdmciPjwvc3ZnPg==\" style=\"--smush-placeholder-width: 800px; --smush-placeholder-aspect-ratio: 800\/480;\" \/><\/p>\n<p>Asimismo, la organizaci\u00f3n de las competencias, a cargo de la Asociaci\u00f3n Internacional de Nataci\u00f3n en Aguas Abiertas, inform\u00f3 que por cuestiones climatol\u00f3gicas las actividades quedan suspendidas este jueves. Reci\u00e9n se retomar\u00eda ma\u00f1ana viernes para concluir el s\u00e1bado.<img decoding=\"async\" class=\"alignnone size-full wp-image-7553 lazyload\" data-src=\"https:\/\/ecosdelsur.com\/wp-content\/uploads\/2023\/08\/natacion-6.jpg\" alt=\"\" width=\"800\" height=\"454\" data-srcset=\"https:\/\/ecosdelsur.com\/wp-content\/uploads\/2023\/08\/natacion-6.jpg 800w, https:\/\/ecosdelsur.com\/wp-content\/uploads\/2023\/08\/natacion-6-300x170.jpg 300w, https:\/\/ecosdelsur.com\/wp-content\/uploads\/2023\/08\/natacion-6-768x436.jpg 768w\" data-sizes=\"(max-width: 800px) 100vw, 800px\" src=\"data:image\/svg+xml;base64,PHN2ZyB3aWR0aD0iMSIgaGVpZ2h0PSIxIiB4bWxucz0iaHR0cDovL3d3dy53My5vcmcvMjAwMC9zdmciPjwvc3ZnPg==\" style=\"--smush-placeholder-width: 800px; --smush-placeholder-aspect-ratio: 800\/454;\" \/><\/p>\n<p>Una vez finalizado el cotejo el secretario de Turismo de la provincia, Pablo Godoy, habl\u00f3 con la Agencia de Medios y Contenidos Audiovisuales de Santa Cruz (AMA) y manifest\u00f3 sensaciones al respecto. \u201cLa primera jornada fue fant\u00e1stica, si bien hab\u00eda un poco de viento, se cumpli\u00f3 con el objetivo de que la categor\u00eda de 1000 metros, tanto para masculinos y femeninos con y sin traje en neopreno, puedan cumplir con la propuesta\u201d.<\/p>\n<p>Adem\u00e1s, agreg\u00f3: \u201cEs una actividad muy intensa, ya que el agua es muy fr\u00eda\u201d.<\/p>\n<p>Por otro lado, se refiri\u00f3 al operativo de seguridad desplegado para realizar la actividad deportiva: \u201cLa verdad que funcion\u00f3 muy bien, se hizo un gran esfuerzo: la log\u00edstica, el armado, la recuperaci\u00f3n con las saunas, con las temperaturas. Todo estuvo a la altura de un evento internacional\u201d.<\/p>\n<p>\u201cHoy hay una jornada de viento, as\u00ed que las actividades se pasan para ma\u00f1ana viernes porque con mucho viento y acumulaci\u00f3n de t\u00e9mpanos no se puede nadar\u201d, a\u00f1adi\u00f3.<\/p>\n<p>Asimismo, hizo hincapi\u00e9 en el objetivo de su cartera con este tipo de eventos deportivos: \u201cNos sirve para concientizar el cuidado de las \u00e1reas perjudicadas, los parques nacionales, estos espacios, realizando actividades con esta mirada que tiene que ver con actividades deportivas vinculadas a lo que estamos protegiendo y que no impacten en el espacio\u201d.<\/p>\n<p><strong>\u201cFue una sensaci\u00f3n \u00fanica\u201d<\/strong><\/p>\n<p>Por su parte, la nadadora Abril Gorchs expres\u00f3: \u201cEn este comienzo nos encontramos con mucho viento. Largaron la primera prueba de 1000 metros y cancelaron los 25km\u201d.<\/p>\n<p>Sobre las condiciones imperantes en el momento del certamen, relat\u00f3: \u201cHubo mucho oleaje y con el condicionante de la adaptaci\u00f3n al agua que tiene que ser de manera paulatina\u201d. Luego destac\u00f3: \u201cLos 1000 metros lo completaron todos los nadadores que se inscribieron\u201d.<\/p>\n<p>Con respecto a la participaci\u00f3n en este desaf\u00edo, Abril manifest\u00f3: \u201cFue una sensaci\u00f3n \u00fanica por estar al pie del Glaciar Perito Moreno y con hielos nadando al lado. Pude cumplir con los 1000 metros\u201d.<\/p>\n<p>\u201cLos resultados fueron buenos a pesar de que uno tiene en la cabeza el lugar. Yo vine por la experiencia\u201d consider\u00f3.<\/p>\n<p>\u201cEsta todo bien organizado y esto te invita a seguir anot\u00e1ndote a este tipo de propuestas\u201d valor\u00f3.<\/p>\n<p>Para finalizar, la nadadora declar\u00f3 que est\u00e1 \u201ccon muchas ganas de seguir compitiendo\u201d, por lo que se anot\u00f3 en todas las pruebas de 500 y 100, 200 y 50, y, las de 1000 y 25 metros libres.<\/p>\n<\/div>\n","protected":false},"excerpt":{"rendered":"<p>La competencia inicial se disput\u00f3 ayer por la ma\u00f1ana en la Copa Mundial de Nataci\u00f3n que se extender\u00e1 hasta el<\/p>\n","protected":false},"author":8,"featured_media":7552,"comment_status":"open","ping_status":"closed","sticky":false,"template":"","format":"standard","meta":{"footnotes":""},"categories":[37],"tags":[],"class_list":["post-7548","post","type-post","status-publish","format-standard","has-post-thumbnail","hentry","category-deportes"],"_links":{"self":[{"href":"https:\/\/ecosdelsur.com\/index.php?rest_route=\/wp\/v2\/posts\/7548","targetHints":{"allow":["GET"]}}],"collection":[{"href":"https:\/\/ecosdelsur.com\/index.php?rest_route=\/wp\/v2\/posts"}],"about":[{"href":"https:\/\/ecosdelsur.com\/index.php?rest_route=\/wp\/v2\/types\/post"}],"author":[{"embeddable":true,"href":"https:\/\/ecosdelsur.com\/index.php?rest_route=\/wp\/v2\/users\/8"}],"replies":[{"embeddable":true,"href":"https:\/\/ecosdelsur.com\/index.php?rest_route=%2Fwp%2Fv2%2Fcomments&post=7548"}],"version-history":[{"count":0,"href":"https:\/\/ecosdelsur.com\/index.php?rest_route=\/wp\/v2\/posts\/7548\/revisions"}],"wp:featuredmedia":[{"embeddable":true,"href":"https:\/\/ecosdelsur.com\/index.php?rest_route=\/wp\/v2\/media\/7552"}],"wp:attachment":[{"href":"https:\/\/ecosdelsur.com\/index.php?rest_route=%2Fwp%2Fv2%2Fmedia&parent=7548"}],"wp:term":[{"taxonomy":"category","embeddable":true,"href":"https:\/\/ecosdelsur.com\/index.php?rest_route=%2Fwp%2Fv2%2Fcategories&post=7548"},{"taxonomy":"post_tag","embeddable":true,"href":"https:\/\/ecosdelsur.com\/index.php?rest_route=%2Fwp%2Fv2%2Ftags&post=7548"}],"curies":[{"name":"wp","href":"https:\/\/api.w.org\/{rel}","templated":true}]}}