{"id":7543,"date":"2023-08-24T21:33:47","date_gmt":"2023-08-24T21:33:47","guid":{"rendered":"https:\/\/ecosdelsur.com\/?p=7543"},"modified":"2023-08-24T21:33:47","modified_gmt":"2023-08-24T21:33:47","slug":"claudio-vidal-se-reunio-con-ejecutivos-de-empresas-mineras","status":"publish","type":"post","link":"https:\/\/ecosdelsur.com\/?p=7543","title":{"rendered":"Claudio Vidal se reuni\u00f3 con ejecutivos de empresas mineras"},"content":{"rendered":"<p>24\/08\/2023-En el conclave se busc\u00f3 mejorar las condiciones para generar nuevos puestos de trabajo.<img decoding=\"async\" class=\"alignnone size-full wp-image-7544 lazyload\" data-src=\"https:\/\/ecosdelsur.com\/wp-content\/uploads\/2023\/08\/cv.jpeg\" alt=\"\" width=\"800\" height=\"437\" data-srcset=\"https:\/\/ecosdelsur.com\/wp-content\/uploads\/2023\/08\/cv.jpeg 800w, https:\/\/ecosdelsur.com\/wp-content\/uploads\/2023\/08\/cv-300x164.jpeg 300w, https:\/\/ecosdelsur.com\/wp-content\/uploads\/2023\/08\/cv-768x420.jpeg 768w\" data-sizes=\"(max-width: 800px) 100vw, 800px\" src=\"data:image\/svg+xml;base64,PHN2ZyB3aWR0aD0iMSIgaGVpZ2h0PSIxIiB4bWxucz0iaHR0cDovL3d3dy53My5vcmcvMjAwMC9zdmciPjwvc3ZnPg==\" style=\"--smush-placeholder-width: 800px; --smush-placeholder-aspect-ratio: 800\/437;\" \/><\/p>\n<p>El gobernador electo mantuvo un encuentro con representantes de mineras, y reivindic\u00f3 su intenci\u00f3n de apoyar el desarrollo de las actividades productivas santacruce\u00f1as, como base para ampliar las alternativas laborales. &#8220;Vamos a trabajar en conjunto con mucha transparencia y decisi\u00f3n, respaldando la actividad, apostando al desarrollo y a la generaci\u00f3n de empleo genuino&#8221;, expres\u00f3 Vidal.<br \/>\nEste jueves, el gobernador electo de Santa Cruz, Claudio Vidal, mantuvo un encuentro con grandes empresas del sector minero para comenzar a explicar su plan de gobierno y escuchar a los empresarios. &#8220;Comienza un nuevo proceso en la provincia y vamos a generar las condiciones que faltan para que la actividad crezca y genere los recursos que necesitan los santacruce\u00f1os para crecer&#8221;.<br \/>\nVidal aclar\u00f3 que &#8220;es importante que las empresas inviertan. Tenemos muchos recursos, que permiten rentabilidad para las empresas. Tenemos trabajadores capacitados y mucha gente inteligente que va a aportar proyectos e ideas para que la explotaci\u00f3n aumente. La eficiencia y la transparencia son clave. Tenemos una provincia inmensamente rica&#8221;.<br \/>\n&#8220;Existen grandes proyectos para Santa Cruz. Tenemos muchas oportunidades, que son valiosas para la provincia y para la Argentina. Se tiene que invertir, se tienen que generar puestos de trabajo genuino. Las empresas tienen que ser responsables y colaborar, estamos seguros de que va a ser as\u00ed. Creemos que este es un ambiente muy favorable para la miner\u00eda&#8221;, concluy\u00f3 el gobernador electo.<br \/>\nFinalmente, Vidal anticip\u00f3 que &#8220;vamos a tener una pr\u00f3xima reuni\u00f3n con empresarios y funcionarios que van a ocupar el lugar en el gobierno con respecto a este tema&#8221;.<\/p>\n","protected":false},"excerpt":{"rendered":"<p>24\/08\/2023-En el conclave se busc\u00f3 mejorar las condiciones para generar nuevos puestos de trabajo. El gobernador electo mantuvo un encuentro<\/p>\n","protected":false},"author":8,"featured_media":7545,"comment_status":"open","ping_status":"closed","sticky":false,"template":"","format":"standard","meta":{"footnotes":""},"categories":[33,35],"tags":[],"class_list":["post-7543","post","type-post","status-publish","format-standard","has-post-thumbnail","hentry","category-politica","category-sociedad"],"_links":{"self":[{"href":"https:\/\/ecosdelsur.com\/index.php?rest_route=\/wp\/v2\/posts\/7543","targetHints":{"allow":["GET"]}}],"collection":[{"href":"https:\/\/ecosdelsur.com\/index.php?rest_route=\/wp\/v2\/posts"}],"about":[{"href":"https:\/\/ecosdelsur.com\/index.php?rest_route=\/wp\/v2\/types\/post"}],"author":[{"embeddable":true,"href":"https:\/\/ecosdelsur.com\/index.php?rest_route=\/wp\/v2\/users\/8"}],"replies":[{"embeddable":true,"href":"https:\/\/ecosdelsur.com\/index.php?rest_route=%2Fwp%2Fv2%2Fcomments&post=7543"}],"version-history":[{"count":0,"href":"https:\/\/ecosdelsur.com\/index.php?rest_route=\/wp\/v2\/posts\/7543\/revisions"}],"wp:featuredmedia":[{"embeddable":true,"href":"https:\/\/ecosdelsur.com\/index.php?rest_route=\/wp\/v2\/media\/7545"}],"wp:attachment":[{"href":"https:\/\/ecosdelsur.com\/index.php?rest_route=%2Fwp%2Fv2%2Fmedia&parent=7543"}],"wp:term":[{"taxonomy":"category","embeddable":true,"href":"https:\/\/ecosdelsur.com\/index.php?rest_route=%2Fwp%2Fv2%2Fcategories&post=7543"},{"taxonomy":"post_tag","embeddable":true,"href":"https:\/\/ecosdelsur.com\/index.php?rest_route=%2Fwp%2Fv2%2Ftags&post=7543"}],"curies":[{"name":"wp","href":"https:\/\/api.w.org\/{rel}","templated":true}]}}