{"id":7539,"date":"2023-08-24T05:28:56","date_gmt":"2023-08-24T05:28:56","guid":{"rendered":"https:\/\/ecosdelsur.com\/?p=7539"},"modified":"2023-08-24T05:28:56","modified_gmt":"2023-08-24T05:28:56","slug":"4-grandes-frentes-competiran-en-las-municipalidades-en-octubre","status":"publish","type":"post","link":"https:\/\/ecosdelsur.com\/?p=7539","title":{"rendered":"4 grandes frentes competir\u00e1n en las municipalidades en Octubre"},"content":{"rendered":"<p class=\"copete\">En la noche del mi\u00e9rcoles, los apoderados de los frentes y los sublemas se presentaron en la Justicia Electoral. Hubo intentos de sumar a la UCR al frente de \u201cPor Santa Cruz\u201d, pero no prosper\u00f3. Uni\u00f3n por la patria no modific\u00f3 la estrategia electoral.<\/p>\n<p>Tal como estaba previsto en el cronograma electoral, este mi\u00e9rcoles a las<strong>\u00a024 horas<\/strong>\u00a0venci\u00f3 el plazo para que los diferentes espacios pol\u00edticos presenten sus frentes electorales, sublemas y espacios para competir en las pr\u00f3ximas elecciones del<strong>\u00a022 de octubre<\/strong>. Si bien a nivel nacional se dirimir\u00e1 la cuesti\u00f3n presidencial -al menos en la primera vuelta- lo cierto es que a nivel local se ponen en juego las municipalidades y las bancas de los\u00a0<strong>Concejos Deliberante.<\/strong>\u00a0Fue una semana de mesas de discusi\u00f3n, donde se intentaron ampliar algunos frentes electorales, aunque finalmente la fotograf\u00eda no tuvo grandes cambios en comparaci\u00f3n a las elecciones del 13 de agosto.<\/p>\n<div id=\"eplAdDiv300x250x3\" class=\"bannersumocontent\"><\/div>\n<p><strong>En Santa Cruz, cuatro grandes frentes competir\u00e1n en la contienda democr\u00e1tica por las municipalidades y los legislativos locales: Uni\u00f3n por la Patria (del actual oficialismo), Por Santa Cruz (El espacio del gobernador electo) Cambia Santa Cruz (La UCR, el socialismo y el ARI) y la izquierda. Los apoderados se presentaron desde temprano en la Justicia electoral, donde llevaron todos los requerimientos a fin de tener la habilitaci\u00f3n para competir.<\/strong><\/p>\n<p>Uni\u00f3n por la Patria<\/p>\n<p>El actual oficialismo no present\u00f3 mayores modificaciones al esquema presentado en las elecciones provinciales.\u00a0 El pasado fin de semana hubo una mesa cumbre en la localidad de El Calafate, donde los espacios concordaron un trabajo en conjunto para retener intendencias claves (R\u00edo Gallegos, Calafate y Caleta Olivia por ejemplo) y recuperar aquellas que no se gobiernan. La puja tambi\u00e9n estar\u00e1 puesta en poder sumar bancas en los Concejos Deliberante. En di\u00e1logo con este medio, los apoderados que integran este frente partidos que ya estuvieron tiempo atr\u00e1s, caso \u00a0el Partido Justicialista, Provincia Joven, Kolina, Partido por la Victoria, Primero Santa Cruz, Santa Cruz Somos Todos e Instrumento Electoral por la Unidad Popular.<\/p>\n<p>Por Santa Cruz<\/p>\n<p>El espacio ganador de la \u00faltima contienda electoral, que tiene como gobernador electo a Claudio Vidal, tambi\u00e9n se present\u00f3 al cierre del mi\u00e9rcoles con sus apoderados. El frente \u201cPor Santa Cruz\u201d, envalentonado con el triunfo conseguido d\u00edas atr\u00e1s, busc\u00f3 avanzar con acuerdos m\u00e1s amplios para conseguir llegar a las bancas de los legislativos y por que no, apuntar a las intendencias. Desde este espacio y en di\u00e1logo con TiempoSur, los referentes remarcaron a este medio que el objetivo ahora, con el gobierno provincial ya conseguido, es poder alcanzar a las comunas con candidatos propios y acuerdos.<\/p>\n<p>Seg\u00fan explicaron, a los partidos que ya est\u00e1n dentro del espacio (El PRO, Encuentro Ciudadano, MOVERE y un sector del radicalismo) se suman sellos de partidos vecinalistas, en total 19. Reconocieron que se intent\u00f3 negociar con la UCR que el pasado 22 de junio decidi\u00f3 jugar \u201csola\u201d dentro de Cambia Santa Cruz, pero no llegaron a buen puerto y el esquema se mantiene igual.<\/p>\n<p>Juntos<\/p>\n<p>El radicalismo, el socialismo y el ARI-CC se present\u00f3 tal cual agosto. Hubo un cambio de denominaci\u00f3n, con cada localidad armando frentes locales, teniendo la denominaci\u00f3n \u201cJuntos por\u201d con el nombre de la ciudad. Consiguieron ampliar espacios, sumando espacios locales. Desde que se conoci\u00f3 el resultado del 13 de agosto, se especul\u00f3 con la posibilidad de un acercamiento con el frente de \u201cPor Santa Cruz\u201d para tener mayor competitividad en las Intendencias. Si bien reconocieron que hubo di\u00e1logo, hubo un condicionante que no permiti\u00f3 avanzar en los acuerdos: las boletas nacionales. Es que este espacio tiene el sello para poder acompa\u00f1ar a la boleta de la candidata presidencial Patria Bullrich y hacer un acuerdo que difiera del armado en las PASO, impedir\u00eda poder llevar una boleta larga. Hubo un condicionante que tampoco dejaron pasar: que bajen sus candidatos santacruce\u00f1os provinciales.<\/p>\n<p>Fuente: Tiempo Sur<\/p>\n","protected":false},"excerpt":{"rendered":"<p>En la noche del mi\u00e9rcoles, los apoderados de los frentes y los sublemas se presentaron en la Justicia Electoral. Hubo<\/p>\n","protected":false},"author":8,"featured_media":7540,"comment_status":"open","ping_status":"closed","sticky":false,"template":"","format":"standard","meta":{"footnotes":""},"categories":[33],"tags":[],"class_list":["post-7539","post","type-post","status-publish","format-standard","has-post-thumbnail","hentry","category-politica"],"_links":{"self":[{"href":"https:\/\/ecosdelsur.com\/index.php?rest_route=\/wp\/v2\/posts\/7539","targetHints":{"allow":["GET"]}}],"collection":[{"href":"https:\/\/ecosdelsur.com\/index.php?rest_route=\/wp\/v2\/posts"}],"about":[{"href":"https:\/\/ecosdelsur.com\/index.php?rest_route=\/wp\/v2\/types\/post"}],"author":[{"embeddable":true,"href":"https:\/\/ecosdelsur.com\/index.php?rest_route=\/wp\/v2\/users\/8"}],"replies":[{"embeddable":true,"href":"https:\/\/ecosdelsur.com\/index.php?rest_route=%2Fwp%2Fv2%2Fcomments&post=7539"}],"version-history":[{"count":0,"href":"https:\/\/ecosdelsur.com\/index.php?rest_route=\/wp\/v2\/posts\/7539\/revisions"}],"wp:featuredmedia":[{"embeddable":true,"href":"https:\/\/ecosdelsur.com\/index.php?rest_route=\/wp\/v2\/media\/7540"}],"wp:attachment":[{"href":"https:\/\/ecosdelsur.com\/index.php?rest_route=%2Fwp%2Fv2%2Fmedia&parent=7539"}],"wp:term":[{"taxonomy":"category","embeddable":true,"href":"https:\/\/ecosdelsur.com\/index.php?rest_route=%2Fwp%2Fv2%2Fcategories&post=7539"},{"taxonomy":"post_tag","embeddable":true,"href":"https:\/\/ecosdelsur.com\/index.php?rest_route=%2Fwp%2Fv2%2Ftags&post=7539"}],"curies":[{"name":"wp","href":"https:\/\/api.w.org\/{rel}","templated":true}]}}