{"id":7528,"date":"2023-08-24T04:48:26","date_gmt":"2023-08-24T04:48:26","guid":{"rendered":"https:\/\/ecosdelsur.com\/?p=7528"},"modified":"2023-08-24T04:49:33","modified_gmt":"2023-08-24T04:49:33","slug":"comenzo-la-transicion-en-la-camara-de-diputados-quiroga-recibio-a-su-sucesor","status":"publish","type":"post","link":"https:\/\/ecosdelsur.com\/?p=7528","title":{"rendered":"Comenz\u00f3 la transici\u00f3n en la C\u00e1mara de Diputados, Quiroga recibi\u00f3 a su sucesor"},"content":{"rendered":"<p>En el marco del proceso de transici\u00f3n gubernamental en la provincia de Santa Cruz, este mi\u00e9rcoles se llev\u00f3 a cabo una reuni\u00f3n entre el vicegobernador en funciones, Eugenio Quiroga, y el vicegobernador electo, Fabi\u00e1n Leguizam\u00f3n.<img decoding=\"async\" class=\"alignnone size-full wp-image-7533 lazyload\" data-src=\"https:\/\/ecosdelsur.com\/wp-content\/uploads\/2023\/08\/fabian.jpg\" alt=\"\" width=\"1024\" height=\"598\" data-srcset=\"https:\/\/ecosdelsur.com\/wp-content\/uploads\/2023\/08\/fabian.jpg 1024w, https:\/\/ecosdelsur.com\/wp-content\/uploads\/2023\/08\/fabian-300x175.jpg 300w, https:\/\/ecosdelsur.com\/wp-content\/uploads\/2023\/08\/fabian-768x449.jpg 768w\" data-sizes=\"(max-width: 1024px) 100vw, 1024px\" src=\"data:image\/svg+xml;base64,PHN2ZyB3aWR0aD0iMSIgaGVpZ2h0PSIxIiB4bWxucz0iaHR0cDovL3d3dy53My5vcmcvMjAwMC9zdmciPjwvc3ZnPg==\" style=\"--smush-placeholder-width: 1024px; --smush-placeholder-aspect-ratio: 1024\/598;\" \/><\/p>\n<p>El encuentro se desarroll\u00f3 en el despacho del titular del Poder Legislativo y estuvo enfocado en el an\u00e1lisis de los aspectos cruciales que involucra este proceso de cambio de autoridades.<\/p>\n<p>Durante la reuni\u00f3n, se se\u00f1ala en el informe emitido por la oficina de prensa de la Legislatura, ambos manifestaron su compromiso con el bienestar y desarrollo de la provincia, as\u00ed como con la continuidad de las labores legislativas en Santa Cruz.<\/p>\n<p>El di\u00e1logo abierto y constructivo permiti\u00f3 abordar diversos temas relacionados con la transici\u00f3n, desde la transferencia de responsabilidades hasta la adaptaci\u00f3n necesaria para garantizar eficiencia.<\/p>\n<p>Quiroga resalt\u00f3 la disposici\u00f3n y colaboraci\u00f3n expresada por parte del vicegobernador electo subrayando la importancia de establecer una transici\u00f3n fluida y transparente que permita mantener la estabilidad institucional.<\/p>\n<p>Asimismo, resalt\u00f3 el inter\u00e9s que puso de manifiesto para familiarizarse con el funcionamiento y las din\u00e1micas de la C\u00e1mara de Diputados, evidenciando su voluntad de asumir su futura responsabilidad con la mayor preparaci\u00f3n posible.<\/p>\n<p>Por su parte, Fabi\u00e1n Leguizam\u00f3n expres\u00f3 su gratitud por la disposici\u00f3n de Eugenio Quiroga y su equipo para brindar informaci\u00f3n y orientaci\u00f3n en este per\u00edodo de transici\u00f3n.<\/p>\n<p>En esa misma l\u00ednea reafirm\u00f3 su compromiso con el servicio p\u00fablico y su determinaci\u00f3n de continuar el trabajo en beneficio de la provincia. Adem\u00e1s, destac\u00f3 la importancia de la cooperaci\u00f3n y el entendimiento entre ambas administraciones para garantizar una gesti\u00f3n efectiva.<\/p>\n","protected":false},"excerpt":{"rendered":"<p>En el marco del proceso de transici\u00f3n gubernamental en la provincia de Santa Cruz, este mi\u00e9rcoles se llev\u00f3 a cabo<\/p>\n","protected":false},"author":8,"featured_media":7534,"comment_status":"open","ping_status":"closed","sticky":false,"template":"","format":"standard","meta":{"footnotes":""},"categories":[33],"tags":[],"class_list":["post-7528","post","type-post","status-publish","format-standard","has-post-thumbnail","hentry","category-politica"],"_links":{"self":[{"href":"https:\/\/ecosdelsur.com\/index.php?rest_route=\/wp\/v2\/posts\/7528","targetHints":{"allow":["GET"]}}],"collection":[{"href":"https:\/\/ecosdelsur.com\/index.php?rest_route=\/wp\/v2\/posts"}],"about":[{"href":"https:\/\/ecosdelsur.com\/index.php?rest_route=\/wp\/v2\/types\/post"}],"author":[{"embeddable":true,"href":"https:\/\/ecosdelsur.com\/index.php?rest_route=\/wp\/v2\/users\/8"}],"replies":[{"embeddable":true,"href":"https:\/\/ecosdelsur.com\/index.php?rest_route=%2Fwp%2Fv2%2Fcomments&post=7528"}],"version-history":[{"count":0,"href":"https:\/\/ecosdelsur.com\/index.php?rest_route=\/wp\/v2\/posts\/7528\/revisions"}],"wp:featuredmedia":[{"embeddable":true,"href":"https:\/\/ecosdelsur.com\/index.php?rest_route=\/wp\/v2\/media\/7534"}],"wp:attachment":[{"href":"https:\/\/ecosdelsur.com\/index.php?rest_route=%2Fwp%2Fv2%2Fmedia&parent=7528"}],"wp:term":[{"taxonomy":"category","embeddable":true,"href":"https:\/\/ecosdelsur.com\/index.php?rest_route=%2Fwp%2Fv2%2Fcategories&post=7528"},{"taxonomy":"post_tag","embeddable":true,"href":"https:\/\/ecosdelsur.com\/index.php?rest_route=%2Fwp%2Fv2%2Ftags&post=7528"}],"curies":[{"name":"wp","href":"https:\/\/api.w.org\/{rel}","templated":true}]}}