{"id":7524,"date":"2023-08-23T17:59:24","date_gmt":"2023-08-23T17:59:24","guid":{"rendered":"https:\/\/ecosdelsur.com\/?p=7524"},"modified":"2023-08-23T17:59:42","modified_gmt":"2023-08-23T17:59:42","slug":"seguridad-fortalece-prevencion-en-la-via-publica","status":"publish","type":"post","link":"https:\/\/ecosdelsur.com\/?p=7524","title":{"rendered":"Seguridad fortalece prevenci\u00f3n en la v\u00eda p\u00fablica"},"content":{"rendered":"<h5 class=\"itemTitle\"><span style=\"font-size: 16px;\">Ante los hechos vand\u00e1licos, que son de p\u00fablico conocimiento, cometidos en comercios de distintos puntos del pa\u00eds, el Ministerio de Seguridad de Santa Cruz, informa que, aunque no se han registrado eventos de este tipo en la provincia, intensifica la presencia de las fuerzas de seguridad en la v\u00eda p\u00fablica.<\/span><\/h5>\n<div class=\"itemFullText\">\n<p>En este sentido, la Cartera de Seguridad ha solicitado a las Superintendencias de Polic\u00eda de Seguridad y Polic\u00eda Judicial e Investigaciones de la Polic\u00eda de la Provincia que tomen medidas, para abocar sus recursos humanos y materiales al fortalecimiento de la prevenci\u00f3n.<\/p>\n<p>Asimismo, la Polic\u00eda Provincial trabaja de manera conjunta con la Fuerzas Federales para reforzar la labor preventiva y de reuni\u00f3n de informaci\u00f3n ante posibles eventos. Es importante destacar que, se pondr\u00e1 a disposici\u00f3n de la justicia cualquier intimidaci\u00f3n p\u00fablica que pueda dar lugar a cometer este tipo de il\u00edcitos.<\/p>\n<\/div>\n","protected":false},"excerpt":{"rendered":"<p>Ante los hechos vand\u00e1licos, que son de p\u00fablico conocimiento, cometidos en comercios de distintos puntos del pa\u00eds, el Ministerio de<\/p>\n","protected":false},"author":8,"featured_media":7525,"comment_status":"open","ping_status":"closed","sticky":false,"template":"","format":"standard","meta":{"footnotes":""},"categories":[36,1],"tags":[],"class_list":["post-7524","post","type-post","status-publish","format-standard","has-post-thumbnail","hentry","category-policiales","category-uncategorized"],"_links":{"self":[{"href":"https:\/\/ecosdelsur.com\/index.php?rest_route=\/wp\/v2\/posts\/7524","targetHints":{"allow":["GET"]}}],"collection":[{"href":"https:\/\/ecosdelsur.com\/index.php?rest_route=\/wp\/v2\/posts"}],"about":[{"href":"https:\/\/ecosdelsur.com\/index.php?rest_route=\/wp\/v2\/types\/post"}],"author":[{"embeddable":true,"href":"https:\/\/ecosdelsur.com\/index.php?rest_route=\/wp\/v2\/users\/8"}],"replies":[{"embeddable":true,"href":"https:\/\/ecosdelsur.com\/index.php?rest_route=%2Fwp%2Fv2%2Fcomments&post=7524"}],"version-history":[{"count":0,"href":"https:\/\/ecosdelsur.com\/index.php?rest_route=\/wp\/v2\/posts\/7524\/revisions"}],"wp:featuredmedia":[{"embeddable":true,"href":"https:\/\/ecosdelsur.com\/index.php?rest_route=\/wp\/v2\/media\/7525"}],"wp:attachment":[{"href":"https:\/\/ecosdelsur.com\/index.php?rest_route=%2Fwp%2Fv2%2Fmedia&parent=7524"}],"wp:term":[{"taxonomy":"category","embeddable":true,"href":"https:\/\/ecosdelsur.com\/index.php?rest_route=%2Fwp%2Fv2%2Fcategories&post=7524"},{"taxonomy":"post_tag","embeddable":true,"href":"https:\/\/ecosdelsur.com\/index.php?rest_route=%2Fwp%2Fv2%2Ftags&post=7524"}],"curies":[{"name":"wp","href":"https:\/\/api.w.org\/{rel}","templated":true}]}}