{"id":7518,"date":"2023-08-23T17:46:33","date_gmt":"2023-08-23T17:46:33","guid":{"rendered":"https:\/\/ecosdelsur.com\/?p=7518"},"modified":"2023-08-23T17:47:32","modified_gmt":"2023-08-23T17:47:32","slug":"ypf-suma-areas-en-palermo-aike","status":"publish","type":"post","link":"https:\/\/ecosdelsur.com\/?p=7518","title":{"rendered":"YPF suma \u00e1reas en Palermo Aike"},"content":{"rendered":"<p>23\/08\/2023- YPF particip\u00f3 ayer de la apertura de sobres B para exploraci\u00f3n con objetivos no convencional en \u201cLa Azucena\u201d y el \u201cCampamento Este\u201d en Palermo Aike, la formaci\u00f3n que tiene un potencial de producci\u00f3n equivalente a un tercio de la neuquina Vaca Muerta. <img decoding=\"async\" class=\"alignnone size-full wp-image-7519 lazyload\" data-src=\"https:\/\/ecosdelsur.com\/wp-content\/uploads\/2023\/08\/20230822_11_PALERMO_AIKE.jpg\" alt=\"\" width=\"1024\" height=\"631\" data-srcset=\"https:\/\/ecosdelsur.com\/wp-content\/uploads\/2023\/08\/20230822_11_PALERMO_AIKE.jpg 1024w, https:\/\/ecosdelsur.com\/wp-content\/uploads\/2023\/08\/20230822_11_PALERMO_AIKE-300x185.jpg 300w, https:\/\/ecosdelsur.com\/wp-content\/uploads\/2023\/08\/20230822_11_PALERMO_AIKE-768x473.jpg 768w\" data-sizes=\"(max-width: 1024px) 100vw, 1024px\" src=\"data:image\/svg+xml;base64,PHN2ZyB3aWR0aD0iMSIgaGVpZ2h0PSIxIiB4bWxucz0iaHR0cDovL3d3dy53My5vcmcvMjAwMC9zdmciPjwvc3ZnPg==\" style=\"--smush-placeholder-width: 1024px; --smush-placeholder-aspect-ratio: 1024\/631;\" \/>La oferta presentada por YPF avanzar\u00e1 hacia la instancia de adjudicaci\u00f3n.<\/p>\n<p>El presidente de YPF, Pablo Gonz\u00e1lez, dijo: \u201cEsta es una iniciativa privada que present\u00f3 YPF en 2014 teniendo en cuenta la expectativa que tiene Palermo Aike que permitir\u00e1 avanzar con los objetivos de la compa\u00f1\u00eda en Santa Cruz\u201d. Y agreg\u00f3: \u201cPalermo Aike es la gran esperanza de Santa Cruz, para m\u00ed es un honor estar como representante de YPF trabajando en un proyecto que es bueno para mi Provincia y muy bueno para el pa\u00eds\u201d.<\/p>\n<p>&nbsp;<\/p>\n<p>Con 12.600 kil\u00f3metros cuadrados de extensi\u00f3n en la Cuenca Austral, Palermo Aike es la segunda formaci\u00f3n en importancia a explorar luego de Vaca Muerta y se estima que podr\u00eda tener recursos por 10.000 millones de barriles equivalentes de petr\u00f3leo.<\/p>\n","protected":false},"excerpt":{"rendered":"<p>23\/08\/2023- YPF particip\u00f3 ayer de la apertura de sobres B para exploraci\u00f3n con objetivos no convencional en \u201cLa Azucena\u201d y<\/p>\n","protected":false},"author":8,"featured_media":7520,"comment_status":"open","ping_status":"closed","sticky":false,"template":"","format":"standard","meta":{"footnotes":""},"categories":[33,87],"tags":[],"class_list":["post-7518","post","type-post","status-publish","format-standard","has-post-thumbnail","hentry","category-politica","category-provinciales"],"_links":{"self":[{"href":"https:\/\/ecosdelsur.com\/index.php?rest_route=\/wp\/v2\/posts\/7518","targetHints":{"allow":["GET"]}}],"collection":[{"href":"https:\/\/ecosdelsur.com\/index.php?rest_route=\/wp\/v2\/posts"}],"about":[{"href":"https:\/\/ecosdelsur.com\/index.php?rest_route=\/wp\/v2\/types\/post"}],"author":[{"embeddable":true,"href":"https:\/\/ecosdelsur.com\/index.php?rest_route=\/wp\/v2\/users\/8"}],"replies":[{"embeddable":true,"href":"https:\/\/ecosdelsur.com\/index.php?rest_route=%2Fwp%2Fv2%2Fcomments&post=7518"}],"version-history":[{"count":0,"href":"https:\/\/ecosdelsur.com\/index.php?rest_route=\/wp\/v2\/posts\/7518\/revisions"}],"wp:featuredmedia":[{"embeddable":true,"href":"https:\/\/ecosdelsur.com\/index.php?rest_route=\/wp\/v2\/media\/7520"}],"wp:attachment":[{"href":"https:\/\/ecosdelsur.com\/index.php?rest_route=%2Fwp%2Fv2%2Fmedia&parent=7518"}],"wp:term":[{"taxonomy":"category","embeddable":true,"href":"https:\/\/ecosdelsur.com\/index.php?rest_route=%2Fwp%2Fv2%2Fcategories&post=7518"},{"taxonomy":"post_tag","embeddable":true,"href":"https:\/\/ecosdelsur.com\/index.php?rest_route=%2Fwp%2Fv2%2Ftags&post=7518"}],"curies":[{"name":"wp","href":"https:\/\/api.w.org\/{rel}","templated":true}]}}