{"id":7508,"date":"2023-08-23T17:30:37","date_gmt":"2023-08-23T17:30:37","guid":{"rendered":"https:\/\/ecosdelsur.com\/?p=7508"},"modified":"2023-08-23T17:49:33","modified_gmt":"2023-08-23T17:49:33","slug":"por-saqueo-en-distintos-puntos-del-pais-la-vigilancia-policial-se-activo-en-caleta-olivia","status":"publish","type":"post","link":"https:\/\/ecosdelsur.com\/?p=7508","title":{"rendered":"Por saqueo en distintos puntos del pa\u00eds la vigilancia policial se activ\u00f3 en Caleta Olivia"},"content":{"rendered":"<p>23\/08\/2023- En provincia de Santa Cruz todav\u00eda \u00a0no se detectaron \u00a0indicios de que puedan suscitarse saqueos en supermercados u otros comercios como ocurre en ciudades de otras provincias, pero igualmente el Ministerio de Seguridad dispuso intensificar la vigilancia en la v\u00eda p\u00fablica.<img decoding=\"async\" class=\"alignnone size-full wp-image-7509 lazyload\" data-src=\"https:\/\/ecosdelsur.com\/wp-content\/uploads\/2023\/08\/DSC_2106.jpg\" alt=\"\" width=\"1024\" height=\"612\" data-srcset=\"https:\/\/ecosdelsur.com\/wp-content\/uploads\/2023\/08\/DSC_2106.jpg 1024w, https:\/\/ecosdelsur.com\/wp-content\/uploads\/2023\/08\/DSC_2106-300x179.jpg 300w, https:\/\/ecosdelsur.com\/wp-content\/uploads\/2023\/08\/DSC_2106-768x459.jpg 768w\" data-sizes=\"(max-width: 1024px) 100vw, 1024px\" src=\"data:image\/svg+xml;base64,PHN2ZyB3aWR0aD0iMSIgaGVpZ2h0PSIxIiB4bWxucz0iaHR0cDovL3d3dy53My5vcmcvMjAwMC9zdmciPjwvc3ZnPg==\" style=\"--smush-placeholder-width: 1024px; --smush-placeholder-aspect-ratio: 1024\/612;\" \/><\/p>\n<p>&nbsp;<\/p>\n<p>Este mi\u00e9rcoles locales de diversas firmas de cadenas de mayorista de Caleta Olivia donde solo se observ\u00f3 la presencia del personal regular de vigilancia privada y muy poca presencia de clientes, lo que da la pauta de la crisis econ\u00f3mica y social que tambi\u00e9n impera en esta y otras localidades santacruce\u00f1as.<img decoding=\"async\" class=\"alignnone size-full wp-image-7510 lazyload\" data-src=\"https:\/\/ecosdelsur.com\/wp-content\/uploads\/2023\/08\/DSC_2108.jpg\" alt=\"\" width=\"1024\" height=\"577\" data-srcset=\"https:\/\/ecosdelsur.com\/wp-content\/uploads\/2023\/08\/DSC_2108.jpg 1024w, https:\/\/ecosdelsur.com\/wp-content\/uploads\/2023\/08\/DSC_2108-300x169.jpg 300w, https:\/\/ecosdelsur.com\/wp-content\/uploads\/2023\/08\/DSC_2108-768x433.jpg 768w\" data-sizes=\"(max-width: 1024px) 100vw, 1024px\" src=\"data:image\/svg+xml;base64,PHN2ZyB3aWR0aD0iMSIgaGVpZ2h0PSIxIiB4bWxucz0iaHR0cDovL3d3dy53My5vcmcvMjAwMC9zdmciPjwvc3ZnPg==\" style=\"--smush-placeholder-width: 1024px; --smush-placeholder-aspect-ratio: 1024\/577;\" \/><\/p>\n<p>El comunicado emitido a trav\u00e9s de los canales oficiales del gobierno se\u00f1ala que \u201cante los hechos vand\u00e1licos que son de p\u00fablico conocimiento, cometidos en comercios de distintos puntos del pa\u00eds, el Ministerio de Seguridad de Santa Cruz informa que, aunque no se han registrado eventos de este tipo en la provincia, intensifica la presencia de las fuerzas de seguridad en la v\u00eda p\u00fablica\u201d.<\/p>\n<p>\u201cEn este sentido \u2013se agrega- la cartera de Seguridad (a cargo de Luca Pratti) ha solicitado a las Superintendencias de Polic\u00eda de Seguridad y Polic\u00eda Judicial e Investigaciones que tomen medidas para abocar sus recursos humanos y materiales al fortalecimiento de la prevenci\u00f3n\u201d.<\/p>\n<p>Finalmente se indica que \u201cla Polic\u00eda Provincial trabaja de manera conjunta con la Fuerzas Federales para reforzar la labor preventiva y de reuni\u00f3n de informaci\u00f3n ante posibles eventos. Es importante destacar que se pondr\u00e1 a disposici\u00f3n de la justicia cualquier intimidaci\u00f3n p\u00fablica que pueda dar lugar a cometer este tipo de il\u00edcitos\u201d.<\/p>\n","protected":false},"excerpt":{"rendered":"<p>23\/08\/2023- En provincia de Santa Cruz todav\u00eda \u00a0no se detectaron \u00a0indicios de que puedan suscitarse saqueos en supermercados u otros<\/p>\n","protected":false},"author":8,"featured_media":7511,"comment_status":"open","ping_status":"closed","sticky":false,"template":"","format":"standard","meta":{"footnotes":""},"categories":[36,35],"tags":[],"class_list":["post-7508","post","type-post","status-publish","format-standard","has-post-thumbnail","hentry","category-policiales","category-sociedad"],"_links":{"self":[{"href":"https:\/\/ecosdelsur.com\/index.php?rest_route=\/wp\/v2\/posts\/7508","targetHints":{"allow":["GET"]}}],"collection":[{"href":"https:\/\/ecosdelsur.com\/index.php?rest_route=\/wp\/v2\/posts"}],"about":[{"href":"https:\/\/ecosdelsur.com\/index.php?rest_route=\/wp\/v2\/types\/post"}],"author":[{"embeddable":true,"href":"https:\/\/ecosdelsur.com\/index.php?rest_route=\/wp\/v2\/users\/8"}],"replies":[{"embeddable":true,"href":"https:\/\/ecosdelsur.com\/index.php?rest_route=%2Fwp%2Fv2%2Fcomments&post=7508"}],"version-history":[{"count":0,"href":"https:\/\/ecosdelsur.com\/index.php?rest_route=\/wp\/v2\/posts\/7508\/revisions"}],"wp:featuredmedia":[{"embeddable":true,"href":"https:\/\/ecosdelsur.com\/index.php?rest_route=\/wp\/v2\/media\/7511"}],"wp:attachment":[{"href":"https:\/\/ecosdelsur.com\/index.php?rest_route=%2Fwp%2Fv2%2Fmedia&parent=7508"}],"wp:term":[{"taxonomy":"category","embeddable":true,"href":"https:\/\/ecosdelsur.com\/index.php?rest_route=%2Fwp%2Fv2%2Fcategories&post=7508"},{"taxonomy":"post_tag","embeddable":true,"href":"https:\/\/ecosdelsur.com\/index.php?rest_route=%2Fwp%2Fv2%2Ftags&post=7508"}],"curies":[{"name":"wp","href":"https:\/\/api.w.org\/{rel}","templated":true}]}}