{"id":7500,"date":"2023-08-23T02:44:21","date_gmt":"2023-08-23T02:44:21","guid":{"rendered":"https:\/\/ecosdelsur.com\/?p=7500"},"modified":"2023-08-23T02:44:21","modified_gmt":"2023-08-23T02:44:21","slug":"accionesverdes-exitosa-jornada-de-ecocanje-electronico-en-pico-truncado","status":"publish","type":"post","link":"https:\/\/ecosdelsur.com\/?p=7500","title":{"rendered":"#AccionesVerdes: Exitosa jornada de \u201cEcoCanje Electr\u00f3nico\u201d en Pico Truncado"},"content":{"rendered":"<h5 class=\"itemTitle\"><span style=\"font-size: 16px;\">22\/08\/2023-El Gobierno de Santa Cruz, a trav\u00e9s de la Secretar\u00eda de Estado de Ambiente, Vialidad Provincial, el Consejo Agrario Provincial, en conjunto con la Fundaci\u00f3n Garrahan, la Municipalidad de Pico Truncado y la colaboraci\u00f3n del Vivero Los Fresnos, llev\u00f3 adelante una jornada de EcoCanje Electr\u00f3nico.<img decoding=\"async\" class=\"alignnone size-full wp-image-7503 lazyload\" data-src=\"https:\/\/ecosdelsur.com\/wp-content\/uploads\/2023\/08\/eco2.jpg\" alt=\"\" width=\"1022\" height=\"747\" data-srcset=\"https:\/\/ecosdelsur.com\/wp-content\/uploads\/2023\/08\/eco2.jpg 1022w, https:\/\/ecosdelsur.com\/wp-content\/uploads\/2023\/08\/eco2-300x219.jpg 300w, https:\/\/ecosdelsur.com\/wp-content\/uploads\/2023\/08\/eco2-768x561.jpg 768w\" data-sizes=\"(max-width: 1022px) 100vw, 1022px\" src=\"data:image\/svg+xml;base64,PHN2ZyB3aWR0aD0iMSIgaGVpZ2h0PSIxIiB4bWxucz0iaHR0cDovL3d3dy53My5vcmcvMjAwMC9zdmciPjwvc3ZnPg==\" style=\"--smush-placeholder-width: 1022px; --smush-placeholder-aspect-ratio: 1022\/747;\" \/><\/span><\/h5>\n<div class=\"itemIntroText\">\n<p>La propuesta estuvo enmarcada dentro del programa provincial \u201cAcciones Verdes\u201d.<\/p>\n<\/div>\n<div class=\"itemFullText\">\n<p dir=\"ltr\">Esta actividad tiene como finalidad fomentar y concientizar sobre el cuidado de nuestro entorno, promoviendo el consumo responsable, la reducci\u00f3n, reutilizaci\u00f3n y reciclaje de los residuos. Para que esto se pueda poner en pr\u00e1ctica es necesario la participaci\u00f3n de todos los actores sociales posibles, especialmente de la comunidad, que en este caso ha superado con creces las expectativas previas.<img decoding=\"async\" class=\"alignnone size-large wp-image-7502 lazyload\" data-src=\"https:\/\/ecosdelsur.com\/wp-content\/uploads\/2023\/08\/eco1-1024x718.jpg\" alt=\"\" width=\"800\" height=\"561\" data-srcset=\"https:\/\/ecosdelsur.com\/wp-content\/uploads\/2023\/08\/eco1-scaled.jpg 1024w, https:\/\/ecosdelsur.com\/wp-content\/uploads\/2023\/08\/eco1-300x210.jpg 300w, https:\/\/ecosdelsur.com\/wp-content\/uploads\/2023\/08\/eco1-768x539.jpg 768w, https:\/\/ecosdelsur.com\/wp-content\/uploads\/2023\/08\/eco1-130x90.jpg 130w\" data-sizes=\"(max-width: 800px) 100vw, 800px\" src=\"data:image\/svg+xml;base64,PHN2ZyB3aWR0aD0iMSIgaGVpZ2h0PSIxIiB4bWxucz0iaHR0cDovL3d3dy53My5vcmcvMjAwMC9zdmciPjwvc3ZnPg==\" style=\"--smush-placeholder-width: 800px; --smush-placeholder-aspect-ratio: 800\/561;\" \/><\/p>\n<p dir=\"ltr\">En este sentido, el jefe de Promoci\u00f3n Ambiental de la Subsecretar\u00eda de Medioambiente de la Municipalidad de Pico Truncado,\u00a0Mat\u00edas Heredia, habl\u00f3 de la jornada: \u201cLa iniciativa me pareci\u00f3 espectacular. Tuvo muy buena recepci\u00f3n dentro de varias instituciones y los vecinos, incluso las educativas como fueron algunos jardines de la localidad&#8221;.<\/p>\n<p dir=\"ltr\">Asimismo, consider\u00f3 que fue &#8220;una muy buena oportunidad para concientizar a los vecinos, sobre todo a los m\u00e1s peque\u00f1os que son los que llevan a la casa la informaci\u00f3n e incentivan a los padres, hermanos mayores, t\u00edos, a que puedan sumarse a todas estas iniciativas verdes\u201d.<\/p>\n<p dir=\"ltr\">Cabe aclarar que, el evento consisti\u00f3 en el intercambio de elementos el\u00e9ctricos y electr\u00f3nicos, por los cuales, a cambio, se entregaron plantines, pinos, bolsas de tela, semillas, entre otros productos sustentables.<\/p>\n<p dir=\"ltr\">Por \u00faltimo, se recuerda que este jueves 24 de agosto se realizar\u00e1 otra jornada en la localidad de Gobernador Gregores, en las instalaciones del Paseo de los Artesanos, sito sobre Av. San Mart\u00edn, los d\u00edas jueves 24 y y viernes 25,\u00a0 de 10:00 a 13:00, y de 16:00 a 19:00, y el s\u00e1bado 26 de 10:00 a 13:00.<\/p>\n<\/div>\n","protected":false},"excerpt":{"rendered":"<p>22\/08\/2023-El Gobierno de Santa Cruz, a trav\u00e9s de la Secretar\u00eda de Estado de Ambiente, Vialidad Provincial, el Consejo Agrario Provincial,<\/p>\n","protected":false},"author":8,"featured_media":7501,"comment_status":"open","ping_status":"closed","sticky":false,"template":"","format":"standard","meta":{"footnotes":""},"categories":[90,35],"tags":[234,235,205],"class_list":["post-7500","post","type-post","status-publish","format-standard","has-post-thumbnail","hentry","category-educacion-2","category-sociedad","tag-accionesverdes","tag-ecocanje-electronico","tag-pico-truncado"],"_links":{"self":[{"href":"https:\/\/ecosdelsur.com\/index.php?rest_route=\/wp\/v2\/posts\/7500","targetHints":{"allow":["GET"]}}],"collection":[{"href":"https:\/\/ecosdelsur.com\/index.php?rest_route=\/wp\/v2\/posts"}],"about":[{"href":"https:\/\/ecosdelsur.com\/index.php?rest_route=\/wp\/v2\/types\/post"}],"author":[{"embeddable":true,"href":"https:\/\/ecosdelsur.com\/index.php?rest_route=\/wp\/v2\/users\/8"}],"replies":[{"embeddable":true,"href":"https:\/\/ecosdelsur.com\/index.php?rest_route=%2Fwp%2Fv2%2Fcomments&post=7500"}],"version-history":[{"count":0,"href":"https:\/\/ecosdelsur.com\/index.php?rest_route=\/wp\/v2\/posts\/7500\/revisions"}],"wp:featuredmedia":[{"embeddable":true,"href":"https:\/\/ecosdelsur.com\/index.php?rest_route=\/wp\/v2\/media\/7501"}],"wp:attachment":[{"href":"https:\/\/ecosdelsur.com\/index.php?rest_route=%2Fwp%2Fv2%2Fmedia&parent=7500"}],"wp:term":[{"taxonomy":"category","embeddable":true,"href":"https:\/\/ecosdelsur.com\/index.php?rest_route=%2Fwp%2Fv2%2Fcategories&post=7500"},{"taxonomy":"post_tag","embeddable":true,"href":"https:\/\/ecosdelsur.com\/index.php?rest_route=%2Fwp%2Fv2%2Ftags&post=7500"}],"curies":[{"name":"wp","href":"https:\/\/api.w.org\/{rel}","templated":true}]}}