{"id":48322,"date":"2026-09-05T22:49:31","date_gmt":"2026-09-06T01:49:31","guid":{"rendered":"https:\/\/ecosdelsur.com\/?p=48322"},"modified":"2026-09-05T22:49:31","modified_gmt":"2026-09-06T01:49:31","slug":"pablo-biagini-presenta-retratos-en-colodion-humedo-en-la-feria-del-libro","status":"publish","type":"post","link":"https:\/\/ecosdelsur.com\/?p=48322","title":{"rendered":"Pablo Biagini presenta retratos en colodi\u00f3n h\u00famedo en la Feria del Libro"},"content":{"rendered":"<p><span style=\"color: #ff0000;\">05 de Septiembre 2026. <\/span>La Feria del Libro de Santa Cruz 2026 incorpor\u00f3 una propuesta fotogr\u00e1fica que rescata la t\u00e9cnica anal\u00f3gica del colodi\u00f3n h\u00famedo desarrollada durante el siglo XIX.<\/p>\n<p>El fot\u00f3grafo riogalleguense\u00a0<strong>Pablo Biagini<\/strong>\u00a0mont\u00f3 su taller en el predio del evento cultural organizado con el acompa\u00f1amiento del\u00a0<strong>Gobierno de la Provincia de Santa Cruz<\/strong>. La iniciativa ofrece retratos hist\u00f3ricos, venta de ejemplares especializados y asesoramiento t\u00e9cnico para la comunidad.<\/p>\n<p>El rescate de procesos fotogr\u00e1ficos artesanales permite diversificar las expresiones art\u00edsticas locales e integrar la labor visual a la oferta editorial de la provincia. La propuesta promueve la salvaguarda de oficios hist\u00f3ricos mediante actividades abiertas al p\u00fablico.<\/p>\n<h2>Un taller del siglo XIX en el espacio cultural<\/h2>\n<p>La llegada de este oficio a la exhibici\u00f3n propone un recorrido interactivo que combina qu\u00edmica, arte e historia de la imagen. Sobre la especificidad del proceso, el fot\u00f3grafo Pablo Biagini explic\u00f3:\u00a0<strong>&#8220;Traje mi taller a la Feria del Libro para hacer retratos en colodi\u00f3n h\u00famedo, una t\u00e9cnica del siglo XIX que pr\u00e1cticamente no se practica en el mundo&#8221;.<\/strong><\/p>\n<figure class=\"ssi-inline-image my-3\"><img decoding=\"async\" class=\"img-fluid lazyload\" data-src=\"https:\/\/noticias.santacruz.gob.ar\/media\/ssigallery\/articulos\/26446\/inline\/feriadellibro1.jpg\" alt=\"Pablo Biagini presenta retratos en colodi\u00f3n h\u00famedo en la Feria del Libro\" src=\"data:image\/svg+xml;base64,PHN2ZyB3aWR0aD0iMSIgaGVpZ2h0PSIxIiB4bWxucz0iaHR0cDovL3d3dy53My5vcmcvMjAwMC9zdmciPjwvc3ZnPg==\" \/><\/figure>\n<p>El procedimiento requiere la preparaci\u00f3n de placas en directo para capturar la luz mediante f\u00f3rmulas de \u00e9poca.<\/p>\n<blockquote class=\"ssi-editorial-block ssi-quote ssi-quote-featured\"><p>&#8220;Se sensibiliza con plata l\u00edquida y la idea es que vean la experiencia de c\u00f3mo se hac\u00eda un retrato en el siglo XIX, adem\u00e1s de traer libros de fotograf\u00eda&#8221;, detall\u00f3 el artista local.<\/p><\/blockquote>\n<h2>Preservaci\u00f3n del arte anal\u00f3gico y redes de trabajo<\/h2>\n<p>La participaci\u00f3n de esta disciplina fomenta el intercambio directo entre creadores, industrias culturales y la comunidad santacruce\u00f1a. En relaci\u00f3n con el valor institucional del evento, Biagini remarc\u00f3:\u00a0<strong>&#8220;Para m\u00ed que me gusta la fotograf\u00eda es muy importante relacionarme con libreros y editores&#8221;<\/strong>.<\/p>\n<p>El desarrollo del taller busca generar un registro visual \u00fanico e incentivar el inter\u00e9s por las artes tradicionales que perdieron circulaci\u00f3n masiva.\u00a0<strong>&#8220;Es una t\u00e9cnica que ya pr\u00e1cticamente desapareci\u00f3 y es lindo que vengan a ver lo que es la fotograf\u00eda anal\u00f3gica&#8221;,<\/strong>\u00a0agreg\u00f3 el fot\u00f3grafo.<\/p>\n<p>Con m\u00e1s de una d\u00e9cada de investigaci\u00f3n en el \u00e1rea, el profesional ofrece capacitaciones continuas para mantener vigente el rubro.\u00a0<strong>&#8220;Hace 12 a\u00f1os empec\u00e9 investigando la fotograf\u00eda y me dedico a esto hace 8 a\u00f1os,\u00a0<\/strong>pueden encontrarme en las redes sociales por mi nombre<strong>\u201d<\/strong>, concluy\u00f3.<\/p>\n<figure class=\"a-media video-inline\">\n<div class=\"ratio ratio-16x9\"><\/div>\n<\/figure>\n","protected":false},"excerpt":{"rendered":"<p>05 de Septiembre 2026. La Feria del Libro de Santa Cruz 2026 incorpor\u00f3 una propuesta fotogr\u00e1fica que rescata la t\u00e9cnica<\/p>\n","protected":false},"author":8,"featured_media":48323,"comment_status":"open","ping_status":"closed","sticky":false,"template":"","format":"standard","meta":{"footnotes":""},"categories":[1094],"tags":[],"class_list":["post-48322","post","type-post","status-publish","format-standard","has-post-thumbnail","hentry","category-gobierno"],"_links":{"self":[{"href":"https:\/\/ecosdelsur.com\/index.php?rest_route=\/wp\/v2\/posts\/48322","targetHints":{"allow":["GET"]}}],"collection":[{"href":"https:\/\/ecosdelsur.com\/index.php?rest_route=\/wp\/v2\/posts"}],"about":[{"href":"https:\/\/ecosdelsur.com\/index.php?rest_route=\/wp\/v2\/types\/post"}],"author":[{"embeddable":true,"href":"https:\/\/ecosdelsur.com\/index.php?rest_route=\/wp\/v2\/users\/8"}],"replies":[{"embeddable":true,"href":"https:\/\/ecosdelsur.com\/index.php?rest_route=%2Fwp%2Fv2%2Fcomments&post=48322"}],"version-history":[{"count":1,"href":"https:\/\/ecosdelsur.com\/index.php?rest_route=\/wp\/v2\/posts\/48322\/revisions"}],"predecessor-version":[{"id":48324,"href":"https:\/\/ecosdelsur.com\/index.php?rest_route=\/wp\/v2\/posts\/48322\/revisions\/48324"}],"wp:featuredmedia":[{"embeddable":true,"href":"https:\/\/ecosdelsur.com\/index.php?rest_route=\/wp\/v2\/media\/48323"}],"wp:attachment":[{"href":"https:\/\/ecosdelsur.com\/index.php?rest_route=%2Fwp%2Fv2%2Fmedia&parent=48322"}],"wp:term":[{"taxonomy":"category","embeddable":true,"href":"https:\/\/ecosdelsur.com\/index.php?rest_route=%2Fwp%2Fv2%2Fcategories&post=48322"},{"taxonomy":"post_tag","embeddable":true,"href":"https:\/\/ecosdelsur.com\/index.php?rest_route=%2Fwp%2Fv2%2Ftags&post=48322"}],"curies":[{"name":"wp","href":"https:\/\/api.w.org\/{rel}","templated":true}]}}