{"id":48315,"date":"2026-09-05T20:43:20","date_gmt":"2026-09-05T23:43:20","guid":{"rendered":"https:\/\/ecosdelsur.com\/?p=48315"},"modified":"2026-09-05T20:43:20","modified_gmt":"2026-09-05T23:43:20","slug":"caleta-olivia-puso-en-valor-sus-playas-a-traves-de-una-jornada-de-turismo-y-concientizacion","status":"publish","type":"post","link":"https:\/\/ecosdelsur.com\/?p=48315","title":{"rendered":"Caleta Olivia puso en valor sus playas a trav\u00e9s de una jornada de turismo y concientizaci\u00f3n"},"content":{"rendered":"<p><span style=\"color: #ff0000;\">05 de Septiembre 2026. <\/span>La propuesta se desarroll\u00f3 este s\u00e1bado 5 de septiembre en el espacio de Turismo Municipal y estuvo centrada en dar a conocer el patrimonio costero de la ciudad. La actividad incluy\u00f3 informaci\u00f3n sobre la biodiversidad de las playas, experiencias con cascos de realidad virtual y una convocatoria a vecinos para aportar fotograf\u00edas y videos.<\/p>\n<p>La actividad tuvo lugar de 15:30 a 19 horas y estuvo a cargo de la gu\u00eda de turismo Nilda Su\u00e1rez, quien explic\u00f3 que la iniciativa surgi\u00f3 con el objetivo de generar un mayor conocimiento y valoraci\u00f3n de los espacios costeros que forman parte del patrimonio natural de Caleta Olivia.<\/p>\n<p>Durante la jornada se abordaron las caracter\u00edsticas de las playas ubicadas tanto hacia el norte como hacia el sur de la ciudad, brindando informaci\u00f3n sobre los distintos sectores y los seres vivos que pueden encontrarse en estos ambientes. \u201cMuchas veces no le damos a nuestras playas la importancia que se merecen. Tenemos playas para el norte y playas para el sur, y por eso invitamos a la gente a acercarse a conocer y tambi\u00e9n a presentar sus inquietudes\u201d, se\u00f1al\u00f3 Su\u00e1rez.<\/p>\n<p>La jornada estuvo especialmente orientada a despertar la curiosidad de los m\u00e1s chicos, quienes pudieron conocer m\u00e1s sobre la biodiversidad presente en las costas caletenses a trav\u00e9s de diferentes recursos did\u00e1cticos.<\/p>\n<p>Entre las propuestas se incluyeron cascos de realidad virtual y una ruleta interactiva con preguntas, herramientas utilizadas para acercar informaci\u00f3n de una manera din\u00e1mica y entretenida.<\/p>\n<p>Adem\u00e1s, desde Turismo Municipal se invit\u00f3 a los vecinos a compartir fotograf\u00edas y videos de sus experiencias en las playas de Caleta Olivia, con el objetivo de conformar una muestra fotogr\u00e1fica que permita recuperar recuerdos y mostrar a residentes y visitantes los diferentes paisajes y momentos que ofrece la costa local.<\/p>\n<p>La jornada forma parte de una propuesta que tendr\u00e1 continuidad durante los pr\u00f3ximos fines de semana, con diferentes tem\u00e1ticas vinculadas al turismo y al patrimonio de Caleta Olivia.<\/p>\n<p>La iniciativa se enmarca en las pol\u00edticas de la gesti\u00f3n del intendente Pablo Carrizo para fortalecer el turismo local, poner en valor los atractivos naturales de Caleta Olivia y generar nuevas herramientas de promoci\u00f3n que permitan que vecinos y visitantes conozcan, disfruten y cuiden el patrimonio de nuestra ciudad.<\/p>\n","protected":false},"excerpt":{"rendered":"<p>05 de Septiembre 2026. La propuesta se desarroll\u00f3 este s\u00e1bado 5 de septiembre en el espacio de Turismo Municipal y<\/p>\n","protected":false},"author":8,"featured_media":48316,"comment_status":"open","ping_status":"closed","sticky":false,"template":"","format":"standard","meta":{"footnotes":""},"categories":[1185],"tags":[],"class_list":["post-48315","post","type-post","status-publish","format-standard","has-post-thumbnail","hentry","category-comunicaciones-y-medios"],"_links":{"self":[{"href":"https:\/\/ecosdelsur.com\/index.php?rest_route=\/wp\/v2\/posts\/48315","targetHints":{"allow":["GET"]}}],"collection":[{"href":"https:\/\/ecosdelsur.com\/index.php?rest_route=\/wp\/v2\/posts"}],"about":[{"href":"https:\/\/ecosdelsur.com\/index.php?rest_route=\/wp\/v2\/types\/post"}],"author":[{"embeddable":true,"href":"https:\/\/ecosdelsur.com\/index.php?rest_route=\/wp\/v2\/users\/8"}],"replies":[{"embeddable":true,"href":"https:\/\/ecosdelsur.com\/index.php?rest_route=%2Fwp%2Fv2%2Fcomments&post=48315"}],"version-history":[{"count":1,"href":"https:\/\/ecosdelsur.com\/index.php?rest_route=\/wp\/v2\/posts\/48315\/revisions"}],"predecessor-version":[{"id":48317,"href":"https:\/\/ecosdelsur.com\/index.php?rest_route=\/wp\/v2\/posts\/48315\/revisions\/48317"}],"wp:featuredmedia":[{"embeddable":true,"href":"https:\/\/ecosdelsur.com\/index.php?rest_route=\/wp\/v2\/media\/48316"}],"wp:attachment":[{"href":"https:\/\/ecosdelsur.com\/index.php?rest_route=%2Fwp%2Fv2%2Fmedia&parent=48315"}],"wp:term":[{"taxonomy":"category","embeddable":true,"href":"https:\/\/ecosdelsur.com\/index.php?rest_route=%2Fwp%2Fv2%2Fcategories&post=48315"},{"taxonomy":"post_tag","embeddable":true,"href":"https:\/\/ecosdelsur.com\/index.php?rest_route=%2Fwp%2Fv2%2Ftags&post=48315"}],"curies":[{"name":"wp","href":"https:\/\/api.w.org\/{rel}","templated":true}]}}