{"id":48309,"date":"2026-09-05T20:40:42","date_gmt":"2026-09-05T23:40:42","guid":{"rendered":"https:\/\/ecosdelsur.com\/?p=48309"},"modified":"2026-09-05T20:40:42","modified_gmt":"2026-09-05T23:40:42","slug":"el-municipio-avanza-junto-a-los-estudiantes-en-la-organizacion-del-baile-del-estudiante-2026","status":"publish","type":"post","link":"https:\/\/ecosdelsur.com\/?p=48309","title":{"rendered":"El Municipio avanza junto a los estudiantes en la organizaci\u00f3n del Baile del Estudiante 2026"},"content":{"rendered":"<p><span style=\"color: #ff0000;\">05 de Septiembre 2026. <span style=\"color: #333333;\">Representantes de los centros de estudiantes de las escuelas secundarias participaron de una nueva reuni\u00f3n en el Centro Integrador Juvenil, donde aportaron propuestas e ideas para la organizaci\u00f3n de una celebraci\u00f3n que volver\u00e1 a realizarse despu\u00e9s de varios a\u00f1os. La iniciativa cuenta con el impulso del intendente Pablo Carrizo y contempla un trabajo articulado para garantizar una jornada segura y participativa.<\/span><\/span><\/p>\n<figure class=\"wp-block-image size-large\"><img decoding=\"async\" class=\"wp-image-21985 lazyload\" data-src=\"https:\/\/caletaolivia.gov.ar\/wp-content\/uploads\/2026\/09\/IMG-20260905-WA0254-1024x768.jpg\" data-sizes=\"(max-width: 1024px) 100vw, 1024px\" data-srcset=\"https:\/\/caletaolivia.gov.ar\/wp-content\/uploads\/2026\/09\/IMG-20260905-WA0254-1024x768.jpg 1024w, https:\/\/caletaolivia.gov.ar\/wp-content\/uploads\/2026\/09\/IMG-20260905-WA0254-300x225.jpg 300w, https:\/\/caletaolivia.gov.ar\/wp-content\/uploads\/2026\/09\/IMG-20260905-WA0254-768x576.jpg 768w, https:\/\/caletaolivia.gov.ar\/wp-content\/uploads\/2026\/09\/IMG-20260905-WA0254-1536x1152.jpg 1536w, https:\/\/caletaolivia.gov.ar\/wp-content\/uploads\/2026\/09\/IMG-20260905-WA0254.jpg 1600w\" alt=\"\" width=\"1024\" height=\"768\" src=\"data:image\/svg+xml;base64,PHN2ZyB3aWR0aD0iMSIgaGVpZ2h0PSIxIiB4bWxucz0iaHR0cDovL3d3dy53My5vcmcvMjAwMC9zdmciPjwvc3ZnPg==\" style=\"--smush-placeholder-width: 1024px; --smush-placeholder-aspect-ratio: 1024\/768;\" \/><\/figure>\n<p>El secretario de Cultura, Deportes y Juventud, David Jones, destac\u00f3 especialmente la participaci\u00f3n de los j\u00f3venes y la importancia de generar instancias de di\u00e1logo para que sean protagonistas de la organizaci\u00f3n. \u201cLa participaci\u00f3n fue muy importante, porque no solamente queremos transmitirles lo que ten\u00edamos planificado, sino escucharlos a ellos. Creo que eso es lo m\u00e1s valioso\u201d, se\u00f1al\u00f3.<\/p>\n<p>La propuesta contempla que los propios estudiantes tengan un rol activo en la definici\u00f3n de las actividades que formar\u00e1n parte del evento. Para ello, desde el Municipio se gener\u00f3 adem\u00e1s una plataforma mediante un formulario y c\u00f3digo QR, que los representantes pueden compartir con sus compa\u00f1eros para ampliar la participaci\u00f3n y conocer sus preferencias.<\/p>\n<figure class=\"wp-block-image size-large\"><img decoding=\"async\" class=\"wp-image-21984 lazyload\" data-src=\"https:\/\/caletaolivia.gov.ar\/wp-content\/uploads\/2026\/09\/IMG-20260905-WA0255-1024x768.jpg\" data-sizes=\"(max-width: 1024px) 100vw, 1024px\" data-srcset=\"https:\/\/caletaolivia.gov.ar\/wp-content\/uploads\/2026\/09\/IMG-20260905-WA0255-1024x768.jpg 1024w, https:\/\/caletaolivia.gov.ar\/wp-content\/uploads\/2026\/09\/IMG-20260905-WA0255-300x225.jpg 300w, https:\/\/caletaolivia.gov.ar\/wp-content\/uploads\/2026\/09\/IMG-20260905-WA0255-768x576.jpg 768w, https:\/\/caletaolivia.gov.ar\/wp-content\/uploads\/2026\/09\/IMG-20260905-WA0255-1536x1152.jpg 1536w, https:\/\/caletaolivia.gov.ar\/wp-content\/uploads\/2026\/09\/IMG-20260905-WA0255.jpg 1600w\" alt=\"\" width=\"1024\" height=\"768\" src=\"data:image\/svg+xml;base64,PHN2ZyB3aWR0aD0iMSIgaGVpZ2h0PSIxIiB4bWxucz0iaHR0cDovL3d3dy53My5vcmcvMjAwMC9zdmciPjwvc3ZnPg==\" style=\"--smush-placeholder-width: 1024px; --smush-placeholder-aspect-ratio: 1024\/768;\" \/><\/figure>\n<p>El Baile del Estudiante representa una iniciativa esperada por las juventudes de la ciudad, especialmente porque se trata de una actividad que no se realizaba desde hace varios a\u00f1os. Desde la organizaci\u00f3n se trabaja para que la jornada cuente con bandas musicales en vivo, DJ, sorteos y diferentes actividades propuestas por los propios estudiantes, mientras que durante los pr\u00f3ximos d\u00edas se brindar\u00e1n mayores detalles sobre la programaci\u00f3n.<\/p>\n<p>La supervisora Patricia G\u00f3mez explic\u00f3 que esta es la segunda reuni\u00f3n que se mantiene con los j\u00f3venes y remarc\u00f3 que la intenci\u00f3n es que las propuestas surjan de ellos mismos. \u201cLa idea original es que sean ellos quienes lo organicen, que las actividades que se van a llevar adelante y todo lo que va a suceder en ese baile nazcan de sus propuestas\u201d, explic\u00f3.<\/p>\n<p>En este sentido, se prev\u00e9 continuar con las reuniones y seleccionar referentes de cada colegio para que puedan participar activamente en las diferentes instancias de planificaci\u00f3n.<\/p>\n<p>La realizaci\u00f3n del Baile del Estudiante 2026 responde a una decisi\u00f3n del intendente Pablo Carrizo, quien plante\u00f3 la necesidad de recuperar este espacio y, fundamentalmente, escuchar las propuestas de las juventudes de Caleta Olivia.<\/p>\n<p>Jones destac\u00f3 el acompa\u00f1amiento del Ejecutivo Municipal y se\u00f1al\u00f3 que muchas de las iniciativas surgieron a partir de los planteos realizados por los propios estudiantes, tanto en las reuniones como mediante las herramientas digitales habilitadas para recibir propuestas.<\/p>\n<p>En este marco, la gesti\u00f3n municipal busca que la celebraci\u00f3n no sea simplemente una actividad organizada por el Municipio, sino una propuesta construida de manera conjunta con los estudiantes, incorporando sus opiniones y necesidades.Durante las pr\u00f3ximas jornadas continuar\u00e1n las reuniones con los estudiantes para definir los detalles que a\u00fan restan de cara al evento. Desde la Municipalidad tambi\u00e9n se prev\u00e9 comunicar pr\u00f3ximamente los grupos musicales y artistas que formar\u00e1n parte de la celebraci\u00f3n.<\/p>\n<p>Con esta iniciativa, la gesti\u00f3n del intendente Pablo Carrizo reafirma su compromiso con las juventudes de Caleta Olivia, generando espacios de participaci\u00f3n y escucha donde los estudiantes puedan ser protagonistas de las decisiones que los involucran. A trav\u00e9s del di\u00e1logo, la articulaci\u00f3n institucional y el trabajo conjunto, el Municipio avanza en la recuperaci\u00f3n de una celebraci\u00f3n que busca volver a reunir a los j\u00f3venes de la ciudad en un espacio de encuentro, participaci\u00f3n y disfrute, con una organizaci\u00f3n responsable y segura.<\/p>\n","protected":false},"excerpt":{"rendered":"<p>05 de Septiembre 2026. Representantes de los centros de estudiantes de las escuelas secundarias participaron de una nueva reuni\u00f3n en<\/p>\n","protected":false},"author":8,"featured_media":48310,"comment_status":"open","ping_status":"closed","sticky":false,"template":"","format":"standard","meta":{"footnotes":""},"categories":[1185],"tags":[],"class_list":["post-48309","post","type-post","status-publish","format-standard","has-post-thumbnail","hentry","category-comunicaciones-y-medios"],"_links":{"self":[{"href":"https:\/\/ecosdelsur.com\/index.php?rest_route=\/wp\/v2\/posts\/48309","targetHints":{"allow":["GET"]}}],"collection":[{"href":"https:\/\/ecosdelsur.com\/index.php?rest_route=\/wp\/v2\/posts"}],"about":[{"href":"https:\/\/ecosdelsur.com\/index.php?rest_route=\/wp\/v2\/types\/post"}],"author":[{"embeddable":true,"href":"https:\/\/ecosdelsur.com\/index.php?rest_route=\/wp\/v2\/users\/8"}],"replies":[{"embeddable":true,"href":"https:\/\/ecosdelsur.com\/index.php?rest_route=%2Fwp%2Fv2%2Fcomments&post=48309"}],"version-history":[{"count":1,"href":"https:\/\/ecosdelsur.com\/index.php?rest_route=\/wp\/v2\/posts\/48309\/revisions"}],"predecessor-version":[{"id":48311,"href":"https:\/\/ecosdelsur.com\/index.php?rest_route=\/wp\/v2\/posts\/48309\/revisions\/48311"}],"wp:featuredmedia":[{"embeddable":true,"href":"https:\/\/ecosdelsur.com\/index.php?rest_route=\/wp\/v2\/media\/48310"}],"wp:attachment":[{"href":"https:\/\/ecosdelsur.com\/index.php?rest_route=%2Fwp%2Fv2%2Fmedia&parent=48309"}],"wp:term":[{"taxonomy":"category","embeddable":true,"href":"https:\/\/ecosdelsur.com\/index.php?rest_route=%2Fwp%2Fv2%2Fcategories&post=48309"},{"taxonomy":"post_tag","embeddable":true,"href":"https:\/\/ecosdelsur.com\/index.php?rest_route=%2Fwp%2Fv2%2Ftags&post=48309"}],"curies":[{"name":"wp","href":"https:\/\/api.w.org\/{rel}","templated":true}]}}