{"id":48300,"date":"2026-09-05T20:34:23","date_gmt":"2026-09-05T23:34:23","guid":{"rendered":"https:\/\/ecosdelsur.com\/?p=48300"},"modified":"2026-09-05T20:34:23","modified_gmt":"2026-09-05T23:34:23","slug":"el-gobierno-provincial-llevo-adelante-la-primera-mesa-tecnica-con-adosac","status":"publish","type":"post","link":"https:\/\/ecosdelsur.com\/?p=48300","title":{"rendered":"El Gobierno Provincial llev\u00f3 adelante la primera mesa t\u00e9cnica con ADOSAC"},"content":{"rendered":"<p><span style=\"color: #ff0000;\">05 de Septiembre 2026. <\/span>Este viernes se reunieron las partes para establecer una agenda de trabajo focalizada en los aspectos que necesitan mayor atenci\u00f3n del Sistema Educativo Provincial.<\/p>\n<div class=\"redes mb-3\">\n<div class=\"d-flex flex-wrap justify-content-between align-items-center gap-3 my-2 mx-1\">\n<p>En las instalaciones del Ministerio de Econom\u00eda, Finanzas e Infraestructura, en la ciudad de R\u00edo Gallegos, se concret\u00f3 la primera mesa t\u00e9cnica, entre el Ejecutivo Provincial y la Asociaci\u00f3n Docentes de Santa Cruz (ADOSAC). La misma fue encabezada por el ministro\u00a0<strong>Ezequiel Verbes<\/strong>, y cont\u00f3 con la presencia de representantes del Consejo Provincial de Educaci\u00f3n.<\/p>\n<p>\u200bDurante el encuentro, las partes establecieron\u00a0<strong>una agenda de trabajo enfocada en los aspectos m\u00e1s cr\u00edticos del sistema educativo provincial<\/strong>. Entre los puntos acordados y puestos en debate se destacan, el an\u00e1lisis de la\u00a0<strong>planta org\u00e1nica funcional<\/strong>. Sobre este aspecto, se inici\u00f3 un proceso de planificaci\u00f3n\u00a0<a>y coordinaci\u00f3n para llevar a cabo un estudio y evaluaci\u00f3n de las plantas org\u00e1nicas funcionales del sistema docente en consonancia con lo acordado en la \u00faltima\u00a0<\/a>mesa paritaria, comenzando con el nivel inicial.<\/p>\n<figure class=\"ssi-inline-image my-3\"><img decoding=\"async\" class=\"img-fluid lazyload\" data-src=\"https:\/\/noticias.santacruz.gob.ar\/media\/ssigallery\/articulos\/26436\/inline\/WhatsApp_Image_2026-09-05_at_10.12.47_AM__3_.jpeg\" alt=\"El Gobierno Provincial llev\u00f3 adelante la primera mesa t\u00e9cnica con ADOSAC\" src=\"data:image\/svg+xml;base64,PHN2ZyB3aWR0aD0iMSIgaGVpZ2h0PSIxIiB4bWxucz0iaHR0cDovL3d3dy53My5vcmcvMjAwMC9zdmciPjwvc3ZnPg==\" \/><\/figure>\n<p>Tambi\u00e9n se focaliz\u00f3 especial atenci\u00f3n en la\u00a0<strong>revisi\u00f3n del Acuerdo N.\u00ba 134\/92<\/strong>, \u00a0a solicitud de la representaci\u00f3n entidad gremial. Al respecto, se acord\u00f3 revisar este marco normativo vinculando de la matr\u00edcula, separando\u00a0<a>por niveles educativos para analizar detalladamente cada estructura\u00a0<\/a><a id=\"_anchor_2\" href=\"https:\/\/noticias.santacruz.gob.ar\/organismos\/economia\/el-gobierno-provincial-llevo-adelante-la-primera-mesa-tecnica-con-adosac#_msocom_2\" name=\"_msoanchor_2\">[GV2]<\/a>\u00a0y proponer alternativas a la cartera de Educaci\u00f3n.<\/p>\n<p>Otro tema que se abord\u00f3 es el\u00a0<strong>resguardo docente<\/strong>, punto sobre el cual acordaron evaluar la situaci\u00f3n y la cantidad de docentes que se encuentran actualmente bajo esta figura.<\/p>\n<figure class=\"ssi-inline-image my-3\"><img decoding=\"async\" class=\"img-fluid lazyload\" data-src=\"https:\/\/noticias.santacruz.gob.ar\/media\/ssigallery\/articulos\/26436\/inline\/WhatsApp_Image_2026-09-05_at_10.12.47_AM__1_.jpeg\" alt=\"El Gobierno Provincial llev\u00f3 adelante la primera mesa t\u00e9cnica con ADOSAC\" src=\"data:image\/svg+xml;base64,PHN2ZyB3aWR0aD0iMSIgaGVpZ2h0PSIxIiB4bWxucz0iaHR0cDovL3d3dy53My5vcmcvMjAwMC9zdmciPjwvc3ZnPg==\" \/><\/figure>\n<p><strong>Documentaci\u00f3n y nivel inicial<\/strong>, fue \u00edtem considerado en la reuni\u00f3n, solicitado la representaci\u00f3n gremial la entrega de las plantas funcionales correspondientes al nivel inicial (per\u00edodos 2024 y actuales) para su estudio previo a los pr\u00f3ximos encuentros.<\/p>\n<p>Antes de finalizar, tanto los representantes del Gobierno como la entidad gremial definieron como fecha tentativa para\u00a0<strong>la pr\u00f3xima reuni\u00f3n de la Mesa T\u00e9cnica el lunes 14 de septiembre de 2026<\/strong>.\u00a0<a>Asimismo, qued\u00f3 programada una\u00a0<strong>reuni\u00f3n de la Sub-Comisi\u00f3n Laboral para el jueves 24 de septiembre de 2026 a las 8:00.\u00a0<\/strong><\/a><\/p>\n<div>\n<figure class=\"ssi-inline-image my-3\"><img decoding=\"async\" class=\"img-fluid lazyload\" data-src=\"https:\/\/noticias.santacruz.gob.ar\/media\/ssigallery\/articulos\/26436\/inline\/WhatsApp_Image_2026-09-05_at_10.12.47_AM.jpeg\" alt=\"El Gobierno Provincial llev\u00f3 adelante la primera mesa t\u00e9cnica con ADOSAC\" src=\"data:image\/svg+xml;base64,PHN2ZyB3aWR0aD0iMSIgaGVpZ2h0PSIxIiB4bWxucz0iaHR0cDovL3d3dy53My5vcmcvMjAwMC9zdmciPjwvc3ZnPg==\" \/><\/figure>\n<\/div>\n<\/div>\n<\/div>\n","protected":false},"excerpt":{"rendered":"<p>05 de Septiembre 2026. Este viernes se reunieron las partes para establecer una agenda de trabajo focalizada en los aspectos<\/p>\n","protected":false},"author":8,"featured_media":48301,"comment_status":"open","ping_status":"closed","sticky":false,"template":"","format":"standard","meta":{"footnotes":""},"categories":[34],"tags":[],"class_list":["post-48300","post","type-post","status-publish","format-standard","has-post-thumbnail","hentry","category-economia"],"_links":{"self":[{"href":"https:\/\/ecosdelsur.com\/index.php?rest_route=\/wp\/v2\/posts\/48300","targetHints":{"allow":["GET"]}}],"collection":[{"href":"https:\/\/ecosdelsur.com\/index.php?rest_route=\/wp\/v2\/posts"}],"about":[{"href":"https:\/\/ecosdelsur.com\/index.php?rest_route=\/wp\/v2\/types\/post"}],"author":[{"embeddable":true,"href":"https:\/\/ecosdelsur.com\/index.php?rest_route=\/wp\/v2\/users\/8"}],"replies":[{"embeddable":true,"href":"https:\/\/ecosdelsur.com\/index.php?rest_route=%2Fwp%2Fv2%2Fcomments&post=48300"}],"version-history":[{"count":1,"href":"https:\/\/ecosdelsur.com\/index.php?rest_route=\/wp\/v2\/posts\/48300\/revisions"}],"predecessor-version":[{"id":48302,"href":"https:\/\/ecosdelsur.com\/index.php?rest_route=\/wp\/v2\/posts\/48300\/revisions\/48302"}],"wp:featuredmedia":[{"embeddable":true,"href":"https:\/\/ecosdelsur.com\/index.php?rest_route=\/wp\/v2\/media\/48301"}],"wp:attachment":[{"href":"https:\/\/ecosdelsur.com\/index.php?rest_route=%2Fwp%2Fv2%2Fmedia&parent=48300"}],"wp:term":[{"taxonomy":"category","embeddable":true,"href":"https:\/\/ecosdelsur.com\/index.php?rest_route=%2Fwp%2Fv2%2Fcategories&post=48300"},{"taxonomy":"post_tag","embeddable":true,"href":"https:\/\/ecosdelsur.com\/index.php?rest_route=%2Fwp%2Fv2%2Ftags&post=48300"}],"curies":[{"name":"wp","href":"https:\/\/api.w.org\/{rel}","templated":true}]}}