{"id":48285,"date":"2026-09-05T20:25:48","date_gmt":"2026-09-05T23:25:48","guid":{"rendered":"https:\/\/ecosdelsur.com\/?p=48285"},"modified":"2026-09-05T20:25:48","modified_gmt":"2026-09-05T23:25:48","slug":"estamos-trabajando-cerca-de-la-gente-como-lo-pide-el-gobernador-destaco-verbes","status":"publish","type":"post","link":"https:\/\/ecosdelsur.com\/?p=48285","title":{"rendered":"\u201cEstamos trabajando cerca de la gente como lo pide el Gobernador\u201d, destac\u00f3 Verbes"},"content":{"rendered":"<p><span style=\"color: #ff0000;\">05 de Septiembre 2026. <\/span><strong>El ministro de Econom\u00eda y Finanzas e Infraestructura, Ezequiel Verbes, acompa\u00f1a la jornada que se desarrolla en Puerto Deseado y destac\u00f3 el alcance territorial. La propuesta reuni\u00f3 a organismos provinciales para acercar servicios, tr\u00e1mites y respuestas a los vecinos.<\/strong><\/p>\n<div class=\"redes mb-3\">\n<div class=\"d-flex flex-wrap justify-content-between align-items-center gap-3 my-2 mx-1\">\n<p>El Gobierno de Santa Cruz lleva adelante este s\u00e1bado una nueva jornada de\u00a0<strong>Viva Barrio<\/strong>\u00a0en Puerto Deseado, con la participaci\u00f3n de organismos y entes que integran la administraci\u00f3n provincial. La iniciativa permiti\u00f3 acercar distintas herramientas del Estado a los vecinos y fortalecer el contacto directo con las comunidades del interior.<\/p>\n<p>El ministro de Econom\u00eda y Finanzas e Infraestructura,\u00a0<strong>Ezequiel Verbes<\/strong>, acompa\u00f1a el dispositivo y valora el despliegue realizado en la localidad.<\/p>\n<p>\u201c<strong>Estamos trabajando fuerte, cerca de la gente, como nos indica el se\u00f1or gobernador, para poder escucharnos m\u00e1s, poder tomar un poco m\u00e1s las necesidades de la gente y tambi\u00e9n tratando de acercar alg\u00fan tipo de respuestas<\/strong>\u201d, se\u00f1al\u00f3.<\/p>\n<figure class=\"ssi-inline-image my-3\"><img decoding=\"async\" class=\"img-fluid lazyload\" data-src=\"https:\/\/noticias.santacruz.gob.ar\/media\/ssigallery\/articulos\/26440\/inline\/WhatsApp_Image_2026-09-05_at_4.26.42_PM.jpeg\" alt=\"\u201cEstamos trabajando cerca de la gente como lo pide el Gobernador\u201d, destac\u00f3 Verbes\" src=\"data:image\/svg+xml;base64,PHN2ZyB3aWR0aD0iMSIgaGVpZ2h0PSIxIiB4bWxucz0iaHR0cDovL3d3dy53My5vcmcvMjAwMC9zdmciPjwvc3ZnPg==\" \/><\/figure>\n<h3>Federalizar la gesti\u00f3n y acercar respuestas<\/h3>\n<p>Verbes destac\u00f3 que Viva Barrio se desarrolla en distintas localidades de Santa Cruz y anticip\u00f3 que la propuesta continuar\u00e1 y podr\u00e1 repetirse en aquellas comunidades donde resulte necesario.<\/p>\n<blockquote class=\"ssi-editorial-block ssi-quote ssi-quote-featured\"><p>\u201cSe est\u00e1 haciendo en toda la provincia. Se va a seguir haciendo, inclusive se va a repetir en localidades. La verdad que el impacto de lo que viene sucediendo a trav\u00e9s de este programa es muy bueno, es muy positivo\u201d, afirm\u00f3.<\/p><\/blockquote>\n<p>La jornada en Puerto Deseado cuenta con la presencia de representantes de distintos organismos provinciales, que pusieron a disposici\u00f3n de la comunidad sus equipos y servicios.<\/p>\n<figure class=\"ssi-inline-image my-3\"><img decoding=\"async\" class=\"img-fluid lazyload\" data-src=\"https:\/\/noticias.santacruz.gob.ar\/media\/ssigallery\/articulos\/26440\/inline\/WhatsApp_Image_2026-09-05_at_4.26.43_PM__1_.jpeg\" alt=\"\u201cEstamos trabajando cerca de la gente como lo pide el Gobernador\u201d, destac\u00f3 Verbes\" src=\"data:image\/svg+xml;base64,PHN2ZyB3aWR0aD0iMSIgaGVpZ2h0PSIxIiB4bWxucz0iaHR0cDovL3d3dy53My5vcmcvMjAwMC9zdmciPjwvc3ZnPg==\" \/><\/figure>\n<h3>Construir Santa Cruz: nuevas herramientas para el acceso a la vivienda<\/h3>\n<p>En el marco de la jornada, Verbes tambi\u00e9n destac\u00f3 la importancia de promover la inscripci\u00f3n al programa\u00a0<strong>Construir Santa Cruz<\/strong>, destinado a relevar la demanda habitacional y conocer las condiciones de cada familia.<\/p>\n<p>\u201c<strong>Es muy importante que la gente pueda inscribirse y que pueda claramente definir si tiene terreno o si no tiene terreno<\/strong>\u201d, explic\u00f3.<\/p>\n<p>El ministro se\u00f1al\u00f3 que el Gobierno Provincial trabaja en una licitaci\u00f3n que prev\u00e9 una inversi\u00f3n estimada de\u00a0<strong>m\u00e1s de 60 mil millones de pesos<\/strong>\u00a0para avanzar con respuestas ante la demanda habitacional.<\/p>\n<p>En ese sentido, explic\u00f3 que se analizan alternativas constructivas que permitan reducir los costos de mantenimiento y uso de las viviendas, especialmente en relaci\u00f3n con los sistemas de calefacci\u00f3n y servicios.<\/p>\n<p>\u201cHacen\u00a0<strong>falta ideas creativas para poder solucionar los problemas que se van presentando<\/strong>\u201d, sostuvo Verbes.<\/p>\n<h3>M\u00e1s herramientas para atender las necesidades de Santa Cruz<\/h3>\n<p>El titular de la cartera econ\u00f3mica tambi\u00e9n hizo referencia a las distintas herramientas que analiza el Gobierno Provincial para avanzar con obras y pol\u00edticas destinadas a dar respuesta a las necesidades de la poblaci\u00f3n.<\/p>\n<p>En este marco, se\u00f1al\u00f3 que, frente a las dificultades para avanzar con determinadas herramientas legislativas y financieras, la gesti\u00f3n provincial busca alternativas que permitan sostener las inversiones y acelerar las soluciones.<\/p>\n<p>\u201c<strong>Nosotros no vamos a dejar de hacer absolutamente nada de lo que podamos hacer, y de hecho lo estamos haciendo<\/strong>\u201d, afirm\u00f3.<\/p>\n<h3>Mantenimiento escolar: m\u00e1s presencia en las instituciones<\/h3>\n<p>Durante su visita a Puerto Deseado, Verbes tambi\u00e9n inform\u00f3 sobre el trabajo que se desarrolla en establecimientos educativos de la localidad, en el marco de la transici\u00f3n del mantenimiento escolar hacia el Ministerio de Econom\u00eda y Finanzas e Infraestructura y el Instituto de Desarrollo Urbano y Vivienda (IDUV).<\/p>\n<p>El ministro se\u00f1al\u00f3 que se trabaja en el refuerzo de los equipos y en la atenci\u00f3n de necesidades detectadas en distintas instituciones, con intervenciones inmediatas y otras previstas para los pr\u00f3ximos d\u00edas.<\/p>\n<p>De esta manera, el Gobierno Provincial contin\u00faa fortaleciendo la presencia territorial de sus organismos, con acciones orientadas a acercar servicios, atender demandas y generar respuestas en las distintas localidades de Santa Cruz.<\/p>\n<\/div>\n<\/div>\n","protected":false},"excerpt":{"rendered":"<p>05 de Septiembre 2026. El ministro de Econom\u00eda y Finanzas e Infraestructura, Ezequiel Verbes, acompa\u00f1a la jornada que se desarrolla<\/p>\n","protected":false},"author":8,"featured_media":48286,"comment_status":"open","ping_status":"closed","sticky":false,"template":"","format":"standard","meta":{"footnotes":""},"categories":[1094],"tags":[],"class_list":["post-48285","post","type-post","status-publish","format-standard","has-post-thumbnail","hentry","category-gobierno"],"_links":{"self":[{"href":"https:\/\/ecosdelsur.com\/index.php?rest_route=\/wp\/v2\/posts\/48285","targetHints":{"allow":["GET"]}}],"collection":[{"href":"https:\/\/ecosdelsur.com\/index.php?rest_route=\/wp\/v2\/posts"}],"about":[{"href":"https:\/\/ecosdelsur.com\/index.php?rest_route=\/wp\/v2\/types\/post"}],"author":[{"embeddable":true,"href":"https:\/\/ecosdelsur.com\/index.php?rest_route=\/wp\/v2\/users\/8"}],"replies":[{"embeddable":true,"href":"https:\/\/ecosdelsur.com\/index.php?rest_route=%2Fwp%2Fv2%2Fcomments&post=48285"}],"version-history":[{"count":1,"href":"https:\/\/ecosdelsur.com\/index.php?rest_route=\/wp\/v2\/posts\/48285\/revisions"}],"predecessor-version":[{"id":48287,"href":"https:\/\/ecosdelsur.com\/index.php?rest_route=\/wp\/v2\/posts\/48285\/revisions\/48287"}],"wp:featuredmedia":[{"embeddable":true,"href":"https:\/\/ecosdelsur.com\/index.php?rest_route=\/wp\/v2\/media\/48286"}],"wp:attachment":[{"href":"https:\/\/ecosdelsur.com\/index.php?rest_route=%2Fwp%2Fv2%2Fmedia&parent=48285"}],"wp:term":[{"taxonomy":"category","embeddable":true,"href":"https:\/\/ecosdelsur.com\/index.php?rest_route=%2Fwp%2Fv2%2Fcategories&post=48285"},{"taxonomy":"post_tag","embeddable":true,"href":"https:\/\/ecosdelsur.com\/index.php?rest_route=%2Fwp%2Fv2%2Ftags&post=48285"}],"curies":[{"name":"wp","href":"https:\/\/api.w.org\/{rel}","templated":true}]}}