{"id":48276,"date":"2026-09-05T20:20:58","date_gmt":"2026-09-05T23:20:58","guid":{"rendered":"https:\/\/ecosdelsur.com\/?p=48276"},"modified":"2026-09-05T20:20:58","modified_gmt":"2026-09-05T23:20:58","slug":"puerto-deseado-viva-barrio-acerca-el-estado-a-los-vecinos","status":"publish","type":"post","link":"https:\/\/ecosdelsur.com\/?p=48276","title":{"rendered":"Puerto Deseado: Viva Barrio acerca el Estado a los vecinos"},"content":{"rendered":"<p><span style=\"color: #ff0000;\">05 de Septiembre 2026. <\/span><strong>El operativo impulsado por el gobernador Claudio Vidal se desarrolla este s\u00e1bado con la participaci\u00f3n de organismos y entes provinciales, que acercaron tr\u00e1mites, servicios y propuestas a la comunidad.<\/strong><\/p>\n<div class=\"redes mb-3\">\n<div class=\"d-flex flex-wrap justify-content-between align-items-center gap-3 my-2 mx-1\">\n<p>Se lleva adelante una nueva edici\u00f3n de\u00a0<strong>Viva Barrio<\/strong>\u00a0en Puerto Deseado, con un amplio despliegue de organismos y entes provinciales. La jornada cuenta con la participaci\u00f3n de ministros, funcionarios y equipos de distintas \u00e1reas, que brindaron atenci\u00f3n y asesoramiento a los vecinos.<\/p>\n<p>El diputado provincial\u00a0<strong>Santiago Aberastain<\/strong>, anfitri\u00f3n de la jornada, destac\u00f3 la presencia de representantes del gabinete provincial y valor\u00f3 la posibilidad de acercar las herramientas del Estado a la comunidad.<\/p>\n<blockquote class=\"ssi-editorial-block ssi-quote ssi-quote-featured\"><p>\u201cLa verdad que es un gusto recibirlos y tener la posibilidad de poner a disposici\u00f3n todos los servicios del Estado provincial al alcance de los vecinos\u201d, se\u00f1al\u00f3.<\/p><\/blockquote>\n<h3>Una propuesta para acercar el Estado a los barrios<\/h3>\n<p>Esta es la\u00a0<strong>segunda edici\u00f3n de Viva Barrio realizada este a\u00f1o en Puerto Deseado<\/strong>. En esta oportunidad, la actividad se desarrolla<\/p>\n<p>la Escuela N\u00b0 87 \u201cSoldados de de Malvinas\u201d,<strong>\u00a0<\/strong>ubicada en un sector estrat\u00e9gico de la localidad, con el objetivo de facilitar el acceso a los servicios para vecinos que tienen mayores dificultades para trasladarse hasta el casco c\u00e9ntrico.<\/p>\n<blockquote class=\"ssi-editorial-block ssi-quote ssi-quote-featured\"><p>\u201cElegimos un lugar estrat\u00e9gico para esta segunda edici\u00f3n, m\u00e1s cerca de los barrios que tienen por ah\u00ed m\u00e1s dificultoso el acceso al casco c\u00e9ntrico hist\u00f3rico\u201d, explic\u00f3 Aberastain.<\/p><\/blockquote>\n<figure class=\"ssi-inline-image my-3\"><img decoding=\"async\" class=\"img-fluid lazyload\" data-src=\"https:\/\/noticias.santacruz.gob.ar\/media\/ssigallery\/articulos\/26435\/inline\/aberastain1.jpeg\" alt=\"Puerto Deseado: Viva Barrio acerca el Estado a los vecinos\" src=\"data:image\/svg+xml;base64,PHN2ZyB3aWR0aD0iMSIgaGVpZ2h0PSIxIiB4bWxucz0iaHR0cDovL3d3dy53My5vcmcvMjAwMC9zdmciPjwvc3ZnPg==\" \/><\/figure>\n<p>El legislador remarc\u00f3 que la elecci\u00f3n del lugar responde al esp\u00edritu de la iniciativa, que busca\u00a0<strong>descentralizar la atenci\u00f3n y llevar las propuestas de los organismos provinciales a distintos sectores de las localidades<\/strong>.<\/p>\n<h3>Servicios, tr\u00e1mites y propuestas para toda la comunidad<\/h3>\n<p>Durante la jornada, los vecinos pueden acercarse a los distintos espacios de atenci\u00f3n dispuestos por los organismos provinciales para realizar consultas, gestionar tr\u00e1mites y conocer las propuestas de cada \u00e1rea.<\/p>\n<figure class=\"ssi-inline-image my-3\"><img decoding=\"async\" class=\"img-fluid lazyload\" data-src=\"https:\/\/noticias.santacruz.gob.ar\/media\/ssigallery\/articulos\/26435\/inline\/aberastain2.jpeg\" alt=\"Puerto Deseado: Viva Barrio acerca el Estado a los vecinos\" src=\"data:image\/svg+xml;base64,PHN2ZyB3aWR0aD0iMSIgaGVpZ2h0PSIxIiB4bWxucz0iaHR0cDovL3d3dy53My5vcmcvMjAwMC9zdmciPjwvc3ZnPg==\" \/><\/figure>\n<p>El dispositivo tambi\u00e9n cuenta con actividades recreativas para las infancias, patio de comidas y propuestas vinculadas a la educaci\u00f3n y la seguridad vial, entre ellas el inflable de educaci\u00f3n vial del Ministerio de Seguridad.<\/p>\n<blockquote class=\"ssi-editorial-block ssi-quote ssi-quote-featured\"><p>\u201cLa verdad que es un despliegue muy bueno. Muy contento por tener hoy la posibilidad de acercar todas estas propuestas y facilitarlas al vecino de Puerto Deseado\u201d, expres\u00f3 Aberastain.<\/p><\/blockquote>\n<p>Desde la organizaci\u00f3n destacaron la participaci\u00f3n de los equipos provinciales y convocaron a toda la comunidad a acercarse a este tipo de jornadas, que tienen como eje\u00a0<strong>fortalecer la presencia territorial del Estado y facilitar el acceso a sus servicios<\/strong>.<\/p>\n<\/div>\n<\/div>\n","protected":false},"excerpt":{"rendered":"<p>05 de Septiembre 2026. El operativo impulsado por el gobernador Claudio Vidal se desarrolla este s\u00e1bado con la participaci\u00f3n de<\/p>\n","protected":false},"author":8,"featured_media":48277,"comment_status":"open","ping_status":"closed","sticky":false,"template":"","format":"standard","meta":{"footnotes":""},"categories":[1094],"tags":[],"class_list":["post-48276","post","type-post","status-publish","format-standard","has-post-thumbnail","hentry","category-gobierno"],"_links":{"self":[{"href":"https:\/\/ecosdelsur.com\/index.php?rest_route=\/wp\/v2\/posts\/48276","targetHints":{"allow":["GET"]}}],"collection":[{"href":"https:\/\/ecosdelsur.com\/index.php?rest_route=\/wp\/v2\/posts"}],"about":[{"href":"https:\/\/ecosdelsur.com\/index.php?rest_route=\/wp\/v2\/types\/post"}],"author":[{"embeddable":true,"href":"https:\/\/ecosdelsur.com\/index.php?rest_route=\/wp\/v2\/users\/8"}],"replies":[{"embeddable":true,"href":"https:\/\/ecosdelsur.com\/index.php?rest_route=%2Fwp%2Fv2%2Fcomments&post=48276"}],"version-history":[{"count":1,"href":"https:\/\/ecosdelsur.com\/index.php?rest_route=\/wp\/v2\/posts\/48276\/revisions"}],"predecessor-version":[{"id":48278,"href":"https:\/\/ecosdelsur.com\/index.php?rest_route=\/wp\/v2\/posts\/48276\/revisions\/48278"}],"wp:featuredmedia":[{"embeddable":true,"href":"https:\/\/ecosdelsur.com\/index.php?rest_route=\/wp\/v2\/media\/48277"}],"wp:attachment":[{"href":"https:\/\/ecosdelsur.com\/index.php?rest_route=%2Fwp%2Fv2%2Fmedia&parent=48276"}],"wp:term":[{"taxonomy":"category","embeddable":true,"href":"https:\/\/ecosdelsur.com\/index.php?rest_route=%2Fwp%2Fv2%2Fcategories&post=48276"},{"taxonomy":"post_tag","embeddable":true,"href":"https:\/\/ecosdelsur.com\/index.php?rest_route=%2Fwp%2Fv2%2Ftags&post=48276"}],"curies":[{"name":"wp","href":"https:\/\/api.w.org\/{rel}","templated":true}]}}