{"id":48256,"date":"2026-09-04T21:37:34","date_gmt":"2026-09-05T00:37:34","guid":{"rendered":"https:\/\/ecosdelsur.com\/?p=48256"},"modified":"2026-09-04T21:37:58","modified_gmt":"2026-09-05T00:37:58","slug":"48256","status":"publish","type":"post","link":"https:\/\/ecosdelsur.com\/?p=48256","title":{"rendered":"Semana de las Artes: el Centro Integral de la Mujer y la Familia abri\u00f3 sus puertas a la comunidad"},"content":{"rendered":"<p><span style=\"color: #ff0000;\">04 de Septiembre 2026. <\/span>La Municipalidad de Caleta Olivia, llev\u00f3 adelante una jornada especial en el marco de la Semana de las Artes, con una propuesta que permiti\u00f3 visibilizar los trabajos realizados en los distintos talleres art\u00edsticos que se desarrollan durante todo el a\u00f1o.<\/p>\n<p>La actividad cont\u00f3 con la participaci\u00f3n de la supervisora del Centro Integral de la Mujer y la Familia, Ximena Prior, quien destac\u00f3 que actualmente el espacio cuenta con m\u00e1s de 45 talleres gratuitos y accesibles para la comunidad, muchos de ellos vinculados al arte y la expresi\u00f3n cultural.<\/p>\n<figure class=\"wp-block-image size-large\"><img decoding=\"async\" class=\"wp-image-21948 lazyload\" data-src=\"https:\/\/caletaolivia.gov.ar\/wp-content\/uploads\/2026\/09\/02e9addb-aedb-42a6-bcd0-b60c59fb5c61-1024x576.jpeg\" data-sizes=\"(max-width: 1024px) 100vw, 1024px\" data-srcset=\"https:\/\/caletaolivia.gov.ar\/wp-content\/uploads\/2026\/09\/02e9addb-aedb-42a6-bcd0-b60c59fb5c61-1024x576.jpeg 1024w, https:\/\/caletaolivia.gov.ar\/wp-content\/uploads\/2026\/09\/02e9addb-aedb-42a6-bcd0-b60c59fb5c61-300x169.jpeg 300w, https:\/\/caletaolivia.gov.ar\/wp-content\/uploads\/2026\/09\/02e9addb-aedb-42a6-bcd0-b60c59fb5c61-768x432.jpeg 768w, https:\/\/caletaolivia.gov.ar\/wp-content\/uploads\/2026\/09\/02e9addb-aedb-42a6-bcd0-b60c59fb5c61.jpeg 1280w\" alt=\"\" width=\"1024\" height=\"576\" src=\"data:image\/svg+xml;base64,PHN2ZyB3aWR0aD0iMSIgaGVpZ2h0PSIxIiB4bWxucz0iaHR0cDovL3d3dy53My5vcmcvMjAwMC9zdmciPjwvc3ZnPg==\" style=\"--smush-placeholder-width: 1024px; --smush-placeholder-aspect-ratio: 1024\/576;\" \/><\/figure>\n<p>Durante la jornada se expusieron producciones realizadas tanto en el Centro Integral como en los talleres barriales y en instituciones y organizaciones que trabajan de manera articulada, entre ellas Fundaci\u00f3n\u00a0\u201cConstruyendo Sue\u00f1os\u201d,\u00a0APADiSCO\u00a0y otras asociaciones locales.<\/p>\n<p>\u201cHoy estamos mostrando y exponiendo lo que se trabaja diariamente en los talleres de arte. Tambi\u00e9n es una invitaci\u00f3n para que la comunidad conozca el Centro Integral, se acerque y pueda descubrir todas las propuestas que tenemos\u201d, se\u00f1al\u00f3 Prior.<\/p>\n<p>La propuesta reuni\u00f3 a siete\u00a0talleristas\u00a0que presentaron diferentes disciplinas, entre ellas\u00a0mosaiquismo, pintura, pintura 3D, serigraf\u00eda y elaboraci\u00f3n de m\u00e1scaras de\u00a0cosplay. Adem\u00e1s, se dispusieron estaciones de arte para que los vecinos pudieran participar de manera gratuita y experimentar distintas t\u00e9cnicas.<\/p>\n<figure class=\"wp-block-image size-large\"><img decoding=\"async\" class=\"wp-image-21949 lazyload\" data-src=\"https:\/\/caletaolivia.gov.ar\/wp-content\/uploads\/2026\/09\/d2dad404-0c23-47ef-a633-080ec9141556-1024x576.jpeg\" data-sizes=\"(max-width: 1024px) 100vw, 1024px\" data-srcset=\"https:\/\/caletaolivia.gov.ar\/wp-content\/uploads\/2026\/09\/d2dad404-0c23-47ef-a633-080ec9141556-1024x576.jpeg 1024w, https:\/\/caletaolivia.gov.ar\/wp-content\/uploads\/2026\/09\/d2dad404-0c23-47ef-a633-080ec9141556-300x169.jpeg 300w, https:\/\/caletaolivia.gov.ar\/wp-content\/uploads\/2026\/09\/d2dad404-0c23-47ef-a633-080ec9141556-768x432.jpeg 768w, https:\/\/caletaolivia.gov.ar\/wp-content\/uploads\/2026\/09\/d2dad404-0c23-47ef-a633-080ec9141556.jpeg 1280w\" alt=\"\" width=\"1024\" height=\"576\" src=\"data:image\/svg+xml;base64,PHN2ZyB3aWR0aD0iMSIgaGVpZ2h0PSIxIiB4bWxucz0iaHR0cDovL3d3dy53My5vcmcvMjAwMC9zdmciPjwvc3ZnPg==\" style=\"--smush-placeholder-width: 1024px; --smush-placeholder-aspect-ratio: 1024\/576;\" \/><\/figure>\n<p>La jornada tambi\u00e9n cont\u00f3 con el acompa\u00f1amiento de la Subsecretar\u00eda de Cultura, con la presentaci\u00f3n de la Orquesta Infanto-Juvenil de Tango y la participaci\u00f3n de cantantes y cuerpos de baile. A esto se sumaron espacios de degustaci\u00f3n y distintas actividades destinadas a generar un encuentro\u00a0abierto para toda la comunidad.<\/p>\n<p>Desde las 17 y hasta las 21 horas, vecinos y familias pudieron acercarse al Centro Integral de la Mujer y la Familia para disfrutar de las propuestas y conocer las distintas alternativas que ofrece el espacio de manera gratuita. \u201cSiempre es una excusa para que puedan venir y conocer todo lo que se realiza ac\u00e1\u201d, remarc\u00f3 Prior.<\/p>\n","protected":false},"excerpt":{"rendered":"<p>04 de Septiembre 2026. La Municipalidad de Caleta Olivia, llev\u00f3 adelante una jornada especial en el marco de la Semana<\/p>\n","protected":false},"author":8,"featured_media":48258,"comment_status":"open","ping_status":"closed","sticky":false,"template":"","format":"standard","meta":{"footnotes":""},"categories":[1185],"tags":[],"class_list":["post-48256","post","type-post","status-publish","format-standard","has-post-thumbnail","hentry","category-comunicaciones-y-medios"],"_links":{"self":[{"href":"https:\/\/ecosdelsur.com\/index.php?rest_route=\/wp\/v2\/posts\/48256","targetHints":{"allow":["GET"]}}],"collection":[{"href":"https:\/\/ecosdelsur.com\/index.php?rest_route=\/wp\/v2\/posts"}],"about":[{"href":"https:\/\/ecosdelsur.com\/index.php?rest_route=\/wp\/v2\/types\/post"}],"author":[{"embeddable":true,"href":"https:\/\/ecosdelsur.com\/index.php?rest_route=\/wp\/v2\/users\/8"}],"replies":[{"embeddable":true,"href":"https:\/\/ecosdelsur.com\/index.php?rest_route=%2Fwp%2Fv2%2Fcomments&post=48256"}],"version-history":[{"count":3,"href":"https:\/\/ecosdelsur.com\/index.php?rest_route=\/wp\/v2\/posts\/48256\/revisions"}],"predecessor-version":[{"id":48261,"href":"https:\/\/ecosdelsur.com\/index.php?rest_route=\/wp\/v2\/posts\/48256\/revisions\/48261"}],"wp:featuredmedia":[{"embeddable":true,"href":"https:\/\/ecosdelsur.com\/index.php?rest_route=\/wp\/v2\/media\/48258"}],"wp:attachment":[{"href":"https:\/\/ecosdelsur.com\/index.php?rest_route=%2Fwp%2Fv2%2Fmedia&parent=48256"}],"wp:term":[{"taxonomy":"category","embeddable":true,"href":"https:\/\/ecosdelsur.com\/index.php?rest_route=%2Fwp%2Fv2%2Fcategories&post=48256"},{"taxonomy":"post_tag","embeddable":true,"href":"https:\/\/ecosdelsur.com\/index.php?rest_route=%2Fwp%2Fv2%2Ftags&post=48256"}],"curies":[{"name":"wp","href":"https:\/\/api.w.org\/{rel}","templated":true}]}}