{"id":48253,"date":"2026-09-04T21:35:24","date_gmt":"2026-09-05T00:35:24","guid":{"rendered":"https:\/\/ecosdelsur.com\/?p=48253"},"modified":"2026-09-04T21:35:24","modified_gmt":"2026-09-05T00:35:24","slug":"el-municipio-impulsa-una-jornada-sobre-derechos-estudiantiles-en-el-eico-n-o-1","status":"publish","type":"post","link":"https:\/\/ecosdelsur.com\/?p=48253","title":{"rendered":"El municipio impulsa una jornada sobre derechos estudiantiles en el EICO N.\u00ba 1"},"content":{"rendered":"<p><span style=\"color: #ff0000;\">04 de Septiembre 2026. <\/span>En el marco de las pol\u00edticas de acompa\u00f1amiento y fortalecimiento de las instituciones educativas que impulsa la gesti\u00f3n del intendente Pablo Carrizo, la Municipalidad de Caleta Olivia llev\u00f3 adelante una jornada sobre derechos estudiantiles en las instalaciones del EICO N.\u00ba 1.<\/p>\n<p>La propuesta fue desarrollada en respuesta a una iniciativa planteada por el Centro de Estudiantes de la instituci\u00f3n y como parte del trabajo articulado que el Municipio sostiene con los diferentes espacios de representaci\u00f3n estudiantil de la ciudad.<\/p>\n<p>El director de Derechos Humanos, Diego Funes, explic\u00f3 que la actividad est\u00e1 destinada a toda la comunidad educativa, incluyendo estudiantes de los tres turnos, docentes y equipos directivos, con una convocatoria estimada de entre 400 y 600 personas.<\/p>\n<p>\u201cHoy venimos a trabajar sobre los derechos estudiantiles, una tem\u00e1tica que solicita el Centro de Estudiantes del EICO N.\u00ba 1, de acuerdo a las demandas de los mismos estudiantes. Como Estado venimos a brindarle la disponibilidad para trabajar toda esta tem\u00e1tica\u201d, se\u00f1al\u00f3 Funes.<\/p>\n<figure class=\"wp-block-image size-large\"><img decoding=\"async\" class=\"wp-image-21944 lazyload\" data-src=\"https:\/\/caletaolivia.gov.ar\/wp-content\/uploads\/2026\/09\/b75dc73b-83c1-4eb8-9b28-5d5ef2a9edb7-1024x576.jpeg\" data-sizes=\"(max-width: 1024px) 100vw, 1024px\" data-srcset=\"https:\/\/caletaolivia.gov.ar\/wp-content\/uploads\/2026\/09\/b75dc73b-83c1-4eb8-9b28-5d5ef2a9edb7-1024x576.jpeg 1024w, https:\/\/caletaolivia.gov.ar\/wp-content\/uploads\/2026\/09\/b75dc73b-83c1-4eb8-9b28-5d5ef2a9edb7-300x169.jpeg 300w, https:\/\/caletaolivia.gov.ar\/wp-content\/uploads\/2026\/09\/b75dc73b-83c1-4eb8-9b28-5d5ef2a9edb7-768x432.jpeg 768w, https:\/\/caletaolivia.gov.ar\/wp-content\/uploads\/2026\/09\/b75dc73b-83c1-4eb8-9b28-5d5ef2a9edb7.jpeg 1280w\" alt=\"\" width=\"1024\" height=\"576\" src=\"data:image\/svg+xml;base64,PHN2ZyB3aWR0aD0iMSIgaGVpZ2h0PSIxIiB4bWxucz0iaHR0cDovL3d3dy53My5vcmcvMjAwMC9zdmciPjwvc3ZnPg==\" style=\"--smush-placeholder-width: 1024px; --smush-placeholder-aspect-ratio: 1024\/576;\" \/><\/figure>\n<p>Durante la jornada se abordaron los derechos y obligaciones de las y los estudiantes, los valores dentro y fuera de las instituciones educativas y la importancia de reconocer a las juventudes como sujetos activos, cr\u00edticos y participativos dentro de los espacios educativos.<\/p>\n<p>Asimismo, la propuesta contempla un recorrido por el contexto hist\u00f3rico en el que se construyeron y consolidaron diferentes derechos estudiantiles. En este sentido, y teniendo en cuenta la proximidad del 16 de septiembre, se trabaja sobre la memoria colectiva y la importancia de la participaci\u00f3n estudiantil a partir de hechos hist\u00f3ricos como la\u00a0\u201cNoche de los L\u00e1pices\u201d<\/p>\n<p>\u201cVamos a hablar de estudiantes como sujetos activos, cr\u00edticos y part\u00edcipes de las instituciones educativas\u201d, destac\u00f3 el funcionario municipal, al remarcar la importancia de generar espacios donde las juventudes puedan informarse, reflexionar y participar.<\/p>\n<p>Funes tambien remarc\u00f3 que: \u201cEs muy importante que el Municipio siempre est\u00e9 presente en las instituciones educativas y en el acompa\u00f1amiento. Es imprescindible que, como Estado, estemos presentes en cada una de las aulas, en cada una de las instituciones, abordando las tem\u00e1ticas\u201d.<\/p>\n<p>De esta manera, la gesti\u00f3n que encabeza el intendente Pablo Carrizo contin\u00faa fortaleciendo las pol\u00edticas p\u00fablicas destinadas a las juventudes, promoviendo una presencia cercana del Estado, generando espacios de participaci\u00f3n y acompa\u00f1ando activamente a las instituciones educativas de Caleta Olivia.<\/p>\n","protected":false},"excerpt":{"rendered":"<p>04 de Septiembre 2026. En el marco de las pol\u00edticas de acompa\u00f1amiento y fortalecimiento de las instituciones educativas que impulsa<\/p>\n","protected":false},"author":8,"featured_media":48254,"comment_status":"open","ping_status":"closed","sticky":false,"template":"","format":"standard","meta":{"footnotes":""},"categories":[1185],"tags":[],"class_list":["post-48253","post","type-post","status-publish","format-standard","has-post-thumbnail","hentry","category-comunicaciones-y-medios"],"_links":{"self":[{"href":"https:\/\/ecosdelsur.com\/index.php?rest_route=\/wp\/v2\/posts\/48253","targetHints":{"allow":["GET"]}}],"collection":[{"href":"https:\/\/ecosdelsur.com\/index.php?rest_route=\/wp\/v2\/posts"}],"about":[{"href":"https:\/\/ecosdelsur.com\/index.php?rest_route=\/wp\/v2\/types\/post"}],"author":[{"embeddable":true,"href":"https:\/\/ecosdelsur.com\/index.php?rest_route=\/wp\/v2\/users\/8"}],"replies":[{"embeddable":true,"href":"https:\/\/ecosdelsur.com\/index.php?rest_route=%2Fwp%2Fv2%2Fcomments&post=48253"}],"version-history":[{"count":1,"href":"https:\/\/ecosdelsur.com\/index.php?rest_route=\/wp\/v2\/posts\/48253\/revisions"}],"predecessor-version":[{"id":48255,"href":"https:\/\/ecosdelsur.com\/index.php?rest_route=\/wp\/v2\/posts\/48253\/revisions\/48255"}],"wp:featuredmedia":[{"embeddable":true,"href":"https:\/\/ecosdelsur.com\/index.php?rest_route=\/wp\/v2\/media\/48254"}],"wp:attachment":[{"href":"https:\/\/ecosdelsur.com\/index.php?rest_route=%2Fwp%2Fv2%2Fmedia&parent=48253"}],"wp:term":[{"taxonomy":"category","embeddable":true,"href":"https:\/\/ecosdelsur.com\/index.php?rest_route=%2Fwp%2Fv2%2Fcategories&post=48253"},{"taxonomy":"post_tag","embeddable":true,"href":"https:\/\/ecosdelsur.com\/index.php?rest_route=%2Fwp%2Fv2%2Ftags&post=48253"}],"curies":[{"name":"wp","href":"https:\/\/api.w.org\/{rel}","templated":true}]}}