{"id":48247,"date":"2026-09-04T21:22:15","date_gmt":"2026-09-05T00:22:15","guid":{"rendered":"https:\/\/ecosdelsur.com\/?p=48247"},"modified":"2026-09-04T21:22:15","modified_gmt":"2026-09-05T00:22:15","slug":"luis-quiroga-es-importante-que-se-conozcan-las-leyes-y-programas-provinciales-que-atraviesan-la-vida-de-las-infancias-y-adolescencias","status":"publish","type":"post","link":"https:\/\/ecosdelsur.com\/?p=48247","title":{"rendered":"Luis Quiroga: \u201cEs importante que se conozcan las leyes y programas provinciales que atraviesan la vida de las infancias y adolescencias\u201d"},"content":{"rendered":"<p><span style=\"color: #ff0000;\">04 de Septiembre 2026. <\/span>El secretario de Estado de Ni\u00f1ez, Adolescencia y Familia particip\u00f3 del plenario de la Comisi\u00f3n de Legislaci\u00f3n General del Honorable Concejo Deliberante de R\u00edo Gallegos, donde se analizaron distintos proyectos de ordenanza vinculados a las adolescencias y a la prevenci\u00f3n de consumos en espacios p\u00fablicos.<\/p>\n<div class=\"redes mb-3\">\n<div class=\"d-flex flex-wrap justify-content-between align-items-center gap-3 my-2 mx-1\">\n<section class=\"ssi-block-main mb-5\">\n<div class=\"mb-2\">\n<div class=\"article-full\">\n<p>El secretario de Estado de Ni\u00f1ez, Adolescencia y Familia,\u00a0<strong>Luis Quiroga<\/strong>, particip\u00f3 del plenario de la Comisi\u00f3n de Legislaci\u00f3n General del Honorable Concejo Deliberante de R\u00edo Gallegos, instancia en la que se abordaron diferentes\u00a0<strong>proyectos de ordenanza\u00a0<\/strong>relacionados con las adolescencias, entre ellos aquellos vinculados a la\u00a0<strong>permanencia de j\u00f3venes en locales nocturnos<\/strong>\u00a0y a la\u00a0<strong>implementaci\u00f3n de pautas de prevenci\u00f3n frente a distintos tipos de consumos, especialmente en espacios p\u00fablicos.<\/strong><\/p>\n<figure class=\"ssi-inline-image my-3\"><img decoding=\"async\" class=\"img-fluid lazyload\" data-src=\"https:\/\/noticias.santacruz.gob.ar\/media\/ssigallery\/articulos\/26431\/inline\/IMG-20260904-WA0075.jpg\" alt=\"Luis Quiroga: \u201cEs importante que se conozcan las leyes y programas provinciales que atraviesan la vida de las infancias y adolescencias\u201d\" src=\"data:image\/svg+xml;base64,PHN2ZyB3aWR0aD0iMSIgaGVpZ2h0PSIxIiB4bWxucz0iaHR0cDovL3d3dy53My5vcmcvMjAwMC9zdmciPjwvc3ZnPg==\" \/><\/figure>\n<p>El funcionario estuvo acompa\u00f1ado por la subsecretaria de Protecci\u00f3n Integral de Ni\u00f1ez, Adolescencia y Familia,\u00a0<strong>Melisa Peralta<\/strong>, y el director Provincial del Dispositivo para Adolescentes Infractores a la Ley Penal,\u00a0<strong>Daniel Robles.<\/strong><\/p>\n<p><strong>Protecci\u00f3n de derechos<\/strong><\/p>\n<figure class=\"ssi-inline-image my-3\"><img decoding=\"async\" class=\"img-fluid lazyload\" data-src=\"https:\/\/noticias.santacruz.gob.ar\/media\/ssigallery\/articulos\/26431\/inline\/IMG-20260904-WA0064.jpg\" alt=\"Luis Quiroga: \u201cEs importante que se conozcan las leyes y programas provinciales que atraviesan la vida de las infancias y adolescencias\u201d\" src=\"data:image\/svg+xml;base64,PHN2ZyB3aWR0aD0iMSIgaGVpZ2h0PSIxIiB4bWxucz0iaHR0cDovL3d3dy53My5vcmcvMjAwMC9zdmciPjwvc3ZnPg==\" \/><\/figure>\n<p>Durante el encuentro, el equipo de la Secretar\u00eda de Estado expuso su mirada sobre las iniciativas en tratamiento y manifest\u00f3 su preocupaci\u00f3n y compromiso respecto de la implementaci\u00f3n de la Ley N\u00b0 27.801 de R\u00e9gimen Penal Juvenil, normativa que plantea modificaciones sustanciales en el abordaje de adolescentes en conflicto con la ley penal y que implica un cambio de paradigma en materia de tratamiento y protecci\u00f3n de derechos.<\/p>\n<p>En este sentido, Quiroga explic\u00f3 los principales aspectos contemplados por el nuevo r\u00e9gimen, entre ellos la edad m\u00ednima de imputabilidad establecida en los 14 a\u00f1os, las caracter\u00edsticas de las penas y la necesidad de avanzar en la especializaci\u00f3n de jueces, fiscales y defensores que intervengan en este tipo de procesos. Asimismo, durante su intervenci\u00f3n, la subsecretaria Peralta remarc\u00f3 la importancia de adecuar y fortalecer los dispositivos de alojamiento destinados a j\u00f3venes infractores a la ley penal, en funci\u00f3n de los nuevos requerimientos que plantea el marco normativo.<\/p>\n<p><strong>Programas Provinciales<\/strong><\/p>\n<figure class=\"ssi-inline-image my-3\"><img decoding=\"async\" class=\"img-fluid lazyload\" data-src=\"https:\/\/noticias.santacruz.gob.ar\/media\/ssigallery\/articulos\/26431\/inline\/IMG-20260904-WA0078.jpg\" alt=\"Luis Quiroga: \u201cEs importante que se conozcan las leyes y programas provinciales que atraviesan la vida de las infancias y adolescencias\u201d\" src=\"data:image\/svg+xml;base64,PHN2ZyB3aWR0aD0iMSIgaGVpZ2h0PSIxIiB4bWxucz0iaHR0cDovL3d3dy53My5vcmcvMjAwMC9zdmciPjwvc3ZnPg==\" \/><\/figure>\n<p>Por otra parte, el secretario de Estado destac\u00f3 el trabajo articulado que se lleva adelante con municipios y comisiones de fomento en las distintas \u00e1reas comprendidas por la Secretar\u00eda de Estado de Ni\u00f1ez, Adolescencia y Familia.<\/p>\n<p>\u201cEs importante que se conozcan las leyes y programas provinciales que atraviesan la vida de las infancias y adolescencias. Desde el Gobierno Provincial acompa\u00f1amos con programas como el PAINA, que se ejecuta desde los municipios, y tambi\u00e9n trabajamos en materia de discapacidad y adultos mayores\u201d, se\u00f1al\u00f3 Quiroga.<\/p>\n<p>En este marco, destac\u00f3 particularmente el trabajo conjunto que se desarrolla en R\u00edo Gallegos con la Secretar\u00eda de Ni\u00f1ez municipal, a cargo de Julia Chalub, y su equipo, con quienes se suscribi\u00f3 el convenio para la implementaci\u00f3n del Programa de Acompa\u00f1amiento Integral a la Ni\u00f1ez y Adolescencia (PAINA), que actualmente se encuentra en ejecuci\u00f3n.<\/p>\n<p>La participaci\u00f3n de la Secretar\u00eda de Estado de Ni\u00f1ez, Adolescencia y Familia en estos espacios legislativos permite fortalecer el di\u00e1logo institucional y aportar una mirada integral sobre las pol\u00edticas p\u00fablicas destinadas a las infancias y adolescencias, promoviendo acciones de prevenci\u00f3n, protecci\u00f3n y garant\u00eda de derechos en todo el territorio provincial.<\/p>\n<\/div>\n<\/div>\n<\/section>\n<aside class=\"ssi-block-side\">\n<aside class=\"a-gallery mt-2\">\n<div class=\"row g-3 ssigallery-frontend mt-3 row-cols-2 row-cols-sm-3 row-cols-md-3 row-cols-lg-4\">\n<div class=\"col-6 col-sm-4 col-md-4 col-lg-3 mt-0\"><a class=\"ssig-item\" href=\"https:\/\/noticias.santacruz.gob.ar\/media\/ssigallery\/articulos\/26431\/galeria\/IMG-20260904-WA0048.jpg\" data-ssig=\"1\" data-caption=\"\" data-fancybox=\"ssigallery-article-26431\"><img decoding=\"async\" class=\"img-fluid rounded lazyload\" data-src=\"https:\/\/noticias.santacruz.gob.ar\/media\/ssigallery\/articulos\/26431\/galeria\/thumbs\/IMG-20260904-WA0048.jpg\" alt=\"Luis Quiroga: \u201cEs importante que se conozcan las leyes y programas provinciales que atraviesan la vida de las infancias y adolescencias\u201d\" src=\"data:image\/svg+xml;base64,PHN2ZyB3aWR0aD0iMSIgaGVpZ2h0PSIxIiB4bWxucz0iaHR0cDovL3d3dy53My5vcmcvMjAwMC9zdmciPjwvc3ZnPg==\" \/><\/a><\/div>\n<div class=\"col-6 col-sm-4 col-md-4 col-lg-3 mt-0\"><a class=\"ssig-item\" href=\"https:\/\/noticias.santacruz.gob.ar\/media\/ssigallery\/articulos\/26431\/galeria\/IMG-20260904-WA0065.jpg\" data-ssig=\"1\" data-caption=\"\" data-fancybox=\"ssigallery-article-26431\"><img decoding=\"async\" class=\"img-fluid rounded lazyload\" data-src=\"https:\/\/noticias.santacruz.gob.ar\/media\/ssigallery\/articulos\/26431\/galeria\/thumbs\/IMG-20260904-WA0065.jpg\" alt=\"Luis Quiroga: \u201cEs importante que se conozcan las leyes y programas provinciales que atraviesan la vida de las infancias y adolescencias\u201d\" src=\"data:image\/svg+xml;base64,PHN2ZyB3aWR0aD0iMSIgaGVpZ2h0PSIxIiB4bWxucz0iaHR0cDovL3d3dy53My5vcmcvMjAwMC9zdmciPjwvc3ZnPg==\" \/><\/a><\/div>\n<\/div>\n<\/aside>\n<\/aside>\n<\/div>\n<\/div>\n","protected":false},"excerpt":{"rendered":"<p>04 de Septiembre 2026. El secretario de Estado de Ni\u00f1ez, Adolescencia y Familia particip\u00f3 del plenario de la Comisi\u00f3n de<\/p>\n","protected":false},"author":8,"featured_media":48248,"comment_status":"open","ping_status":"closed","sticky":false,"template":"","format":"standard","meta":{"footnotes":""},"categories":[1156],"tags":[],"class_list":["post-48247","post","type-post","status-publish","format-standard","has-post-thumbnail","hentry","category-ministerio-de-desarrollo-social"],"_links":{"self":[{"href":"https:\/\/ecosdelsur.com\/index.php?rest_route=\/wp\/v2\/posts\/48247","targetHints":{"allow":["GET"]}}],"collection":[{"href":"https:\/\/ecosdelsur.com\/index.php?rest_route=\/wp\/v2\/posts"}],"about":[{"href":"https:\/\/ecosdelsur.com\/index.php?rest_route=\/wp\/v2\/types\/post"}],"author":[{"embeddable":true,"href":"https:\/\/ecosdelsur.com\/index.php?rest_route=\/wp\/v2\/users\/8"}],"replies":[{"embeddable":true,"href":"https:\/\/ecosdelsur.com\/index.php?rest_route=%2Fwp%2Fv2%2Fcomments&post=48247"}],"version-history":[{"count":1,"href":"https:\/\/ecosdelsur.com\/index.php?rest_route=\/wp\/v2\/posts\/48247\/revisions"}],"predecessor-version":[{"id":48249,"href":"https:\/\/ecosdelsur.com\/index.php?rest_route=\/wp\/v2\/posts\/48247\/revisions\/48249"}],"wp:featuredmedia":[{"embeddable":true,"href":"https:\/\/ecosdelsur.com\/index.php?rest_route=\/wp\/v2\/media\/48248"}],"wp:attachment":[{"href":"https:\/\/ecosdelsur.com\/index.php?rest_route=%2Fwp%2Fv2%2Fmedia&parent=48247"}],"wp:term":[{"taxonomy":"category","embeddable":true,"href":"https:\/\/ecosdelsur.com\/index.php?rest_route=%2Fwp%2Fv2%2Fcategories&post=48247"},{"taxonomy":"post_tag","embeddable":true,"href":"https:\/\/ecosdelsur.com\/index.php?rest_route=%2Fwp%2Fv2%2Ftags&post=48247"}],"curies":[{"name":"wp","href":"https:\/\/api.w.org\/{rel}","templated":true}]}}