{"id":48244,"date":"2026-09-04T21:20:31","date_gmt":"2026-09-05T00:20:31","guid":{"rendered":"https:\/\/ecosdelsur.com\/?p=48244"},"modified":"2026-09-04T21:20:31","modified_gmt":"2026-09-05T00:20:31","slug":"entregaron-material-bibliografico-para-el-nivel-inicial-en-el-chalten-y-el-calafate","status":"publish","type":"post","link":"https:\/\/ecosdelsur.com\/?p=48244","title":{"rendered":"Entregaron material bibliogr\u00e1fico para el Nivel Inicial en El Chalt\u00e9n y El Calafate"},"content":{"rendered":"<p><span style=\"color: #ff0000;\">04 de Septiembre 2026. <\/span>En el marco del Plan Provincial de Alfabetizaci\u00f3n &#8220;Plen@&#8221;, el Consejo Provincial de Educaci\u00f3n (CPE) concret\u00f3 la presentaci\u00f3n y entrega formal de nuevo material bibliogr\u00e1fico dise\u00f1ado para estudiantes, docentes y familias del Nivel Inicial de El Chalt\u00e9n y Tres Lagos.<\/p>\n<div class=\"redes mb-3\">\n<div class=\"d-flex flex-wrap justify-content-between align-items-center gap-3 my-2 mx-1\">\n<section class=\"ssi-block-main mb-5\">\n<div class=\"mb-2\">\n<div class=\"article-full\">\n<p>Esta iniciativa estuvo encabezada por la directora general de Educaci\u00f3n Rural, Pamela Morales; la coordinadora general de Nivel Inicial,\u00a0<strong>Daniela Brooks<\/strong>; y la supervisora de Nivel Primario Rural<strong>, Norma Franco<\/strong>, quienes compartieron la actividad con equipos directivos, docentes y familias de la comunidad de ambas localidades.<\/p>\n<h2>Fortalecimiento pedag\u00f3gico y trabajo articulado<\/h2>\n<p>Al respecto, la directora Morales remarc\u00f3 que el objetivo central de la distribuci\u00f3n es poner a disposici\u00f3n de la comunidad educativa herramientas que unifiquen y gu\u00eden los procesos de\u00a0<strong>ense\u00f1anza y aprendizaje de la lengua escrita<\/strong>, tanto en el aula como en los hogares. En ese sentido, sostuvo que la llegada de estos materiales contribuye a saldar una deuda hist\u00f3rica al articular una mirada\u00a0<strong>compartida entre el Estado, la escuela y la familia<\/strong>, lo que transforma a la alfabetizaci\u00f3n temprana en una responsabilidad colectiva.<\/p>\n<p>Por su parte, Brooks se\u00f1al\u00f3 que con esta entrega se busca garantizar que cada ni\u00f1o desarrolle\u00a0<strong>el lenguaje oral, ampl\u00ede su vocabulario, comprenda textos y explore la escritura<\/strong>\u00a0contando siempre con el acompa\u00f1amiento activo de adultos mediadores. Por \u00faltimo, la supervisora Franco manifest\u00f3 que el nuevo recurso bibliogr\u00e1fico fortalece de forma directa la labor cotidiana de los docentes en las salas e\u00a0<strong>incentiva a los padres y tutores a involucrarse activamente en el recorrido lector de los alumnos<\/strong>.<\/p>\n<h2>Un amplio material para las salas y las familias<\/h2>\n<p><strong>La propuesta pedag\u00f3gica contempla un conjunto unificado de cinco t\u00edtulos pensados para los diferentes actores del proceso educativo:<\/strong><\/p>\n<p><strong>Alfabetizaci\u00f3n Temprana: Propuestas de trabajo para Sala de 4 a\u00f1os.<\/strong><\/p>\n<p><strong>Alfabetizaci\u00f3n Temprana: Propuestas de trabajo para Sala de 5 a\u00f1os.<\/strong><\/p>\n<p><strong>Alfabetizaci\u00f3n Temprana: Propuestas de trabajo con las Familias (un recurso in\u00e9dito dise\u00f1ado para integrar activamente el hogar en el desarrollo lector).<\/strong><\/p>\n<p><strong>Las obras literarias &#8220;La casa de Oscarcito&#8221; y &#8220;En la casa de Nayeli&#8221;, destinadas a enriquecer las bibliotecas institucionales.<\/strong><\/p>\n<p>Entre las comunidades educativas beneficiadas que recibieron este material para sus salas y bibliotecas se encuentra el\u00a0<strong>Jard\u00edn de Infantes N.\u00ba 46 &#8220;Los Huemules&#8221; de El Chalt\u00e9n y del Jard\u00edn de Infantes N\u00b0 27 &#8220;Soberan\u00eda Nacional&#8221;, de Tres Lagos.<\/strong><\/p>\n<h2>Respaldo cient\u00edfico y alianza estrat\u00e9gica<\/h2>\n<p>Durante la ceremonia se proyect\u00f3 un video institucional con el mensaje de\u00a0<strong>Celia Renata Rosemberg\u00a0<\/strong>\u2014investigadora principal del CONICET y especialista en lenguaje y desarrollo infantil\u2014, quien destac\u00f3 la solidez y el rigor cient\u00edfico que fundamentan la propuesta.<\/p>\n<p>Cabe recordar que la provincia de Santa Cruz integra la\u00a0<strong>Alianza Estrat\u00e9gica por la Alfabetizaci\u00f3n junto a la Fundaci\u00f3n P\u00e9rez Companc, Fundaci\u00f3n Natura, CGC, Latitud 45 y PCR<\/strong>, consolidando una labor articulada entre el sector p\u00fablico, el sector privado y la sociedad civil para generar m\u00e1s oportunidades e inclusi\u00f3n desde la primera infancia.<\/p>\n<\/div>\n<\/div>\n<\/section>\n<aside class=\"ssi-block-side\">\n<aside class=\"a-gallery mt-2\">\n<div class=\"row g-3 ssigallery-frontend mt-3 row-cols-2 row-cols-sm-3 row-cols-md-3 row-cols-lg-4\">\n<div class=\"col-6 col-sm-4 col-md-4 col-lg-3 mt-0\"><a class=\"ssig-item\" href=\"https:\/\/noticias.santacruz.gob.ar\/media\/ssigallery\/articulos\/26430\/galeria\/260904-ENTREGA_DE_LIBROS_CHALT__N_Y_TRES_LAGOS__11_.jpeg\" data-ssig=\"1\" data-caption=\"\" data-fancybox=\"ssigallery-article-26430\"><img decoding=\"async\" class=\"img-fluid rounded lazyload\" data-src=\"https:\/\/noticias.santacruz.gob.ar\/media\/ssigallery\/articulos\/26430\/galeria\/thumbs\/260904-ENTREGA_DE_LIBROS_CHALT__N_Y_TRES_LAGOS__11_.jpeg\" alt=\"Entregaron material bibliogr\u00e1fico para el Nivel Inicial en El Chalt\u00e9n y El Calafate\" src=\"data:image\/svg+xml;base64,PHN2ZyB3aWR0aD0iMSIgaGVpZ2h0PSIxIiB4bWxucz0iaHR0cDovL3d3dy53My5vcmcvMjAwMC9zdmciPjwvc3ZnPg==\" \/><\/a><\/div>\n<div class=\"col-6 col-sm-4 col-md-4 col-lg-3 mt-0\"><a class=\"ssig-item\" href=\"https:\/\/noticias.santacruz.gob.ar\/media\/ssigallery\/articulos\/26430\/galeria\/260904-ENTREGA_DE_LIBROS_CHALT__N_Y_TRES_LAGOS__12_.jpeg\" data-ssig=\"1\" data-caption=\"\" data-fancybox=\"ssigallery-article-26430\"><img decoding=\"async\" class=\"img-fluid rounded lazyload\" data-src=\"https:\/\/noticias.santacruz.gob.ar\/media\/ssigallery\/articulos\/26430\/galeria\/thumbs\/260904-ENTREGA_DE_LIBROS_CHALT__N_Y_TRES_LAGOS__12_.jpeg\" alt=\"Entregaron material bibliogr\u00e1fico para el Nivel Inicial en El Chalt\u00e9n y El Calafate\" src=\"data:image\/svg+xml;base64,PHN2ZyB3aWR0aD0iMSIgaGVpZ2h0PSIxIiB4bWxucz0iaHR0cDovL3d3dy53My5vcmcvMjAwMC9zdmciPjwvc3ZnPg==\" \/><\/a><\/div>\n<\/div>\n<\/aside>\n<\/aside>\n<\/div>\n<\/div>\n","protected":false},"excerpt":{"rendered":"<p>04 de Septiembre 2026. En el marco del Plan Provincial de Alfabetizaci\u00f3n &#8220;Plen@&#8221;, el Consejo Provincial de Educaci\u00f3n (CPE) concret\u00f3<\/p>\n","protected":false},"author":8,"featured_media":48245,"comment_status":"open","ping_status":"closed","sticky":false,"template":"","format":"standard","meta":{"footnotes":""},"categories":[89],"tags":[],"class_list":["post-48244","post","type-post","status-publish","format-standard","has-post-thumbnail","hentry","category-educacion"],"_links":{"self":[{"href":"https:\/\/ecosdelsur.com\/index.php?rest_route=\/wp\/v2\/posts\/48244","targetHints":{"allow":["GET"]}}],"collection":[{"href":"https:\/\/ecosdelsur.com\/index.php?rest_route=\/wp\/v2\/posts"}],"about":[{"href":"https:\/\/ecosdelsur.com\/index.php?rest_route=\/wp\/v2\/types\/post"}],"author":[{"embeddable":true,"href":"https:\/\/ecosdelsur.com\/index.php?rest_route=\/wp\/v2\/users\/8"}],"replies":[{"embeddable":true,"href":"https:\/\/ecosdelsur.com\/index.php?rest_route=%2Fwp%2Fv2%2Fcomments&post=48244"}],"version-history":[{"count":1,"href":"https:\/\/ecosdelsur.com\/index.php?rest_route=\/wp\/v2\/posts\/48244\/revisions"}],"predecessor-version":[{"id":48246,"href":"https:\/\/ecosdelsur.com\/index.php?rest_route=\/wp\/v2\/posts\/48244\/revisions\/48246"}],"wp:featuredmedia":[{"embeddable":true,"href":"https:\/\/ecosdelsur.com\/index.php?rest_route=\/wp\/v2\/media\/48245"}],"wp:attachment":[{"href":"https:\/\/ecosdelsur.com\/index.php?rest_route=%2Fwp%2Fv2%2Fmedia&parent=48244"}],"wp:term":[{"taxonomy":"category","embeddable":true,"href":"https:\/\/ecosdelsur.com\/index.php?rest_route=%2Fwp%2Fv2%2Fcategories&post=48244"},{"taxonomy":"post_tag","embeddable":true,"href":"https:\/\/ecosdelsur.com\/index.php?rest_route=%2Fwp%2Fv2%2Ftags&post=48244"}],"curies":[{"name":"wp","href":"https:\/\/api.w.org\/{rel}","templated":true}]}}