{"id":48241,"date":"2026-09-04T21:19:03","date_gmt":"2026-09-05T00:19:03","guid":{"rendered":"https:\/\/ecosdelsur.com\/?p=48241"},"modified":"2026-09-04T21:19:03","modified_gmt":"2026-09-05T00:19:03","slug":"docentes-de-santa-cruz-profundizan-su-formacion-en-aprendizaje-basado-en-proyectos","status":"publish","type":"post","link":"https:\/\/ecosdelsur.com\/?p=48241","title":{"rendered":"Docentes de Santa Cruz profundizan su formaci\u00f3n en Aprendizaje Basado en Proyectos"},"content":{"rendered":"<p><span style=\"color: #ff0000;\">04 de Septiembre 2026. <\/span>El Consejo Provincial de Educaci\u00f3n y la Fundaci\u00f3n Banco Santa Cruz contin\u00faan impulsando espacios de formaci\u00f3n y acompa\u00f1amiento para fortalecer la innovaci\u00f3n pedag\u00f3gica en las escuelas secundarias de la provincia.<\/p>\n<div class=\"redes mb-3\">\n<div class=\"d-flex flex-wrap justify-content-between align-items-center gap-3 my-2 mx-1\">\n<section class=\"ssi-block-main mb-5\">\n<div class=\"mb-2\">\n<div class=\"article-full\">\n<p>Docentes de las 17 escuelas secundarias que participan del programa\u00a0<em>Transformar la Secundaria<\/em>\u00a0se re\u00fanen en el Hotel Santa Cruz, en R\u00edo Gallegos, para participar de una nueva jornada presencial de formaci\u00f3n en\u00a0<strong>Aprendizaje Basado en Proyectos (ABP)<\/strong>.<\/p>\n<p>La actividad se desarrolla en el marco del trabajo articulado entre el\u00a0<strong>Consejo Provincial de Educaci\u00f3n<\/strong>\u00a0y la\u00a0<strong>Fundaci\u00f3n Banco Santa Cruz<\/strong>, que llevan adelante el programa acompa\u00f1ando a las instituciones educativas en sus procesos de mejora, innovaci\u00f3n y transformaci\u00f3n.<\/p>\n<figure class=\"ssi-inline-image my-3\"><img decoding=\"async\" class=\"img-fluid lazyload\" data-src=\"https:\/\/noticias.santacruz.gob.ar\/media\/ssigallery\/articulos\/26429\/inline\/260904-JORNADA_ABP__4_.jpg\" alt=\"Docentes de Santa Cruz profundizan su formaci\u00f3n en Aprendizaje Basado en Proyectos\" src=\"data:image\/svg+xml;base64,PHN2ZyB3aWR0aD0iMSIgaGVpZ2h0PSIxIiB4bWxucz0iaHR0cDovL3d3dy53My5vcmcvMjAwMC9zdmciPjwvc3ZnPg==\" \/><\/figure>\n<h2>Ense\u00f1anza basada en desaf\u00edos reales<\/h2>\n<p>La propuesta de formaci\u00f3n en ABP busca que los docentes puedan desarrollar experiencias de ense\u00f1anza que partan de problemas y desaf\u00edos vinculados con contextos reales, promoviendo un rol activo de los estudiantes y favoreciendo la integraci\u00f3n de saberes de diferentes espacios curriculares.<\/p>\n<h2>Etapas clave del desarrollo de proyectos<\/h2>\n<figure class=\"ssi-inline-image my-3\"><img decoding=\"async\" class=\"img-fluid lazyload\" data-src=\"https:\/\/noticias.santacruz.gob.ar\/media\/ssigallery\/articulos\/26429\/inline\/260904-JORNADA_ABP__8_.jpg\" alt=\"Docentes de Santa Cruz profundizan su formaci\u00f3n en Aprendizaje Basado en Proyectos\" src=\"data:image\/svg+xml;base64,PHN2ZyB3aWR0aD0iMSIgaGVpZ2h0PSIxIiB4bWxucz0iaHR0cDovL3d3dy53My5vcmcvMjAwMC9zdmciPjwvc3ZnPg==\" \/><\/figure>\n<p>Durante la jornada, los docentes profundizan en las distintas etapas que implica el desarrollo de un proyecto: la identificaci\u00f3n de una problem\u00e1tica, la construcci\u00f3n de preguntas que impulsen la indagaci\u00f3n, la articulaci\u00f3n interdisciplinaria, la planificaci\u00f3n de las actividades, el desarrollo de capacidades, la evaluaci\u00f3n y la definici\u00f3n de productos finales que permitan poner en acci\u00f3n y comunicar los aprendizajes alcanzados.<\/p>\n<p>El espacio combina instancias de formaci\u00f3n, an\u00e1lisis de propuestas, trabajo colaborativo y reflexi\u00f3n sobre las experiencias desarrolladas en las escuelas. Uno de los objetivos centrales es que los participantes puedan contextualizar las herramientas y propuestas de ABP a la realidad institucional, curricular y territorial de cada comunidad educativa.<\/p>\n<h2>Docentes referentes como motores del cambio<\/h2>\n<p>A su vez, los docentes participantes tienen un rol estrat\u00e9gico como referentes dentro de sus instituciones, ya que el recorrido formativo busca no solamente fortalecer sus propias pr\u00e1cticas de ense\u00f1anza, sino tambi\u00e9n favorecer el intercambio entre colegas y ampliar progresivamente la implementaci\u00f3n de propuestas interdisciplinarias en cada escuela.<\/p>\n<figure class=\"ssi-inline-image my-3\"><img decoding=\"async\" class=\"img-fluid lazyload\" data-src=\"https:\/\/noticias.santacruz.gob.ar\/media\/ssigallery\/articulos\/26429\/inline\/260904-JORNADA_ABP__5_.jpg\" alt=\"Docentes de Santa Cruz profundizan su formaci\u00f3n en Aprendizaje Basado en Proyectos\" src=\"data:image\/svg+xml;base64,PHN2ZyB3aWR0aD0iMSIgaGVpZ2h0PSIxIiB4bWxucz0iaHR0cDovL3d3dy53My5vcmcvMjAwMC9zdmciPjwvc3ZnPg==\" \/><\/figure>\n<h2>Consolidaci\u00f3n del programa y trabajo articulado<\/h2>\n<p>Esta formaci\u00f3n forma parte de una estrategia m\u00e1s amplia de\u00a0<em>Transformar la Secundaria<\/em>, que durante su tercer a\u00f1o busca profundizar y consolidar los procesos iniciados junto a las escuelas, fortaleciendo los aprendizajes, la innovaci\u00f3n pedag\u00f3gica, las trayectorias educativas y las capacidades institucionales.<\/p>\n<p>El trabajo conjunto entre el Consejo Provincial de Educaci\u00f3n, la Fundaci\u00f3n Banco Santa Cruz, las escuelas y sus comunidades educativas permite continuar construyendo propuestas situadas, que reconozcan las particularidades de cada territorio y generen oportunidades de aprendizaje cada vez m\u00e1s significativas para los estudiantes santacruce\u00f1os.<\/p>\n<\/div>\n<\/div>\n<\/section>\n<aside class=\"ssi-block-side\">\n<aside class=\"a-gallery mt-2\">\n<div class=\"row g-3 ssigallery-frontend mt-3 row-cols-2 row-cols-sm-3 row-cols-md-3 row-cols-lg-4\">\n<div class=\"col-6 col-sm-4 col-md-4 col-lg-3 mt-0\"><a class=\"ssig-item\" href=\"https:\/\/noticias.santacruz.gob.ar\/media\/ssigallery\/articulos\/26429\/galeria\/260904-JORNADA_ABP__2_.jpg\" data-ssig=\"1\" data-caption=\"\" data-fancybox=\"ssigallery-article-26429\"><img decoding=\"async\" class=\"img-fluid rounded lazyload\" data-src=\"https:\/\/noticias.santacruz.gob.ar\/media\/ssigallery\/articulos\/26429\/galeria\/thumbs\/260904-JORNADA_ABP__2_.jpg\" alt=\"Docentes de Santa Cruz profundizan su formaci\u00f3n en Aprendizaje Basado en Proyectos\" src=\"data:image\/svg+xml;base64,PHN2ZyB3aWR0aD0iMSIgaGVpZ2h0PSIxIiB4bWxucz0iaHR0cDovL3d3dy53My5vcmcvMjAwMC9zdmciPjwvc3ZnPg==\" \/><\/a><\/div>\n<div class=\"col-6 col-sm-4 col-md-4 col-lg-3 mt-0\"><a class=\"ssig-item\" href=\"https:\/\/noticias.santacruz.gob.ar\/media\/ssigallery\/articulos\/26429\/galeria\/260904-JORNADA_ABP__6_.jpg\" data-ssig=\"1\" data-caption=\"\" data-fancybox=\"ssigallery-article-26429\"><img decoding=\"async\" class=\"img-fluid rounded lazyload\" data-src=\"https:\/\/noticias.santacruz.gob.ar\/media\/ssigallery\/articulos\/26429\/galeria\/thumbs\/260904-JORNADA_ABP__6_.jpg\" alt=\"Docentes de Santa Cruz profundizan su formaci\u00f3n en Aprendizaje Basado en Proyectos\" src=\"data:image\/svg+xml;base64,PHN2ZyB3aWR0aD0iMSIgaGVpZ2h0PSIxIiB4bWxucz0iaHR0cDovL3d3dy53My5vcmcvMjAwMC9zdmciPjwvc3ZnPg==\" \/><\/a><\/div>\n<\/div>\n<\/aside>\n<\/aside>\n<\/div>\n<\/div>\n","protected":false},"excerpt":{"rendered":"<p>04 de Septiembre 2026. El Consejo Provincial de Educaci\u00f3n y la Fundaci\u00f3n Banco Santa Cruz contin\u00faan impulsando espacios de formaci\u00f3n<\/p>\n","protected":false},"author":8,"featured_media":48242,"comment_status":"open","ping_status":"closed","sticky":false,"template":"","format":"standard","meta":{"footnotes":""},"categories":[1094],"tags":[],"class_list":["post-48241","post","type-post","status-publish","format-standard","has-post-thumbnail","hentry","category-gobierno"],"_links":{"self":[{"href":"https:\/\/ecosdelsur.com\/index.php?rest_route=\/wp\/v2\/posts\/48241","targetHints":{"allow":["GET"]}}],"collection":[{"href":"https:\/\/ecosdelsur.com\/index.php?rest_route=\/wp\/v2\/posts"}],"about":[{"href":"https:\/\/ecosdelsur.com\/index.php?rest_route=\/wp\/v2\/types\/post"}],"author":[{"embeddable":true,"href":"https:\/\/ecosdelsur.com\/index.php?rest_route=\/wp\/v2\/users\/8"}],"replies":[{"embeddable":true,"href":"https:\/\/ecosdelsur.com\/index.php?rest_route=%2Fwp%2Fv2%2Fcomments&post=48241"}],"version-history":[{"count":1,"href":"https:\/\/ecosdelsur.com\/index.php?rest_route=\/wp\/v2\/posts\/48241\/revisions"}],"predecessor-version":[{"id":48243,"href":"https:\/\/ecosdelsur.com\/index.php?rest_route=\/wp\/v2\/posts\/48241\/revisions\/48243"}],"wp:featuredmedia":[{"embeddable":true,"href":"https:\/\/ecosdelsur.com\/index.php?rest_route=\/wp\/v2\/media\/48242"}],"wp:attachment":[{"href":"https:\/\/ecosdelsur.com\/index.php?rest_route=%2Fwp%2Fv2%2Fmedia&parent=48241"}],"wp:term":[{"taxonomy":"category","embeddable":true,"href":"https:\/\/ecosdelsur.com\/index.php?rest_route=%2Fwp%2Fv2%2Fcategories&post=48241"},{"taxonomy":"post_tag","embeddable":true,"href":"https:\/\/ecosdelsur.com\/index.php?rest_route=%2Fwp%2Fv2%2Ftags&post=48241"}],"curies":[{"name":"wp","href":"https:\/\/api.w.org\/{rel}","templated":true}]}}