{"id":48238,"date":"2026-09-04T21:17:34","date_gmt":"2026-09-05T00:17:34","guid":{"rendered":"https:\/\/ecosdelsur.com\/?p=48238"},"modified":"2026-09-04T21:17:34","modified_gmt":"2026-09-05T00:17:34","slug":"capacitacion-docente-en-matematica-nuevas-estrategias-para-el-aula","status":"publish","type":"post","link":"https:\/\/ecosdelsur.com\/?p=48238","title":{"rendered":"Capacitaci\u00f3n docente en Matem\u00e1tica: nuevas estrategias para el aula"},"content":{"rendered":"<p><span style=\"color: #ff0000;\">04 de Septiembre 2026. <\/span>En la Sala de Capacitaci\u00f3n del Banco Santa Cruz, docentes de Matem\u00e1tica de Ciclo Orientado de las 17 escuelas participantes de Transformar la Secundaria desarrollan una nueva jornada presencial de formaci\u00f3n, en el marco del trabajo conjunto entre el Consejo Provincial de Educaci\u00f3n y la Fundaci\u00f3n Banco Santa Cruz.<\/p>\n<div class=\"redes mb-3\">\n<div class=\"d-flex flex-wrap justify-content-between align-items-center gap-3 my-2 mx-1\">\n<section class=\"ssi-block-main mb-5\">\n<div class=\"mb-2\">\n<div class=\"article-full\">\n<p>La propuesta forma parte del Plan Integral de Matem\u00e1tica del programa y busca fortalecer la ense\u00f1anza de la disciplina mediante estrategias que permitan a los estudiantes comprender, argumentar, resolver problemas, analizar informaci\u00f3n y vincular los conocimientos matem\u00e1ticos con situaciones significativas.<\/p>\n<p>Durante la jornada, los docentes trabajan sobre\u00a0<strong>enfoques disciplinares y did\u00e1cticos<\/strong>\u00a0para la ense\u00f1anza de la\u00a0<strong>Matem\u00e1tica en el Ciclo Orientado<\/strong>, combinando momentos de formaci\u00f3n conceptual con actividades\u00a0<strong>pr\u00e1cticas, resoluci\u00f3n de problemas, an\u00e1lisis de propuestas y reflexi\u00f3n<\/strong>\u00a0sobre su implementaci\u00f3n en las aulas.<\/p>\n<h2>Estrategias integrales y aplicaci\u00f3n directa en el aula<\/h2>\n<p>La formaci\u00f3n pone especial \u00e9nfasis en que los docentes puedan trasladar lo trabajado a situaciones concretas de ense\u00f1anza. Por eso, las jornadas presenciales se articulan con\u00a0<strong>encuentros virtuales, implementaci\u00f3n de c\u00e1psulas did\u00e1cticas, espacios de trabajo institucional y an\u00e1lisis de evidencias\u00a0<\/strong>sobre los aprendizajes de los estudiantes.<\/p>\n<p>El recorrido busca, adem\u00e1s, fortalecer el trabajo colaborativo entre docentes y construir una comunidad profesional de aprendizaje que permita compartir experiencias, analizar dificultades y recuperar aquellas pr\u00e1cticas que generan mejores oportunidades de aprendizaje.<\/p>\n<h2>Consolidaci\u00f3n del programa y alianza estrat\u00e9gica<\/h2>\n<p>El fortalecimiento de los aprendizajes en Matem\u00e1tica constituye uno de los objetivos estrat\u00e9gicos de\u00a0<strong>Transformar la Secundaria<\/strong>. En este tercer a\u00f1o, el programa profundiza el acompa\u00f1amiento a las instituciones para que las estrategias desarrolladas puedan\u00a0<strong>consolidarse, sistematizarse<\/strong>\u00a0y formar parte de las pr\u00e1cticas habituales de cada escuela.<\/p>\n<p>Estas instancias son posibles a partir de la articulaci\u00f3n permanente entre el Consejo Provincial de Educaci\u00f3n y la\u00a0<strong>Fundaci\u00f3n Banco Santa Cruz<\/strong>, junto con los equipos directivos, supervisores y docentes que sostienen el trabajo en cada instituci\u00f3n.<\/p>\n<p>De esta manera, Transformar la Secundaria contin\u00faa recorriendo un camino compartido para fortalecer la ense\u00f1anza y generar mejores oportunidades de\u00a0<strong>aprendizaje para los estudiantes de Santa Cruz.<\/strong><\/p>\n<\/div>\n<\/div>\n<\/section>\n<aside class=\"ssi-block-side\">\n<aside class=\"a-gallery mt-2\">\n<div class=\"row g-3 ssigallery-frontend mt-3 row-cols-2 row-cols-sm-3 row-cols-md-3 row-cols-lg-4\">\n<div class=\"col-6 col-sm-4 col-md-4 col-lg-3 mt-0\"><a class=\"ssig-item\" href=\"https:\/\/noticias.santacruz.gob.ar\/media\/ssigallery\/articulos\/26427\/galeria\/260904-JORNADA_MATE_BSC__10_.jpg\" data-ssig=\"1\" data-caption=\"\" data-fancybox=\"ssigallery-article-26427\"><img decoding=\"async\" class=\"img-fluid rounded lazyload\" data-src=\"https:\/\/noticias.santacruz.gob.ar\/media\/ssigallery\/articulos\/26427\/galeria\/thumbs\/260904-JORNADA_MATE_BSC__10_.jpg\" alt=\"Capacitaci\u00f3n docente en Matem\u00e1tica: nuevas estrategias para el aula\" src=\"data:image\/svg+xml;base64,PHN2ZyB3aWR0aD0iMSIgaGVpZ2h0PSIxIiB4bWxucz0iaHR0cDovL3d3dy53My5vcmcvMjAwMC9zdmciPjwvc3ZnPg==\" \/><\/a><\/div>\n<div class=\"col-6 col-sm-4 col-md-4 col-lg-3 mt-0\"><a class=\"ssig-item\" href=\"https:\/\/noticias.santacruz.gob.ar\/media\/ssigallery\/articulos\/26427\/galeria\/260904-JORNADA_MATE_BSC__18_.JPG\" data-ssig=\"1\" data-caption=\"\" data-fancybox=\"ssigallery-article-26427\"><img decoding=\"async\" class=\"img-fluid rounded lazyload\" data-src=\"https:\/\/noticias.santacruz.gob.ar\/media\/ssigallery\/articulos\/26427\/galeria\/thumbs\/260904-JORNADA_MATE_BSC__18_.JPG\" alt=\"Capacitaci\u00f3n docente en Matem\u00e1tica: nuevas estrategias para el aula\" src=\"data:image\/svg+xml;base64,PHN2ZyB3aWR0aD0iMSIgaGVpZ2h0PSIxIiB4bWxucz0iaHR0cDovL3d3dy53My5vcmcvMjAwMC9zdmciPjwvc3ZnPg==\" \/><\/a><\/div>\n<\/div>\n<\/aside>\n<\/aside>\n<\/div>\n<\/div>\n","protected":false},"excerpt":{"rendered":"<p>04 de Septiembre 2026. En la Sala de Capacitaci\u00f3n del Banco Santa Cruz, docentes de Matem\u00e1tica de Ciclo Orientado de<\/p>\n","protected":false},"author":8,"featured_media":48239,"comment_status":"open","ping_status":"closed","sticky":false,"template":"","format":"standard","meta":{"footnotes":""},"categories":[89],"tags":[],"class_list":["post-48238","post","type-post","status-publish","format-standard","has-post-thumbnail","hentry","category-educacion"],"_links":{"self":[{"href":"https:\/\/ecosdelsur.com\/index.php?rest_route=\/wp\/v2\/posts\/48238","targetHints":{"allow":["GET"]}}],"collection":[{"href":"https:\/\/ecosdelsur.com\/index.php?rest_route=\/wp\/v2\/posts"}],"about":[{"href":"https:\/\/ecosdelsur.com\/index.php?rest_route=\/wp\/v2\/types\/post"}],"author":[{"embeddable":true,"href":"https:\/\/ecosdelsur.com\/index.php?rest_route=\/wp\/v2\/users\/8"}],"replies":[{"embeddable":true,"href":"https:\/\/ecosdelsur.com\/index.php?rest_route=%2Fwp%2Fv2%2Fcomments&post=48238"}],"version-history":[{"count":1,"href":"https:\/\/ecosdelsur.com\/index.php?rest_route=\/wp\/v2\/posts\/48238\/revisions"}],"predecessor-version":[{"id":48240,"href":"https:\/\/ecosdelsur.com\/index.php?rest_route=\/wp\/v2\/posts\/48238\/revisions\/48240"}],"wp:featuredmedia":[{"embeddable":true,"href":"https:\/\/ecosdelsur.com\/index.php?rest_route=\/wp\/v2\/media\/48239"}],"wp:attachment":[{"href":"https:\/\/ecosdelsur.com\/index.php?rest_route=%2Fwp%2Fv2%2Fmedia&parent=48238"}],"wp:term":[{"taxonomy":"category","embeddable":true,"href":"https:\/\/ecosdelsur.com\/index.php?rest_route=%2Fwp%2Fv2%2Fcategories&post=48238"},{"taxonomy":"post_tag","embeddable":true,"href":"https:\/\/ecosdelsur.com\/index.php?rest_route=%2Fwp%2Fv2%2Ftags&post=48238"}],"curies":[{"name":"wp","href":"https:\/\/api.w.org\/{rel}","templated":true}]}}