{"id":48234,"date":"2026-09-04T20:31:18","date_gmt":"2026-09-04T23:31:18","guid":{"rendered":"https:\/\/ecosdelsur.com\/?p=48234"},"modified":"2026-09-04T20:31:18","modified_gmt":"2026-09-04T23:31:18","slug":"promueven-capacitaciones-en-rcp-control-de-hemorragias-y-protocolo-stop-the-bleed-en-caleta-olivia","status":"publish","type":"post","link":"https:\/\/ecosdelsur.com\/?p=48234","title":{"rendered":"Promueven capacitaciones en RCP, control de hemorragias y protocolo Stop the Bleed en Caleta Olivia"},"content":{"rendered":"<p><span style=\"color: #ff0000;\">04 de Septiembre 2026. <span style=\"color: #333333;\">Estudiantes del CPES N\u00ba 22 participaron de una jornada instructiva sobre Reanimaci\u00f3n Cardiopulmonar y el protocolo &#8220;Stop the Bleed&#8221;, enmarcada en el trabajo interinstitucional y la normativa educativa vigente.<\/span><\/span><\/p>\n<p>El Gobierno de la Provincia de Santa Cruz, a trav\u00e9s del Consejo Provincial de Educaci\u00f3n, promueve de forma constante instancias de formaci\u00f3n destinadas a dotar a la comunidad educativa de saberes indispensables para la prevenci\u00f3n y la primera atenci\u00f3n ante situaciones de riesgo. En este marco, estudiantes del Ciclo B\u00e1sico y del Ciclo Orientado del CPES N\u00ba 22 de Caleta Olivia se sumaron a una capacitaci\u00f3n pr\u00e1ctica y te\u00f3rica sobre Reanimaci\u00f3n Cardiopulmonar (RCP) y el programa de control de hemorragias &#8220;Stop the Bleed&#8221;.<\/p>\n<h2>Un proyecto interinstitucional para la salud y la prevenci\u00f3n<\/h2>\n<p>La propuesta responde a un proyecto de articulaci\u00f3n interinstitucional dise\u00f1ado bajo los lineamientos de la Resoluci\u00f3n N.\u00ba 1962\/26, cuyo eje primordial radica en la preparaci\u00f3n de los j\u00f3venes para responder eficazmente en los primeros minutos de una emergencia, tanto en el \u00e1mbito escolar como en la v\u00eda p\u00fablica.<\/p>\n<h2>Instrucci\u00f3n a cargo de profesionales capacitados<\/h2>\n<p>El dictado del taller estuvo a cargo de un equipo de especialistas de la Cl\u00ednica Cruz del Sur, integrado por los Instructores en RCP y STOP THE BLEED,\u00a0<strong>Adri\u00e1n Fern\u00e1nde;\u00a0Rodolfo Yapura y por\u00a0Josefina Mart\u00ednez,\u00a0<\/strong>quien adem\u00e1s es instructora en rescate en altura y espacios confinados, e integrante del Grupo TOPO de Argentina.<\/p>\n<p>A trav\u00e9s de demostraciones pr\u00e1cticas y ejercicios guiados, las y los estudiantes adquirieron destrezas en maniobras de reanimaci\u00f3n y t\u00e9cnicas para la contenci\u00f3n de sangrados cr\u00edticos, fortaleciendo el compromiso del sistema educativo con la seguridad, la prevenci\u00f3n y la protecci\u00f3n de la vida.<\/p>\n","protected":false},"excerpt":{"rendered":"<p>04 de Septiembre 2026. Estudiantes del CPES N\u00ba 22 participaron de una jornada instructiva sobre Reanimaci\u00f3n Cardiopulmonar y el protocolo<\/p>\n","protected":false},"author":8,"featured_media":48235,"comment_status":"open","ping_status":"closed","sticky":false,"template":"","format":"standard","meta":{"footnotes":""},"categories":[89],"tags":[],"class_list":["post-48234","post","type-post","status-publish","format-standard","has-post-thumbnail","hentry","category-educacion"],"_links":{"self":[{"href":"https:\/\/ecosdelsur.com\/index.php?rest_route=\/wp\/v2\/posts\/48234","targetHints":{"allow":["GET"]}}],"collection":[{"href":"https:\/\/ecosdelsur.com\/index.php?rest_route=\/wp\/v2\/posts"}],"about":[{"href":"https:\/\/ecosdelsur.com\/index.php?rest_route=\/wp\/v2\/types\/post"}],"author":[{"embeddable":true,"href":"https:\/\/ecosdelsur.com\/index.php?rest_route=\/wp\/v2\/users\/8"}],"replies":[{"embeddable":true,"href":"https:\/\/ecosdelsur.com\/index.php?rest_route=%2Fwp%2Fv2%2Fcomments&post=48234"}],"version-history":[{"count":1,"href":"https:\/\/ecosdelsur.com\/index.php?rest_route=\/wp\/v2\/posts\/48234\/revisions"}],"predecessor-version":[{"id":48236,"href":"https:\/\/ecosdelsur.com\/index.php?rest_route=\/wp\/v2\/posts\/48234\/revisions\/48236"}],"wp:featuredmedia":[{"embeddable":true,"href":"https:\/\/ecosdelsur.com\/index.php?rest_route=\/wp\/v2\/media\/48235"}],"wp:attachment":[{"href":"https:\/\/ecosdelsur.com\/index.php?rest_route=%2Fwp%2Fv2%2Fmedia&parent=48234"}],"wp:term":[{"taxonomy":"category","embeddable":true,"href":"https:\/\/ecosdelsur.com\/index.php?rest_route=%2Fwp%2Fv2%2Fcategories&post=48234"},{"taxonomy":"post_tag","embeddable":true,"href":"https:\/\/ecosdelsur.com\/index.php?rest_route=%2Fwp%2Fv2%2Ftags&post=48234"}],"curies":[{"name":"wp","href":"https:\/\/api.w.org\/{rel}","templated":true}]}}